{"id":5719,"date":"2023-01-04T10:14:54","date_gmt":"2023-01-04T13:14:54","guid":{"rendered":"https:\/\/aguaslindasnoticias.com.br\/index.php\/2023\/01\/04\/pl-cria-gratificacao-para-medicos-temporarios-e-atualiza-beneficio-da-vigilancia-sanitaria\/"},"modified":"2023-01-04T10:14:54","modified_gmt":"2023-01-04T13:14:54","slug":"pl-cria-gratificacao-para-medicos-temporarios-e-atualiza-beneficio-da-vigilancia-sanitaria","status":"publish","type":"post","link":"https:\/\/aguaslindasnoticias.com.br\/index.php\/2023\/01\/04\/pl-cria-gratificacao-para-medicos-temporarios-e-atualiza-beneficio-da-vigilancia-sanitaria\/","title":{"rendered":"PL cria gratifica\u00e7\u00e3o para m\u00e9dicos tempor\u00e1rios e atualiza benef\u00edcio da vigil\u00e2ncia sanit\u00e1ria"},"content":{"rendered":"\n<p>Foto: Tony Winston\/Ag\u00eancia Sa\u00fade<\/p>\n\n\n\n<figure class=\"wp-block-image\"><img decoding=\"async\" src=\"https:\/\/www.cl.df.gov.br\/documents\/10162\/25630419\/Atendimento-em-Unidade-Basica-de-Saude-do-DF.-Foto-Tony-Winston-Agencia-Saude-DF.jpg\/30e0910b-57a3-d8bf-764e-6d2c7b065085?t=1656544903194\" alt=\"Proposta tem por finalidade diminuir a diferen\u00e7a de remunera\u00e7\u00e3o paga aos profissionais contratados em rela\u00e7\u00e3o \u00e0 remunera\u00e7\u00e3o inicial a que tem direito os integrantes da carreira M\u00e9dica\"\/><\/figure>\n\n\n\n<figure class=\"wp-block-image size-large\"><img decoding=\"async\" src=\"http:\/\/claricegulyas.com.br\/wp-content\/uploads\/2022\/06\/Atendimento-em-Unidade-Basica-de-Saude-do-DF.-Foto-Tony-Winston-Agencia-Saude-DF-1-1024x694.jpg\" alt=\"\" class=\"wp-image-10480\"\/><\/figure>\n\n\n\n<p>Os deputados distritais aprovaram na noite desta quarta-feira (29) o projeto de lei n\u00ba 2873\/2022, do Executivo, que institui a Gratifica\u00e7\u00e3o de Incentivo ao Servi\u00e7o Tempor\u00e1rio de M\u00e9dico, a ser paga aos M\u00e9dicos contratados temporariamente. O benef\u00edcio ser\u00e1 pago aos m\u00e9dicos de qualquer especialidade, no percentual de 25% do vencimento b\u00e1sico inicial da carreira M\u00e9dica.&nbsp;<\/p>\n\n\n\n<p>De acordo com a justificativa do governo, a proposta tem por finalidade diminuir a diferen\u00e7a de remunera\u00e7\u00e3o paga aos profissionais contratados em rela\u00e7\u00e3o \u00e0 remunera\u00e7\u00e3o inicial a que tem direito os integrantes da carreira M\u00e9dica, correspondente \u00e0 carga hor\u00e1ria de 20 (vinte) horas semanais.<\/p>\n\n\n\n<p>\u201cApesar de todos os esfor\u00e7os envidados pela secretaria de Estado de Sa\u00fade, visando recompor a for\u00e7a de trabalho por meio de contrato tempor\u00e1rio, os processos seletivos t\u00eam sido frustrados pela baixa ades\u00e3o dos profissionais m\u00e9dicos, o que gira em torno de 23% apenas, conforme dados retirados dos \u00faltimos processos realizados por aquela Pasta, sendo que, a principal causa do desinteresse dos candidatos \u00e9 a defasada remunera\u00e7\u00e3o oferecida em compara\u00e7\u00e3o \u00e0quela paga aos servidores de carreira e as praticadas no mercado de trabalho\u201d, argumenta o GDF.<\/p>\n\n\n\n<p><strong>Vigil\u00e2ncia Sanit\u00e1ria<\/strong><\/p>\n\n\n\n<p>Uma emenda aprovada ao texto original do projeto atualiza o valor da Gratifica\u00e7\u00e3o de Atividade de Vigil\u00e2ncia Sanit\u00e1ria (GAV) de R$ 400 para R$ 2 mil, a partir de 1\u00ba de julho de 2022.&nbsp;<\/p>\n\n\n\n<p>Segundo os deputados Roosevelt Vilela (PL), Agaciel Maia (PL), Jorge Vianna (PSD), autores da emenda, o objetivo da iniciativa \u00e9 \u201creconhecer e valorizar o trabalho de excel\u00eancia desempenhado pelos servidores da Carreira de Pol\u00edticas P\u00fablicas e Gest\u00e3o Governamental &#8211; PPGG no \u00e2mbito da subsecretaria de Vigil\u00e2ncia \u00e0 Sa\u00fade, da secretaria de Sa\u00fade\u201d.&nbsp;<\/p>\n\n\n\n<p><strong>Lu\u00eds Cl\u00e1udio Alves &#8211; Ag\u00eancia CLDF<\/strong><\/p>\n","protected":false},"excerpt":{"rendered":"<p>Foto: Tony Winston\/Ag\u00eancia Sa\u00fade Os deputados distritais aprovaram na noite desta quarta-feira (29) o projeto de lei n\u00ba 2873\/2022, do Executivo, que institui a Gratifica\u00e7\u00e3o de Incentivo ao Servi\u00e7o Tempor\u00e1rio de M\u00e9dico, a ser paga aos M\u00e9dicos contratados temporariamente. O benef\u00edcio ser\u00e1 pago aos m\u00e9dicos de qualquer especialidade, no percentual de 25% do vencimento b\u00e1sico [&hellip;]<\/p>\n","protected":false},"author":1,"featured_media":0,"comment_status":"open","ping_status":"open","sticky":false,"template":"","format":"standard","meta":{"footnotes":""},"categories":[],"tags":[],"class_list":["post-5719","post","type-post","status-publish","format-standard","hentry"],"_links":{"self":[{"href":"https:\/\/aguaslindasnoticias.com.br\/index.php\/wp-json\/wp\/v2\/posts\/5719","targetHints":{"allow":["GET"]}}],"collection":[{"href":"https:\/\/aguaslindasnoticias.com.br\/index.php\/wp-json\/wp\/v2\/posts"}],"about":[{"href":"https:\/\/aguaslindasnoticias.com.br\/index.php\/wp-json\/wp\/v2\/types\/post"}],"author":[{"embeddable":true,"href":"https:\/\/aguaslindasnoticias.com.br\/index.php\/wp-json\/wp\/v2\/users\/1"}],"replies":[{"embeddable":true,"href":"https:\/\/aguaslindasnoticias.com.br\/index.php\/wp-json\/wp\/v2\/comments?post=5719"}],"version-history":[{"count":0,"href":"https:\/\/aguaslindasnoticias.com.br\/index.php\/wp-json\/wp\/v2\/posts\/5719\/revisions"}],"wp:attachment":[{"href":"https:\/\/aguaslindasnoticias.com.br\/index.php\/wp-json\/wp\/v2\/media?parent=5719"}],"wp:term":[{"taxonomy":"category","embeddable":true,"href":"https:\/\/aguaslindasnoticias.com.br\/index.php\/wp-json\/wp\/v2\/categories?post=5719"},{"taxonomy":"post_tag","embeddable":true,"href":"https:\/\/aguaslindasnoticias.com.br\/index.php\/wp-json\/wp\/v2\/tags?post=5719"}],"curies":[{"name":"wp","href":"https:\/\/api.w.org\/{rel}","templated":true}]}}