{"id":5717,"date":"2023-01-04T10:14:47","date_gmt":"2023-01-04T13:14:47","guid":{"rendered":"https:\/\/aguaslindasnoticias.com.br\/index.php\/2023\/01\/04\/rua-do-lazer-sera-estendida-a-todas-as-regioes-administrativas\/"},"modified":"2023-01-04T10:14:47","modified_gmt":"2023-01-04T13:14:47","slug":"rua-do-lazer-sera-estendida-a-todas-as-regioes-administrativas","status":"publish","type":"post","link":"https:\/\/aguaslindasnoticias.com.br\/index.php\/2023\/01\/04\/rua-do-lazer-sera-estendida-a-todas-as-regioes-administrativas\/","title":{"rendered":"Rua do Lazer ser\u00e1 estendida a todas as regi\u00f5es administrativas"},"content":{"rendered":"\n<p>Di\u00e1rio Oficial publica decreto que possibilita a amplia\u00e7\u00e3o de espa\u00e7os ao ar livre para lazer e a pr\u00e1tica esportiva e cultural em todo o DF<\/p>\n\n\n\n<p>Ag\u00eancia Bras\u00edlia* | Edi\u00e7\u00e3o: Chico Neto&nbsp;Publicado no <em>Di\u00e1rio Oficial do Distrito Federal<\/em>&nbsp;(DODF) desta ter\u00e7a-feira (28) o&nbsp;<a href=\"http:\/\/www.agenciabrasilia.df.gov.br\/wp-conteudo\/uploads\/2022\/06\/Rua-do-Lazer.pdf\" target=\"_blank\" rel=\"noreferrer noopener\">Decreto n\u00ba 43.485<\/a>, que institui o programa Rua do Lazer em todas as regi\u00f5es administrativas do DF. J\u00e1 implantada no Eix\u00e3o e no Parano\u00e1, a iniciativa possibilita a amplia\u00e7\u00e3o de espa\u00e7os a c\u00e9u aberto para a realiza\u00e7\u00e3o de exerc\u00edcios f\u00edsicos e pr\u00e1ticas esportivas e, naturalmente, lazer \u00e0 comunidade em geral.<\/p>\n\n\n\n<figure class=\"wp-block-image\"><img decoding=\"async\" src=\"http:\/\/www.agenciabrasilia.df.gov.br\/wp-conteudo\/uploads\/2022\/06\/WhatsApp-Image-2022-06-28-at-11.32.35.jpeg\" alt=\"\" class=\"wp-image-420636\"\/><figcaption>Assim como j\u00e1 ocorre no Eix\u00e3o, programa poder\u00e1 contemplar mais logradouros do DF aos domingos e feriados | Foto: Joel Rodrigues\/Ag\u00eancia Bras\u00edlia<\/figcaption><\/figure>\n\n\n\n<p>Coordenado pela Secretaria de Esporte e Lazer (SEL), o programa estabelece o fechamento de vias p\u00fablicas para pr\u00e1tica de atividades f\u00edsicas, lazer e cultura. Administra\u00e7\u00f5es regionais interessadas podem requerer a implementa\u00e7\u00e3o da atividade por meio do Sistema Eletr\u00f4nico de Informa\u00e7\u00f5es (SEI).<\/p>\n\n\n\n<p>\u201cAo possibilitar o acesso gratuito da popula\u00e7\u00e3o a locais prop\u00edcios para a pr\u00e1tica de atividades f\u00edsicas, estamos democratizando o esporte e levando mais qualidade de vida e sa\u00fade para a popula\u00e7\u00e3o\u201d, afirma a secret\u00e1ria de esporte e lazer Giselle Ferreira.<\/p>\n\n\n\n<p>O processo de solicita\u00e7\u00e3o de implanta\u00e7\u00e3o passar\u00e1 por an\u00e1lise do corpo t\u00e9cnico de \u00f3rg\u00e3os como DF Legal, Secretaria de Transporte e Mobilidade (Semob), Secretaria de Seguran\u00e7a P\u00fablica (SSP) e Departamento de Estradas de Rodagem (DER), que v\u00e3o ajudar a definir os melhores pontos para o programa em cada regi\u00e3o.<\/p>\n\n\n\n<p>A Rua do Lazer inclui fechamento de pontos espec\u00edficos aos domingos e feriados, das 6h \u00e0s 17h, desde que a opera\u00e7\u00e3o seja requerida com anteced\u00eancia m\u00ednima de 30 dias. O tr\u00e2nsito de ve\u00edculos no local ser\u00e1 proibido durante o hor\u00e1rio de funcionamento do programa, e o uso de sinaliza\u00e7\u00e3o vi\u00e1ria para bloqueio da via \u00e9 obrigat\u00f3rio.<\/p>\n\n\n\n<p>*<em>Com informa\u00e7\u00f5es da Secretaria de Esporte e Lazer<\/em><\/p>\n","protected":false},"excerpt":{"rendered":"<p>Di\u00e1rio Oficial publica decreto que possibilita a amplia\u00e7\u00e3o de espa\u00e7os ao ar livre para lazer e a pr\u00e1tica esportiva e cultural em todo o DF Ag\u00eancia Bras\u00edlia* | Edi\u00e7\u00e3o: Chico Neto&nbsp;Publicado no Di\u00e1rio Oficial do Distrito Federal&nbsp;(DODF) desta ter\u00e7a-feira (28) o&nbsp;Decreto n\u00ba 43.485, que institui o programa Rua do Lazer em todas as regi\u00f5es administrativas [&hellip;]<\/p>\n","protected":false},"author":1,"featured_media":0,"comment_status":"open","ping_status":"open","sticky":false,"template":"","format":"standard","meta":{"footnotes":""},"categories":[],"tags":[],"class_list":["post-5717","post","type-post","status-publish","format-standard","hentry"],"_links":{"self":[{"href":"https:\/\/aguaslindasnoticias.com.br\/index.php\/wp-json\/wp\/v2\/posts\/5717","targetHints":{"allow":["GET"]}}],"collection":[{"href":"https:\/\/aguaslindasnoticias.com.br\/index.php\/wp-json\/wp\/v2\/posts"}],"about":[{"href":"https:\/\/aguaslindasnoticias.com.br\/index.php\/wp-json\/wp\/v2\/types\/post"}],"author":[{"embeddable":true,"href":"https:\/\/aguaslindasnoticias.com.br\/index.php\/wp-json\/wp\/v2\/users\/1"}],"replies":[{"embeddable":true,"href":"https:\/\/aguaslindasnoticias.com.br\/index.php\/wp-json\/wp\/v2\/comments?post=5717"}],"version-history":[{"count":0,"href":"https:\/\/aguaslindasnoticias.com.br\/index.php\/wp-json\/wp\/v2\/posts\/5717\/revisions"}],"wp:attachment":[{"href":"https:\/\/aguaslindasnoticias.com.br\/index.php\/wp-json\/wp\/v2\/media?parent=5717"}],"wp:term":[{"taxonomy":"category","embeddable":true,"href":"https:\/\/aguaslindasnoticias.com.br\/index.php\/wp-json\/wp\/v2\/categories?post=5717"},{"taxonomy":"post_tag","embeddable":true,"href":"https:\/\/aguaslindasnoticias.com.br\/index.php\/wp-json\/wp\/v2\/tags?post=5717"}],"curies":[{"name":"wp","href":"https:\/\/api.w.org\/{rel}","templated":true}]}}