{"id":5716,"date":"2023-01-04T10:14:47","date_gmt":"2023-01-04T13:14:47","guid":{"rendered":"https:\/\/aguaslindasnoticias.com.br\/index.php\/2023\/01\/04\/criada-escola-distrital-para-formar-profissionais-do-sistema-socioeducativo\/"},"modified":"2023-01-04T10:14:47","modified_gmt":"2023-01-04T13:14:47","slug":"criada-escola-distrital-para-formar-profissionais-do-sistema-socioeducativo","status":"publish","type":"post","link":"https:\/\/aguaslindasnoticias.com.br\/index.php\/2023\/01\/04\/criada-escola-distrital-para-formar-profissionais-do-sistema-socioeducativo\/","title":{"rendered":"Criada escola distrital para formar profissionais do sistema socioeducativo"},"content":{"rendered":"\n<p>Iniciativa tem o objetivo de promover a capacita\u00e7\u00e3o continuada de agentes e auxiliares vinculados \u00e0 Secretaria de Justi\u00e7a<\/p>\n\n\n\n<p>Ag\u00eancia Bras\u00edlia* I Edi\u00e7\u00e3o: D\u00e9bora Cronemberger&nbsp;Uma nova escola vai promover, no DF,&nbsp; a forma\u00e7\u00e3o continuada dos profissionais envolvidos no atendimento socioeducativo, como agentes, especialistas, t\u00e9cnicos e auxiliares. A Escola Distrital de Socioeduca\u00e7\u00e3o foi criada pelo <a href=\"http:\/\/www.agenciabrasilia.df.gov.br\/wp-conteudo\/uploads\/2022\/06\/Escola.pdf\" target=\"_blank\" rel=\"noreferrer noopener\">Decreto n\u00ba 43.483<\/a>, publicado no&nbsp;<em>Di\u00e1rio Oficial do DF<\/em>&nbsp;(DODF) nesta ter\u00e7a-feira (28), e ser\u00e1 vinculada \u00e0 Subsecretaria do Sistema Socioeducativo (Subsis), da Secretaria de Justi\u00e7a e Cidadania (Sejus).<\/p>\n\n\n\n<figure class=\"wp-block-image\"><img decoding=\"async\" src=\"http:\/\/www.agenciabrasilia.df.gov.br\/wp-conteudo\/uploads\/2022\/06\/WhatsApp-Image-2022-06-29-at-08.39.33.jpeg\" alt=\"\" class=\"wp-image-421071\"\/><figcaption>Escola Distrital de Socioeduca\u00e7\u00e3o vai atuar pela forma\u00e7\u00e3o continuada dos profissionais envolvidos no atendimento socioeducativo no Distrito Federal | Foto: Divulga\u00e7\u00e3o\/Sejus<\/figcaption><\/figure>\n\n\n\n<p>\u201cA cria\u00e7\u00e3o da escola representa uma enorme conquista para a carreira socioeducativa, com a miss\u00e3o de&nbsp; executar e coordenar a\u00e7\u00f5es relativas \u00e0 pol\u00edtica de treinamento, desenvolvimento e educa\u00e7\u00e3o dos mais de dois mil servidores da carreira socioeducativa\u201d, comemora o secret\u00e1rio de Justi\u00e7a e Cidadania, Jaime Santana.<\/p>\n\n\n\n<p>Este ano, em projeto-piloto da escola, foi realizado um curso, com 100 horas\/aula, sobre socioeduca\u00e7\u00e3o como meio de responsabiliza\u00e7\u00e3o e emancipa\u00e7\u00e3o de adolescentes. Tamb\u00e9m houve treinamento em defesa pessoal e curso de ambienta\u00e7\u00e3o, oferecidos aos 130 novos servidores da carreira socioeducativa.<\/p>\n\n\n\n<p>\u201cA Subsecretaria do Sistema Socioeducativo d\u00e1 mais um passo para a garantia da capacita\u00e7\u00e3o t\u00e9cnica, operacional e cient\u00edfica de seus servidores, por meio de a\u00e7\u00f5es formativas que se dar\u00e3o de forma cont\u00ednua e permanente, com vistas \u00e0 constru\u00e7\u00e3o de novas pr\u00e1ticas socioeducativas, garantidoras de processos de responsabiliza\u00e7\u00e3o e atentas aos princ\u00edpios dos direitos humanos\u201d, afirma o subsecret\u00e1rio Demonti\u00ea Alves.<\/p>\n\n\n\n<p>A escola ser\u00e1 respons\u00e1vel por manter rela\u00e7\u00f5es de parceria com institui\u00e7\u00f5es de ensino superior e pela operacionaliza\u00e7\u00e3o da pol\u00edtica de est\u00e1gio, encaminhando estudantes de forma\u00e7\u00f5es como psicologia, servi\u00e7o social e pedagogia para a pr\u00e1tica profissional nas diferentes unidades executoras das medidas socioeducativas.<\/p>\n\n\n\n<p>As legisla\u00e7\u00f5es envolvidas na cria\u00e7\u00e3o da nova escola s\u00e3o a Lei do Sistema Nacional de Atendimento Socioeducativo (Sinase) \u2013 Lei n\u00ba 12.594\/2012 \u2013 e o Plano Distrital Decenal de Socioeduca\u00e7\u00e3o, al\u00e9m da Resolu\u00e7\u00e3o n\u00ba 119, de 2006, do Conselho Nacional dos Direitos da Crian\u00e7a e do Adolescente (Conanda), que disp\u00f5e sobre o Sinase.<\/p>\n\n\n\n<p><em>*Com informa\u00e7\u00f5es da Sejus<\/em><\/p>\n","protected":false},"excerpt":{"rendered":"<p>Iniciativa tem o objetivo de promover a capacita\u00e7\u00e3o continuada de agentes e auxiliares vinculados \u00e0 Secretaria de Justi\u00e7a Ag\u00eancia Bras\u00edlia* I Edi\u00e7\u00e3o: D\u00e9bora Cronemberger&nbsp;Uma nova escola vai promover, no DF,&nbsp; a forma\u00e7\u00e3o continuada dos profissionais envolvidos no atendimento socioeducativo, como agentes, especialistas, t\u00e9cnicos e auxiliares. A Escola Distrital de Socioeduca\u00e7\u00e3o foi criada pelo Decreto n\u00ba [&hellip;]<\/p>\n","protected":false},"author":1,"featured_media":0,"comment_status":"open","ping_status":"open","sticky":false,"template":"","format":"standard","meta":{"footnotes":""},"categories":[],"tags":[],"class_list":["post-5716","post","type-post","status-publish","format-standard","hentry"],"_links":{"self":[{"href":"https:\/\/aguaslindasnoticias.com.br\/index.php\/wp-json\/wp\/v2\/posts\/5716","targetHints":{"allow":["GET"]}}],"collection":[{"href":"https:\/\/aguaslindasnoticias.com.br\/index.php\/wp-json\/wp\/v2\/posts"}],"about":[{"href":"https:\/\/aguaslindasnoticias.com.br\/index.php\/wp-json\/wp\/v2\/types\/post"}],"author":[{"embeddable":true,"href":"https:\/\/aguaslindasnoticias.com.br\/index.php\/wp-json\/wp\/v2\/users\/1"}],"replies":[{"embeddable":true,"href":"https:\/\/aguaslindasnoticias.com.br\/index.php\/wp-json\/wp\/v2\/comments?post=5716"}],"version-history":[{"count":0,"href":"https:\/\/aguaslindasnoticias.com.br\/index.php\/wp-json\/wp\/v2\/posts\/5716\/revisions"}],"wp:attachment":[{"href":"https:\/\/aguaslindasnoticias.com.br\/index.php\/wp-json\/wp\/v2\/media?parent=5716"}],"wp:term":[{"taxonomy":"category","embeddable":true,"href":"https:\/\/aguaslindasnoticias.com.br\/index.php\/wp-json\/wp\/v2\/categories?post=5716"},{"taxonomy":"post_tag","embeddable":true,"href":"https:\/\/aguaslindasnoticias.com.br\/index.php\/wp-json\/wp\/v2\/tags?post=5716"}],"curies":[{"name":"wp","href":"https:\/\/api.w.org\/{rel}","templated":true}]}}