{"id":5714,"date":"2023-01-04T10:14:47","date_gmt":"2023-01-04T13:14:47","guid":{"rendered":"https:\/\/aguaslindasnoticias.com.br\/index.php\/2023\/01\/04\/escolas-de-brazlandia-podem-receber-nomes-de-mulheres-dedicadas-a-causa-educacional-na-regiao\/"},"modified":"2023-01-04T10:14:47","modified_gmt":"2023-01-04T13:14:47","slug":"escolas-de-brazlandia-podem-receber-nomes-de-mulheres-dedicadas-a-causa-educacional-na-regiao","status":"publish","type":"post","link":"https:\/\/aguaslindasnoticias.com.br\/index.php\/2023\/01\/04\/escolas-de-brazlandia-podem-receber-nomes-de-mulheres-dedicadas-a-causa-educacional-na-regiao\/","title":{"rendered":"Escolas de Brazl\u00e2ndia podem receber nomes de mulheres dedicadas \u00e0 causa educacional na regi\u00e3o"},"content":{"rendered":"\n<p>Foto: Reprodu\u00e7\u00e3o\/TV C\u00e2mara Distrital<\/p>\n\n\n\n<figure class=\"wp-block-image size-large\"><img decoding=\"async\" src=\"http:\/\/claricegulyas.com.br\/wp-content\/uploads\/2022\/06\/AP1-1024x576.jpg\" alt=\"\" class=\"wp-image-10465\"\/><\/figure>\n\n\n\n<figure class=\"wp-block-image\"><img decoding=\"async\" src=\"https:\/\/www.cl.df.gov.br\/documents\/10162\/25901628\/AP%281%29.jpg\/0f6859a8-1246-8caf-96c2-8d04de6631fb?t=1656357458068\" alt=\"O deputado Iolando enfatizou que a proposta das homenagens partiu da pr\u00f3pria comunidade escolar de Brazl\u00e2ndia e destacou a dedica\u00e7\u00e3o das tr\u00eas homenageadas em prol da causa educacional\"\/><\/figure>\n\n\n\n<p>Tr\u00eas estabelecimentos da rede p\u00fablica de ensino localizados em Brazl\u00e2ndia poder\u00e3o receber os nomes de duas professoras e de uma l\u00edder comunit\u00e1ria, que se dedicaram \u00e0 causa educacional naquela regi\u00e3o. Na tarde desta segunda-feira (27), uma audi\u00eancia p\u00fablica remota da C\u00e2mara Legislativa debateu, com a comunidade local, as homenagens, previstas em proposi\u00e7\u00f5es de autoria do deputado Iolando (MDB).<\/p>\n\n\n\n<p>O projeto de lei n\u00ba 2.781\/2022 trata da denomina\u00e7\u00e3o do&nbsp;Centro de Ensino Especial 01 que passar\u00e1 a \u201cCentro de Ensino Especial Professora Luciene Spinola\u201d; o PL n\u00ba 2.782\/2022 disp\u00f5e sobre a Escola Classe Polo Agr\u00edcola da Torre&nbsp;que ser\u00e1 denominada \u201cEscola Classe Maria da Torre\u201d; e o projeto de lei n\u00ba 2.783\/2022 muda para \u201cEscola Classe Professora Claudete Rossi\u201d o nome da Escola Classe 01 do INCRA 08.<\/p>\n\n\n\n<p>Conhecida como Dona Maria da Torre, Maria Moreira Pereira chegou a Bras\u00edlia em 1957, junto com o marido que veio trabalhar na constru\u00e7\u00e3o, e passou a residir em uma ch\u00e1cara na \u00e1rea do Polo Agr\u00edcola da Torre, assim chamado devido a uma torre de transmiss\u00e3o da antiga Radiobras, que havia nas imedia\u00e7\u00f5es. A intensifica\u00e7\u00e3o das atividades em prol dos moradores fez com ela se tornasse a primeira presidente da associa\u00e7\u00e3o de moradores da localidade.<\/p>\n\n\n\n<p>Entre as suas a\u00e7\u00f5es, figura a instala\u00e7\u00e3o, em 1985, ap\u00f3s dez anos de reivindica\u00e7\u00f5es, da Escola Rural Polo Agr\u00edcola da Torre, gra\u00e7as a doa\u00e7\u00e3o de uma parte do terreno da ch\u00e1cara onde ela pr\u00f3pria residia com a fam\u00edlia. O PLn\u00ba 2.782\/2022 prop\u00f5e reconhecer o feito e, caso seja aprovado pelo plen\u00e1rio da CLDF e sancionado pelo governador, o nome Dona Maria da Torre, falecida em 2002, passar\u00e1 a figurar no estabelecimento educacional.<\/p>\n\n\n\n<p><strong>Professoras homenageadas<\/strong><\/p>\n\n\n\n<p>As outras duas homenageadas pelos projetos de lei eram educadoras. Luciene Spinola, tamb\u00e9m falecida, atuou como professora regente, coordenadora e gestora durante 28 anos no Centro de Ensino Especial 01 de Brazl\u00e2ndia (CENEBRAZ). Em depoimento, durante a audi\u00eancia p\u00fablica, colegas destacaram a dedica\u00e7\u00e3o e o envolvimento dela nas quest\u00f5es do ensino e aprendizado daquela cidade.<\/p>\n\n\n\n<p>J\u00e1 a professora Claudete Rossi, que poder\u00e1 denominar a Escola Classe 01 do INCRA 08, trabalhou no estabelecimento p\u00fablico de ensino desde 1998. Em 2015, passou a ser vice-diretora. \u201cSempre buscando melhorias, com o intuito de tornar a escola um ambiente \u00fanico para os alunos, familiares e funcion\u00e1rios\u201d, conforme salientou o deputado Iolando.<\/p>\n\n\n\n<p>Durante a pandemia, mesmo com as aulas presenciais suspensas, ela participou de campanhas de arrecada\u00e7\u00e3o de alimentos, de dispositivos eletr\u00f4nicos, no aux\u00edlio aos familiares com dificuldades de acessar as plataformas e no encorajamento dos colegas. V\u00edtima da Covid-19, Claudete morreu faltando um ano para sua aposentadoria.<\/p>\n\n\n\n<p>Ao final da audi\u00eancia p\u00fablica, o deputado Iolando enfatizou que a proposta das homenagens partiu da pr\u00f3pria comunidade escolar de Brazl\u00e2ndia e destacou a dedica\u00e7\u00e3o das tr\u00eas homenageadas em prol da causa educacional.<\/p>\n\n\n\n<p><strong>Marco T\u00falio Alencar &#8211; Ag\u00eancia CLDF<\/strong><\/p>\n","protected":false},"excerpt":{"rendered":"<p>Foto: Reprodu\u00e7\u00e3o\/TV C\u00e2mara Distrital Tr\u00eas estabelecimentos da rede p\u00fablica de ensino localizados em Brazl\u00e2ndia poder\u00e3o receber os nomes de duas professoras e de uma l\u00edder comunit\u00e1ria, que se dedicaram \u00e0 causa educacional naquela regi\u00e3o. Na tarde desta segunda-feira (27), uma audi\u00eancia p\u00fablica remota da C\u00e2mara Legislativa debateu, com a comunidade local, as homenagens, previstas em [&hellip;]<\/p>\n","protected":false},"author":1,"featured_media":0,"comment_status":"open","ping_status":"open","sticky":false,"template":"","format":"standard","meta":{"footnotes":""},"categories":[],"tags":[],"class_list":["post-5714","post","type-post","status-publish","format-standard","hentry"],"_links":{"self":[{"href":"https:\/\/aguaslindasnoticias.com.br\/index.php\/wp-json\/wp\/v2\/posts\/5714","targetHints":{"allow":["GET"]}}],"collection":[{"href":"https:\/\/aguaslindasnoticias.com.br\/index.php\/wp-json\/wp\/v2\/posts"}],"about":[{"href":"https:\/\/aguaslindasnoticias.com.br\/index.php\/wp-json\/wp\/v2\/types\/post"}],"author":[{"embeddable":true,"href":"https:\/\/aguaslindasnoticias.com.br\/index.php\/wp-json\/wp\/v2\/users\/1"}],"replies":[{"embeddable":true,"href":"https:\/\/aguaslindasnoticias.com.br\/index.php\/wp-json\/wp\/v2\/comments?post=5714"}],"version-history":[{"count":0,"href":"https:\/\/aguaslindasnoticias.com.br\/index.php\/wp-json\/wp\/v2\/posts\/5714\/revisions"}],"wp:attachment":[{"href":"https:\/\/aguaslindasnoticias.com.br\/index.php\/wp-json\/wp\/v2\/media?parent=5714"}],"wp:term":[{"taxonomy":"category","embeddable":true,"href":"https:\/\/aguaslindasnoticias.com.br\/index.php\/wp-json\/wp\/v2\/categories?post=5714"},{"taxonomy":"post_tag","embeddable":true,"href":"https:\/\/aguaslindasnoticias.com.br\/index.php\/wp-json\/wp\/v2\/tags?post=5714"}],"curies":[{"name":"wp","href":"https:\/\/api.w.org\/{rel}","templated":true}]}}