{"id":5713,"date":"2023-01-04T10:14:47","date_gmt":"2023-01-04T13:14:47","guid":{"rendered":"https:\/\/aguaslindasnoticias.com.br\/index.php\/2023\/01\/04\/aprovadas-alteracoes-na-previdencia-do-servico-publico-do-df\/"},"modified":"2023-01-04T10:14:47","modified_gmt":"2023-01-04T13:14:47","slug":"aprovadas-alteracoes-na-previdencia-do-servico-publico-do-df","status":"publish","type":"post","link":"https:\/\/aguaslindasnoticias.com.br\/index.php\/2023\/01\/04\/aprovadas-alteracoes-na-previdencia-do-servico-publico-do-df\/","title":{"rendered":"Aprovadas altera\u00e7\u00f5es na Previd\u00eancia do servi\u00e7o p\u00fablico do DF"},"content":{"rendered":"\n<p>Foto: Carlos Gandra\/CLDF<\/p>\n\n\n\n<figure class=\"wp-block-image size-large\"><img decoding=\"async\" src=\"http:\/\/claricegulyas.com.br\/wp-content\/uploads\/2022\/06\/a1.jpg\" alt=\"\" class=\"wp-image-10462\"\/><\/figure>\n\n\n\n<figure class=\"wp-block-image\"><img decoding=\"async\" src=\"https:\/\/www.cl.df.gov.br\/documents\/10162\/25905395\/2211336CG+B+%2813%29.jpg\/0ac4833e-01e6-57f6-8da7-1d3aafb8cd92?t=1656450690570\" alt=\"A proposta autoriza a aliena\u00e7\u00e3o ou onera\u00e7\u00e3o dos bens do Instituto de Previd\u00eancia dos Servidores do DF, devendo ser observados os valores praticados pelo mercado imobili\u00e1rio\"\/><\/figure>\n\n\n\n<p>A proposta autoriza a aliena\u00e7\u00e3o ou onera\u00e7\u00e3o dos bens do Instituto de Previd\u00eancia dos Servidores do DF, devendo ser observados os valores praticados pelo mercado imobili\u00e1rio<\/p>\n\n\n\n<p>O projeto do governo que altera a Lei Complementar n\u00ba 769\/08 \u2013 que reorganiza e unifica o Regime Pr\u00f3prio de Previd\u00eancia Social do Distrito Federal \u2013 bem como a LC n\u00ba 840\/11 \u2013 que disp\u00f5e sobre o regime jur\u00eddico dos servidores p\u00fablicos civis do DF \u2013 foi aprovado em primeiro turno, com emendas, nesta ter\u00e7a-feira (28). A mat\u00e9ria consta do projeto de lei complementar n\u00ba 120\/22, que deve voltar a ser apreciado pelo Plen\u00e1rio da Casa, em segundo turno, amanh\u00e3 (29).<\/p>\n\n\n\n<p>O texto revoga os dispositivos que regulamentam a concess\u00e3o da licen\u00e7a-maternidade na LC n\u00ba 769\/08, com o intuito de adequar a norma \u00e0 Reforma da Previd\u00eancia (Emenda Constitucional n\u00ba 103\/19), uma vez que n\u00e3o mais se trata de benef\u00edcio previdenci\u00e1rio e, sim, estatut\u00e1rio.&nbsp;<\/p>\n\n\n\n<p>O PLC tamb\u00e9m altera a reda\u00e7\u00e3o do texto que trata dos recursos que custeiam o Regime Pr\u00f3prio de Previd\u00eancia Social do Distrito Federal (RPPS\/DF). A proposta autoriza a aliena\u00e7\u00e3o ou onera\u00e7\u00e3o dos bens do Instituto de Previd\u00eancia dos Servidores do DF (IprevDF), devendo ser observados os valores praticados pelo mercado imobili\u00e1rio.<\/p>\n\n\n\n<p>Esse ponto gerou discuss\u00e3o entre os distritais e foi tema de emenda parlamentar do Bloco Democracia e Resist\u00eancia (PT e PSOL). A emenda visava a garantir que os recursos arrecadados fossem revertidos, integralmente, para o Fundo Solid\u00e1rio Garantidor, mas n\u00e3o foi acatada. \u201cEst\u00e3o metendo a m\u00e3o grande no Iprev. O dinheiro do Iprev \u00e9 dos trabalhadores e, por isso, tem de ser resguardado\u201d, defendeu Chico Vigilante (PT).<\/p>\n\n\n\n<p>O texto do Buriti tamb\u00e9m alterou a composi\u00e7\u00e3o do Conselho Fiscal, o qual segundo a proposta, ser\u00e1 composto por quatro membros efetivos e quatro suplentes: sendo dois escolhidos entre segurados ou benefici\u00e1rios, indicados pelas respectivas entidades representativas de classe; e dois indicados pelo governador.&nbsp;<\/p>\n\n\n\n<p><strong>Denise Caputo &#8211; Ag\u00eancia CLDF<\/strong><\/p>\n","protected":false},"excerpt":{"rendered":"<p>Foto: Carlos Gandra\/CLDF A proposta autoriza a aliena\u00e7\u00e3o ou onera\u00e7\u00e3o dos bens do Instituto de Previd\u00eancia dos Servidores do DF, devendo ser observados os valores praticados pelo mercado imobili\u00e1rio O projeto do governo que altera a Lei Complementar n\u00ba 769\/08 \u2013 que reorganiza e unifica o Regime Pr\u00f3prio de Previd\u00eancia Social do Distrito Federal \u2013 [&hellip;]<\/p>\n","protected":false},"author":1,"featured_media":0,"comment_status":"open","ping_status":"open","sticky":false,"template":"","format":"standard","meta":{"footnotes":""},"categories":[],"tags":[],"class_list":["post-5713","post","type-post","status-publish","format-standard","hentry"],"_links":{"self":[{"href":"https:\/\/aguaslindasnoticias.com.br\/index.php\/wp-json\/wp\/v2\/posts\/5713","targetHints":{"allow":["GET"]}}],"collection":[{"href":"https:\/\/aguaslindasnoticias.com.br\/index.php\/wp-json\/wp\/v2\/posts"}],"about":[{"href":"https:\/\/aguaslindasnoticias.com.br\/index.php\/wp-json\/wp\/v2\/types\/post"}],"author":[{"embeddable":true,"href":"https:\/\/aguaslindasnoticias.com.br\/index.php\/wp-json\/wp\/v2\/users\/1"}],"replies":[{"embeddable":true,"href":"https:\/\/aguaslindasnoticias.com.br\/index.php\/wp-json\/wp\/v2\/comments?post=5713"}],"version-history":[{"count":0,"href":"https:\/\/aguaslindasnoticias.com.br\/index.php\/wp-json\/wp\/v2\/posts\/5713\/revisions"}],"wp:attachment":[{"href":"https:\/\/aguaslindasnoticias.com.br\/index.php\/wp-json\/wp\/v2\/media?parent=5713"}],"wp:term":[{"taxonomy":"category","embeddable":true,"href":"https:\/\/aguaslindasnoticias.com.br\/index.php\/wp-json\/wp\/v2\/categories?post=5713"},{"taxonomy":"post_tag","embeddable":true,"href":"https:\/\/aguaslindasnoticias.com.br\/index.php\/wp-json\/wp\/v2\/tags?post=5713"}],"curies":[{"name":"wp","href":"https:\/\/api.w.org\/{rel}","templated":true}]}}