{"id":5710,"date":"2023-01-04T10:14:47","date_gmt":"2023-01-04T13:14:47","guid":{"rendered":"https:\/\/aguaslindasnoticias.com.br\/index.php\/2023\/01\/04\/audiencia-publica-da-cldf-vai-debater-alteracoes-na-fiscalizacao-ambiental-do-df\/"},"modified":"2023-01-04T10:14:47","modified_gmt":"2023-01-04T13:14:47","slug":"audiencia-publica-da-cldf-vai-debater-alteracoes-na-fiscalizacao-ambiental-do-df","status":"publish","type":"post","link":"https:\/\/aguaslindasnoticias.com.br\/index.php\/2023\/01\/04\/audiencia-publica-da-cldf-vai-debater-alteracoes-na-fiscalizacao-ambiental-do-df\/","title":{"rendered":"Audi\u00eancia p\u00fablica da CLDF vai debater altera\u00e7\u00f5es na fiscaliza\u00e7\u00e3o ambiental do DF"},"content":{"rendered":"\n<figure class=\"wp-block-image size-large\"><img decoding=\"async\" src=\"http:\/\/claricegulyas.com.br\/wp-content\/uploads\/2022\/06\/meio-ambiente-audiencia-publica-joao-cardoso-deputado-distrital-camara-legislativa-df.jpeg\" alt=\"\" class=\"wp-image-10452\"\/><\/figure>\n\n\n\n<p>A C\u00e2mara Legislativa do Distrito Federal ir\u00e1 realizar na pr\u00f3xima segunda (27\/6), \u00e0s 19h, audi\u00eancia p\u00fablica para debater altera\u00e7\u00f5es nos processos administrativos de fiscaliza\u00e7\u00e3o ambiental no DF. De autoria do deputado <strong>Jo\u00e3o Cardoso (Avante)<\/strong>, o evento ser\u00e1 transmitido, ao vivo, pela TV Distrital e canal da CLDF no Youtube.<\/p>\n\n\n\n<p>Um dos principais temas a serem discutidos \u00e9 o Projeto de Lei 2.547\/22, que est\u00e1 em tramita\u00e7\u00e3o na Casa. Ao tratar da aplica\u00e7\u00e3o de san\u00e7\u00e3o ou penalidade em fiscaliza\u00e7\u00e3o ambiental, o texto, entre outros pontos, prop\u00f5e o &#8220;prazo m\u00e1ximo de 12 meses para efeitos de reincid\u00eancia, contados da data da primeira autua\u00e7\u00e3o relativa ao mesmo fato&#8221;.<\/p>\n\n\n\n<p>Com a inten\u00e7\u00e3o de estabelecer a coer\u00eancia na aplica\u00e7\u00e3o de penalidades e conferir devida seguran\u00e7a jur\u00eddica aos empres\u00e1rios, o projeto de lei altera seis leis ambientais j\u00e1 existentes, defendendo puni\u00e7\u00f5es de &#8220;car\u00e1ter pedag\u00f3gico&#8221; e a responsabiliza\u00e7\u00e3o do Estado &#8220;pelos preju\u00edzos causados por interven\u00e7\u00f5es indevidas nos estabelecimentos comerciais, sendo devida a repara\u00e7\u00e3o de danos materiais decorrentes, inclusive lucros cessantes.&#8221;<\/p>\n\n\n\n<p>&#8220;O PL busca, dentre outros, estabelecer nova metodologia na aplica\u00e7\u00e3o de penalidades em caso de infra\u00e7\u00f5es. A fim de debater o m\u00e9rito do projeto, que carece de estudos e debates mais aprofundados, com ampla participa\u00e7\u00e3o dos atores envolvidos, propomos esta audi\u00eancia p\u00fablica&#8221;, convida o parlamentar e auditor-fiscal de Atividades Urbanas.<\/p>\n\n\n\n<p><strong>Conquistas para o meio ambiente<\/strong><\/p>\n\n\n\n<p>Servidor do Instituto Bras\u00edlia Ambiental (Ibram), o deputado distrital Jo\u00e3o Cardoso tem como leis de sua autoria a cria\u00e7\u00e3o do Parque Ecol\u00f3gico Mangueiral, no Jardim Bot\u00e2nico (6.995\/2021), a cria\u00e7\u00e3o do Sistema Distrital de Trilhas Ecol\u00f3gicas, denominado Caminhos do Planalto Central (6.892\/2021); a prioridade de catadores na coleta de res\u00edduos s\u00f3lidos (6.907\/2021), a coleta de res\u00edduos s\u00f3lidos nos condom\u00ednios horizontais (6.615\/2020), e a cria\u00e7\u00e3o do Programa Distrital de Incentivo ao Ciclismo nas Unidades de Conserva\u00e7\u00e3o (6.400\/2019).<\/p>\n\n\n\n<p>Jo\u00e3o Cardoso, que votou \u00e0 favor da proibi\u00e7\u00e3o da distribui\u00e7\u00e3o gratuita e venda de sacolas pl\u00e1sticas no DF em 2019, defende atualmente na CLDF o projeto de lei 2003\/2021, de sua autoria, que disp\u00f5e sobre a coleta e a destina\u00e7\u00e3o final de embalagens de vidro.<\/p>\n\n\n\n<p>Durante seu mandato, o distrital apresentou iniciativas que visam a cria\u00e7\u00e3o de mais unidades de conserva\u00e7\u00e3o no DF, como o Parque Ecol\u00f3gico do Paranoazinho e o Parque Urbano do Colorado. Tamb\u00e9m tem apresentado e apoiado proposi\u00e7\u00f5es em defesa dos direitos dos animais, como o PL 1.555\/2020, que institui a Semana de Conscientiza\u00e7\u00e3o e Prote\u00e7\u00e3o dos Direitos dos Animais (Seanima) e o PL 733\/2019, que prev\u00ea a instala\u00e7\u00e3o de bebedouros para c\u00e3es nos parque p\u00fablicos do DF.<\/p>\n\n\n\n<p><strong>Servi\u00e7o:<\/strong><br>Data: 27 de junho de 2022 (segunda)<br>Hora: 19h<br>Local: plen\u00e1rio da C\u00e2mara Legislativa<br>Youtube: https:\/\/www.youtube.com\/c\/TVC%C3%A2maraDistrital\/videos<\/p>\n","protected":false},"excerpt":{"rendered":"<p>A C\u00e2mara Legislativa do Distrito Federal ir\u00e1 realizar na pr\u00f3xima segunda (27\/6), \u00e0s 19h, audi\u00eancia p\u00fablica para debater altera\u00e7\u00f5es nos processos administrativos de fiscaliza\u00e7\u00e3o ambiental no DF. De autoria do deputado Jo\u00e3o Cardoso (Avante), o evento ser\u00e1 transmitido, ao vivo, pela TV Distrital e canal da CLDF no Youtube. Um dos principais temas a serem [&hellip;]<\/p>\n","protected":false},"author":1,"featured_media":0,"comment_status":"open","ping_status":"open","sticky":false,"template":"","format":"standard","meta":{"footnotes":""},"categories":[],"tags":[],"class_list":["post-5710","post","type-post","status-publish","format-standard","hentry"],"_links":{"self":[{"href":"https:\/\/aguaslindasnoticias.com.br\/index.php\/wp-json\/wp\/v2\/posts\/5710","targetHints":{"allow":["GET"]}}],"collection":[{"href":"https:\/\/aguaslindasnoticias.com.br\/index.php\/wp-json\/wp\/v2\/posts"}],"about":[{"href":"https:\/\/aguaslindasnoticias.com.br\/index.php\/wp-json\/wp\/v2\/types\/post"}],"author":[{"embeddable":true,"href":"https:\/\/aguaslindasnoticias.com.br\/index.php\/wp-json\/wp\/v2\/users\/1"}],"replies":[{"embeddable":true,"href":"https:\/\/aguaslindasnoticias.com.br\/index.php\/wp-json\/wp\/v2\/comments?post=5710"}],"version-history":[{"count":0,"href":"https:\/\/aguaslindasnoticias.com.br\/index.php\/wp-json\/wp\/v2\/posts\/5710\/revisions"}],"wp:attachment":[{"href":"https:\/\/aguaslindasnoticias.com.br\/index.php\/wp-json\/wp\/v2\/media?parent=5710"}],"wp:term":[{"taxonomy":"category","embeddable":true,"href":"https:\/\/aguaslindasnoticias.com.br\/index.php\/wp-json\/wp\/v2\/categories?post=5710"},{"taxonomy":"post_tag","embeddable":true,"href":"https:\/\/aguaslindasnoticias.com.br\/index.php\/wp-json\/wp\/v2\/tags?post=5710"}],"curies":[{"name":"wp","href":"https:\/\/api.w.org\/{rel}","templated":true}]}}