{"id":5709,"date":"2023-01-04T10:14:47","date_gmt":"2023-01-04T13:14:47","guid":{"rendered":"https:\/\/aguaslindasnoticias.com.br\/index.php\/2023\/01\/04\/estudantes-fazem-blitz-educativa-contra-incendios-na-floresta-nacional\/"},"modified":"2023-01-04T10:14:47","modified_gmt":"2023-01-04T13:14:47","slug":"estudantes-fazem-blitz-educativa-contra-incendios-na-floresta-nacional","status":"publish","type":"post","link":"https:\/\/aguaslindasnoticias.com.br\/index.php\/2023\/01\/04\/estudantes-fazem-blitz-educativa-contra-incendios-na-floresta-nacional\/","title":{"rendered":"Estudantes fazem blitz educativa contra inc\u00eandios na Floresta Nacional"},"content":{"rendered":"\n<p>Crian\u00e7as se uniram a agentes p\u00fablicos na abordagem a motoristas, que receberam informa\u00e7\u00f5es sobre preven\u00e7\u00e3o neste per\u00edodo de estio<\/p>\n\n\n\n<p>Ag\u00eancia Bras\u00edlia* | Edi\u00e7\u00e3o: Claudio Fernandes<br>A Blitz Educativa de Preven\u00e7\u00e3o e Combate aos Inc\u00eandios Florestais chegou \u00e0 Floresta Nacional (Flona) de Bras\u00edlia nesta sexta-feira (24). Na altura da Escola Classe Incra 6, 30 estudantes e agentes p\u00fablicos do Governo do Distrito Federal (GDF) e do governo federal abordaram motoristas para informar sobre preven\u00e7\u00e3o e entregar material informativo. A iniciativa faz parte do Plano de Preven\u00e7\u00e3o e Combate aos Inc\u00eandios Florestais (Ppcif), coordenado pela Secretaria do Meio Ambiente (Sema).<\/p>\n\n\n\n<figure class=\"wp-block-image\"><img decoding=\"async\" src=\"http:\/\/agenciabrasilia.df.gov.br\/wp-conteudo\/uploads\/2022\/06\/WhatsApp-Image-2022-06-24-at-20.41.56.jpeg\" alt=\"\" class=\"wp-image-419959\"\/><figcaption>Crian\u00e7as distribu\u00edram panfletos e revistas que falam sobre o fogo, sobre a preven\u00e7\u00e3o e o combate aos inc\u00eandios florestais | Foto: Divulga\u00e7\u00e3o \/ Sema<\/figcaption><\/figure>\n\n\n\n<p>\u201c\u00c9 importante que a popula\u00e7\u00e3o evite colocar fogo em lixo e em resto de poda. Aqui no DF, temos muitas unidades de conserva\u00e7\u00e3o destinadas \u00e0 preserva\u00e7\u00e3o do cerrado. Ent\u00e3o, a natureza agradece a quem puder destinar o seu lixo e resto de poda da melhor forma poss\u00edvel e, assim cada um trabalha em conjunto com as institui\u00e7\u00f5es que fazem parte desse plano\u201d, explicou a coordenadora t\u00e9cnica do plano na Sema, Carolina Schubart.<\/p>\n\n\n\n<p>O tenente-coronel Denilson Marques, do Grupamento de Prote\u00e7\u00e3o Ambiental (Gepram) do Corpo de Bombeiros Militar do DF (CBMDF), explica que o batalh\u00e3o apoia as a\u00e7\u00f5es do Ppcif para conscientizar a popula\u00e7\u00e3o do seu papel. \u201cDessa forma, lan\u00e7amos sementes e, pouco a pouco, vamos conseguindo resultados melhores nesse sentido.\u201d<\/p>\n\n\n\n<figure class=\"wp-block-image\"><img decoding=\"async\" src=\"http:\/\/agenciabrasilia.df.gov.br\/wp-conteudo\/uploads\/2022\/06\/WhatsApp-Image-2022-06-24-at-20.41.56-1.jpeg\" alt=\"\" class=\"wp-image-419960\"\/><figcaption>A blitz \u00e9 uma atividade educativa para os motoristas abordados e tamb\u00e9m para os estudantes, que aprendem enquanto repassam as informa\u00e7\u00f5es<\/figcaption><\/figure>\n\n\n\n<p>Larissa Moura,&nbsp;analista ambiental e chefe do N\u00facleo de Gest\u00e3o Integrada Bacia do Descoberto e Floresta Nacional de Bras\u00edlia, do Instituto Chico Mendes de Conserva\u00e7\u00e3o da Biodiversidade (ICMBio), destacou a receptividade das pessoas que trafegam pela regi\u00e3o, bem como dos estudantes.<\/p>\n\n\n\n<p>\u201cAs crian\u00e7as participam da distribui\u00e7\u00e3o de panfletos e revistas que falam sobre o fogo, sobre a preven\u00e7\u00e3o e o combate aos inc\u00eandios florestais e v\u00e3o aprendendo e recebendo as instru\u00e7\u00f5es, seja nas atividades desenvolvidas nas escolas ou no contato direto da blitz educativa. \u00c9 muito gratificante ver que elas j\u00e1 assimilaram uma s\u00e9rie de atitudes e entendem bastante dessa tem\u00e1tica\u201d, afirmou Larissa.<\/p>\n\n\n\n<p>Tamb\u00e9m participaram da a\u00e7\u00e3o representantes do Bras\u00edlia Ambiental, Jardim Bot\u00e2nico de Bras\u00edlia (JBB), Instituto Brasileiro de Geografia e Estat\u00edstica (IBGE), Ibama, Companhia de Saneamento Ambiental do DF (Caesb) e Comando A\u00e9reo Regional.<\/p>\n\n\n\n<p>Morador de Ceil\u00e2ndia, o motoboy T\u00falio Fayner Alves estava na regi\u00e3o para fazer uma entrega e, com os documentos em dia, recebeu as informa\u00e7\u00f5es com tranquilidade.&nbsp; \u201cNesta \u00e9poca, a gente j\u00e1 est\u00e1 acostumado com a abordagem da blitz educativa e vai aprendendo mais sobre preven\u00e7\u00e3o\u201d, completou.<\/p>\n\n\n\n<p>J\u00e1 a banc\u00e1ria Edleide Ara\u00fajo Batista, que mora em Santo Ant\u00f4nio Descoberto (GO) e circula diariamente pela BR-080, ser parada em uma blitz diferente daquelas a que est\u00e1 acostumada foi motivo de satisfa\u00e7\u00e3o. \u201cTem que ter mesmo. Nesse per\u00edodo de seca, a gente v\u00ea os inc\u00eandios florestais e fica at\u00e9 triste. Ent\u00e3o, temos mesmo que ter mesmo mais cuidado\u201d.<\/p>\n\n\n\n<p><strong>Divers\u00e3o<\/strong><\/p>\n\n\n\n<p>Para as crian\u00e7as, a oportunidade de sair da sala de aula e participar de uma atividade em que podem colaborar com o meio ambiente tem um sabor de novidade. Kauan dos Santos Lima e Thom\u00e1s de Arruda, ambos de 10 anos, ficaram juntos na equipe de abordagem e se divertiram. \u201c\u00c9 bem melhor do que fazer as atividades da escola. N\u00f3s gostamos muito\u201d, brincaram.<\/p>\n\n\n\n<p>J\u00e1 Camila Alves da Silva, da mesma turma, contou que, por morar na regi\u00e3o, j\u00e1 testemunhou o terreno de um amigo de seu pai pegar fogo. \u201cQueimou tudo e s\u00f3 restaram os cavalos. Por isso, \u00e9 importante saber que praticar queimada \u00e9 um crime e coloca em risco a vida dos animais\u201d, alertou.<\/p>\n\n\n\n<p><em>*Com informa\u00e7\u00f5es da Secretaria de Meio Ambiente do DF<\/em><\/p>\n","protected":false},"excerpt":{"rendered":"<p>Crian\u00e7as se uniram a agentes p\u00fablicos na abordagem a motoristas, que receberam informa\u00e7\u00f5es sobre preven\u00e7\u00e3o neste per\u00edodo de estio Ag\u00eancia Bras\u00edlia* | Edi\u00e7\u00e3o: Claudio FernandesA Blitz Educativa de Preven\u00e7\u00e3o e Combate aos Inc\u00eandios Florestais chegou \u00e0 Floresta Nacional (Flona) de Bras\u00edlia nesta sexta-feira (24). Na altura da Escola Classe Incra 6, 30 estudantes e agentes [&hellip;]<\/p>\n","protected":false},"author":1,"featured_media":0,"comment_status":"open","ping_status":"open","sticky":false,"template":"","format":"standard","meta":{"footnotes":""},"categories":[],"tags":[],"class_list":["post-5709","post","type-post","status-publish","format-standard","hentry"],"_links":{"self":[{"href":"https:\/\/aguaslindasnoticias.com.br\/index.php\/wp-json\/wp\/v2\/posts\/5709","targetHints":{"allow":["GET"]}}],"collection":[{"href":"https:\/\/aguaslindasnoticias.com.br\/index.php\/wp-json\/wp\/v2\/posts"}],"about":[{"href":"https:\/\/aguaslindasnoticias.com.br\/index.php\/wp-json\/wp\/v2\/types\/post"}],"author":[{"embeddable":true,"href":"https:\/\/aguaslindasnoticias.com.br\/index.php\/wp-json\/wp\/v2\/users\/1"}],"replies":[{"embeddable":true,"href":"https:\/\/aguaslindasnoticias.com.br\/index.php\/wp-json\/wp\/v2\/comments?post=5709"}],"version-history":[{"count":0,"href":"https:\/\/aguaslindasnoticias.com.br\/index.php\/wp-json\/wp\/v2\/posts\/5709\/revisions"}],"wp:attachment":[{"href":"https:\/\/aguaslindasnoticias.com.br\/index.php\/wp-json\/wp\/v2\/media?parent=5709"}],"wp:term":[{"taxonomy":"category","embeddable":true,"href":"https:\/\/aguaslindasnoticias.com.br\/index.php\/wp-json\/wp\/v2\/categories?post=5709"},{"taxonomy":"post_tag","embeddable":true,"href":"https:\/\/aguaslindasnoticias.com.br\/index.php\/wp-json\/wp\/v2\/tags?post=5709"}],"curies":[{"name":"wp","href":"https:\/\/api.w.org\/{rel}","templated":true}]}}