{"id":5708,"date":"2023-01-04T10:14:47","date_gmt":"2023-01-04T13:14:47","guid":{"rendered":"https:\/\/aguaslindasnoticias.com.br\/index.php\/2023\/01\/04\/nova-linha-de-onibus-atendera-comunidades-proximas-a-df-180\/"},"modified":"2023-01-04T10:14:47","modified_gmt":"2023-01-04T13:14:47","slug":"nova-linha-de-onibus-atendera-comunidades-proximas-a-df-180","status":"publish","type":"post","link":"https:\/\/aguaslindasnoticias.com.br\/index.php\/2023\/01\/04\/nova-linha-de-onibus-atendera-comunidades-proximas-a-df-180\/","title":{"rendered":"Nova linha de \u00f4nibus atender\u00e1 comunidades pr\u00f3ximas \u00e0 DF-180"},"content":{"rendered":"\n<p>Servi\u00e7o come\u00e7a a operar nesta segunda-feira (27) com tr\u00eas viagens em dias \u00fateis, beneficiando cerca de 3 mil fam\u00edlias moradoras do trecho entre Samambaia e Ceil\u00e2ndia<\/p>\n\n\n\n<p>Ag\u00eancia Bras\u00edlia* | Edi\u00e7\u00e3o: Rosualdo Rodrigues&nbsp;As comunidades pr\u00f3ximas \u00e0 DF-180, entre Samambaia e Ceil\u00e2ndia, contar\u00e3o com uma linha do transporte p\u00fablico coletivo a partir desta segunda-feira (27). A Linha 366.2 vai oferecer tr\u00eas viagens em dias \u00fateis, possibilitando a integra\u00e7\u00e3o com outras linhas no Terminal Samambaia Norte.<\/p>\n\n\n\n<figure class=\"wp-block-image\"><img decoding=\"async\" src=\"http:\/\/agenciabrasilia.df.gov.br\/wp-conteudo\/uploads\/2022\/06\/Linha-366.2-Foto-Ascom-Semob-1.jpeg\" alt=\"\" class=\"wp-image-419845\"\/><figcaption>\u00d4nibus sair\u00e1 do Terminal Samambaia Norte pela DF-180 at\u00e9 Monjolinho, retornando para Samambaia | Foto: Ascom\/Semob<\/figcaption><\/figure>\n\n\n\n<p>O novo servi\u00e7o vai atender cerca de 3 mil fam\u00edlias que passam pela DF-180 para os acessos \u00e0s comunidades de ARCPM\/DF, Vista Bela, Boa Esperan\u00e7a, Monte Verde, Quintas dos Amarantes, Monjolinho, Clube Thermas, Clube dos Rodovi\u00e1rios, Clube Gravat\u00e1 e N\u00facleo Rural Guariroba, entre outras.<\/p>\n\n\n\n<p>Os t\u00e9cnicos da Secretaria de Transporte e Mobilidade (Semob) estiveram na regi\u00e3o para avaliar o itiner\u00e1rio mais vi\u00e1vel ao atendimento dos moradores das localidades pr\u00f3ximas \u00e0 DF-180. \u201cEm reuni\u00e3o com representantes desses moradores, eles nos relataram a necessidade de ampliar o transporte p\u00fablico coletivo na regi\u00e3o\u201d, disse o subsecret\u00e1rio de Planejamento e Opera\u00e7\u00f5es da Semob, M\u00e1rcio Ant\u00f4nio de Jesus.<\/p>\n\n\n\n<p>A Linha 366.2 far\u00e1 o percurso circular saindo do Terminal Samambaia Norte pela DF-180 at\u00e9 Monjolinho e retornando para Samambaia. Ser\u00e3o tr\u00eas viagens por dia, e os \u00f4nibus sair\u00e3o da rodovi\u00e1ria nos hor\u00e1rios das 6h30, 12h10 e 18h25.<\/p>\n\n\n\n<p><strong>Servi\u00e7o<\/strong><br><em>Linha circular 366.2<\/em><br>\u2192&nbsp;Trajeto Terminal Samambaia Norte\/ DF-180 \/ Aterro Sanit\u00e1rio \/ EC Guariroba \/ Monjolinho<br>\u2192 In\u00edcio de circula\u00e7\u00e3o: segunda-feira (27)<br>\u2192 Hor\u00e1rios: 6h30, 12h10 e 18h25<br>\u2192 Tarifa: R$ 2,70<br>\u2192 Empresa: Urbi.<\/p>\n\n\n\n<p><em>*Com informa\u00e7\u00f5es da Secretaria de Transporte e Mobilidade<\/em><\/p>\n","protected":false},"excerpt":{"rendered":"<p>Servi\u00e7o come\u00e7a a operar nesta segunda-feira (27) com tr\u00eas viagens em dias \u00fateis, beneficiando cerca de 3 mil fam\u00edlias moradoras do trecho entre Samambaia e Ceil\u00e2ndia Ag\u00eancia Bras\u00edlia* | Edi\u00e7\u00e3o: Rosualdo Rodrigues&nbsp;As comunidades pr\u00f3ximas \u00e0 DF-180, entre Samambaia e Ceil\u00e2ndia, contar\u00e3o com uma linha do transporte p\u00fablico coletivo a partir desta segunda-feira (27). A Linha [&hellip;]<\/p>\n","protected":false},"author":1,"featured_media":0,"comment_status":"open","ping_status":"open","sticky":false,"template":"","format":"standard","meta":{"footnotes":""},"categories":[],"tags":[],"class_list":["post-5708","post","type-post","status-publish","format-standard","hentry"],"_links":{"self":[{"href":"https:\/\/aguaslindasnoticias.com.br\/index.php\/wp-json\/wp\/v2\/posts\/5708","targetHints":{"allow":["GET"]}}],"collection":[{"href":"https:\/\/aguaslindasnoticias.com.br\/index.php\/wp-json\/wp\/v2\/posts"}],"about":[{"href":"https:\/\/aguaslindasnoticias.com.br\/index.php\/wp-json\/wp\/v2\/types\/post"}],"author":[{"embeddable":true,"href":"https:\/\/aguaslindasnoticias.com.br\/index.php\/wp-json\/wp\/v2\/users\/1"}],"replies":[{"embeddable":true,"href":"https:\/\/aguaslindasnoticias.com.br\/index.php\/wp-json\/wp\/v2\/comments?post=5708"}],"version-history":[{"count":0,"href":"https:\/\/aguaslindasnoticias.com.br\/index.php\/wp-json\/wp\/v2\/posts\/5708\/revisions"}],"wp:attachment":[{"href":"https:\/\/aguaslindasnoticias.com.br\/index.php\/wp-json\/wp\/v2\/media?parent=5708"}],"wp:term":[{"taxonomy":"category","embeddable":true,"href":"https:\/\/aguaslindasnoticias.com.br\/index.php\/wp-json\/wp\/v2\/categories?post=5708"},{"taxonomy":"post_tag","embeddable":true,"href":"https:\/\/aguaslindasnoticias.com.br\/index.php\/wp-json\/wp\/v2\/tags?post=5708"}],"curies":[{"name":"wp","href":"https:\/\/api.w.org\/{rel}","templated":true}]}}