{"id":5706,"date":"2023-01-04T10:14:47","date_gmt":"2023-01-04T13:14:47","guid":{"rendered":"https:\/\/aguaslindasnoticias.com.br\/index.php\/2023\/01\/04\/pcdob-oficializa-flauzino-antunes-para-concorrer-a-camara-dos-deputados\/"},"modified":"2023-01-04T10:14:47","modified_gmt":"2023-01-04T13:14:47","slug":"pcdob-oficializa-flauzino-antunes-para-concorrer-a-camara-dos-deputados","status":"publish","type":"post","link":"https:\/\/aguaslindasnoticias.com.br\/index.php\/2023\/01\/04\/pcdob-oficializa-flauzino-antunes-para-concorrer-a-camara-dos-deputados\/","title":{"rendered":"PCdoB oficializa Flauzino Antunes para concorrer \u00e0 C\u00e2mara dos Deputados"},"content":{"rendered":"\n<figure class=\"wp-block-image size-large\"><img decoding=\"async\" src=\"http:\/\/claricegulyas.com.br\/wp-content\/uploads\/2022\/06\/flauzino-antunes-economista-pcdob-eleicoes-2022-1024x768.jpeg\" alt=\"\" class=\"wp-image-10440\"\/><\/figure>\n\n\n\n<p><em>Sindicalista ter\u00e1 o apoio de Leandro Grass, Rosilene Corr\u00eaa e centrais sindicais no DF<\/em><\/p>\n\n\n\n<p><br>No clima da &#8220;Campanha Contra a Carestia&#8221; das centrais sindicais, contando com a presen\u00e7a de lideran\u00e7as pol\u00edticas e sindicais do Distrito Federal, o economista e sindicalista <strong>Flauzino Antunes (PCdoB)<\/strong> acaba de oficializar sua pr\u00e9-candidatura ao cargo de deputado federal. O evento movimentou a sede do Sindicato dos Professores (Sinpro) na \u00faltima quinta (23\/6), com lan\u00e7amento simult\u00e2neo da Campanha Contra a Carestia.<\/p>\n\n\n\n<p>Ao refor\u00e7ar a federa\u00e7\u00e3o PT-PV-PCdoB, Flauzino Antunes, que \u00e9 presidente licenciado da Central dos Trabalhadores e Trabalhadoras do Brasil (CTB), pretende combater a pobreza e lutar por justi\u00e7a social. Na ocasi\u00e3o, o pr\u00e9-candidato, servidor p\u00fablico e ma\u00e7om falou do aumento do custo de vida, da infla\u00e7\u00e3o e do desemprego no pa\u00eds e defendeu mais empregos, direitos,<br>dignidade, democracia, sa\u00fade e educa\u00e7\u00e3o para todos.<\/p>\n\n\n\n<p>&#8220;Temos propostas sinceras, honestas e que visam a equidade e a justi\u00e7a social. \u00c9 debatendo novas ideias que podemos construir, juntos, uma sociedade mais digna, justa, socialista.&#8221;, disse Flauzino Antunes, ex-vereador de Itapeva (SP).<\/p>\n\n\n\n<p>O presidente do Partido Comunista do Brasil (PCdoB) no DF, Jo\u00e3o Goulart Filho, destacou os desafios diante dos retrocessos do \u00faltimo governo e pediu a uni\u00e3o da classe trabalhadora para o apoio dos candidatos da federa\u00e7\u00e3o, como Leandro Grass (pr\u00e9-candidato ao GDF) e Rosilene Corr\u00eaa (pr\u00e9-candidata ao Senado). &#8220;N\u00e3o se trata de ganhar a elei\u00e7\u00e3o. \u00c9 preciso construir o Brasil e o DF&#8221;, afirmou.<\/p>\n\n\n\n<p>As centrais sindicais P\u00fablica Central do Servidor (P\u00fablica), Nova Central Sindical dos Trabalhadores (NCST), For\u00e7a Sindical (FS) e Central dos Trabalhadores do Brasil (CTB) marcaram presen\u00e7a no lan\u00e7amento e entoaram gritos de &#8220;Fora, Bolsonaro&#8221; e &#8220;Flauzino, Guerreiro do Povo Brasileiro&#8221; junto ao p\u00fablico presente. Cerca de 300 pessoas passaram pelo local, com destaque para lideran\u00e7as do movimento negro, estudantil, mulheres e outros.<\/p>\n","protected":false},"excerpt":{"rendered":"<p>Sindicalista ter\u00e1 o apoio de Leandro Grass, Rosilene Corr\u00eaa e centrais sindicais no DF No clima da &#8220;Campanha Contra a Carestia&#8221; das centrais sindicais, contando com a presen\u00e7a de lideran\u00e7as pol\u00edticas e sindicais do Distrito Federal, o economista e sindicalista Flauzino Antunes (PCdoB) acaba de oficializar sua pr\u00e9-candidatura ao cargo de deputado federal. O evento [&hellip;]<\/p>\n","protected":false},"author":1,"featured_media":0,"comment_status":"open","ping_status":"open","sticky":false,"template":"","format":"standard","meta":{"footnotes":""},"categories":[],"tags":[],"class_list":["post-5706","post","type-post","status-publish","format-standard","hentry"],"_links":{"self":[{"href":"https:\/\/aguaslindasnoticias.com.br\/index.php\/wp-json\/wp\/v2\/posts\/5706","targetHints":{"allow":["GET"]}}],"collection":[{"href":"https:\/\/aguaslindasnoticias.com.br\/index.php\/wp-json\/wp\/v2\/posts"}],"about":[{"href":"https:\/\/aguaslindasnoticias.com.br\/index.php\/wp-json\/wp\/v2\/types\/post"}],"author":[{"embeddable":true,"href":"https:\/\/aguaslindasnoticias.com.br\/index.php\/wp-json\/wp\/v2\/users\/1"}],"replies":[{"embeddable":true,"href":"https:\/\/aguaslindasnoticias.com.br\/index.php\/wp-json\/wp\/v2\/comments?post=5706"}],"version-history":[{"count":0,"href":"https:\/\/aguaslindasnoticias.com.br\/index.php\/wp-json\/wp\/v2\/posts\/5706\/revisions"}],"wp:attachment":[{"href":"https:\/\/aguaslindasnoticias.com.br\/index.php\/wp-json\/wp\/v2\/media?parent=5706"}],"wp:term":[{"taxonomy":"category","embeddable":true,"href":"https:\/\/aguaslindasnoticias.com.br\/index.php\/wp-json\/wp\/v2\/categories?post=5706"},{"taxonomy":"post_tag","embeddable":true,"href":"https:\/\/aguaslindasnoticias.com.br\/index.php\/wp-json\/wp\/v2\/tags?post=5706"}],"curies":[{"name":"wp","href":"https:\/\/api.w.org\/{rel}","templated":true}]}}