{"id":5701,"date":"2023-01-04T10:14:47","date_gmt":"2023-01-04T13:14:47","guid":{"rendered":"https:\/\/aguaslindasnoticias.com.br\/index.php\/2023\/01\/04\/e-o-tchan-faz-show-com-entrada-gratuita-em-brazlandia\/"},"modified":"2023-01-04T10:14:47","modified_gmt":"2023-01-04T13:14:47","slug":"e-o-tchan-faz-show-com-entrada-gratuita-em-brazlandia","status":"publish","type":"post","link":"https:\/\/aguaslindasnoticias.com.br\/index.php\/2023\/01\/04\/e-o-tchan-faz-show-com-entrada-gratuita-em-brazlandia\/","title":{"rendered":"\u00c9 o Tchan faz show com entrada gratuita em Brazl\u00e2ndia"},"content":{"rendered":"\n<figure class=\"wp-block-image size-large\"><img decoding=\"async\" src=\"http:\/\/claricegulyas.com.br\/wp-content\/uploads\/2022\/06\/\u00e9-o-tchan-brazlandia-df-1024x1022.jpeg\" alt=\"\" class=\"wp-image-10418\"\/><\/figure>\n\n\n\n<p><em>Compadre Washington e Beto Jamaica encerram s\u00e9rie de apresenta\u00e7\u00f5es musicais que celebram os 89 anos da cidade. A entrada \u00e9 gratuita<\/em><\/p>\n\n\n\n<p><br>Sensa\u00e7\u00e3o da d\u00e9cada de 1990, o grupo baiano \u00c9 o Tchan retorna a Bras\u00edlia neste domingo (26\/6), \u00e0s 23h, para show com entrada gratuita em Brazl\u00e2ndia (DF). M\u00fasicas que marcaram gera\u00e7\u00f5es, como Segure o Tchan, Na Boquinha da Garrafa, \u2018Dan\u00e7a da Cordinha\u2019 e a nova Piseiro do Tchan est\u00e3o confirmadas para a apresenta\u00e7\u00e3o na Pra\u00e7a do La\u00e7o, com abertura do cantor local Tiago Kallanzas.<\/p>\n\n\n\n<p>Dando continuidade \u00e0s celebra\u00e7\u00f5es do anivers\u00e1rio de 89 anos da cidade, comemorado no dia 5 de junho, a programa\u00e7\u00e3o de domingo tem in\u00edcio \u00e0s 8h, com desfile c\u00edvico, seguido pelo tradicional Costel\u00e3o da Par\u00f3quia S\u00e3o Sebasti\u00e3o, \u00e0s 12h. A tarde ser\u00e1 regada a comidas t\u00edpicas de festa junina, com participa\u00e7\u00e3o do Centro de Ensino Especial de Brazl\u00e2ndia (Cenebraz).<\/p>\n\n\n\n<p>Durante todo o m\u00eas, diversas atra\u00e7\u00f5es nacionais e locais movimentaram a regi\u00e3o, al\u00e9m de atividades e presta\u00e7\u00e3o de servi\u00e7os gratuitos \u00e0 comunidade. O evento vai at\u00e9 o dia 7 de julho, com exibi\u00e7\u00f5es gratuitas de cinema pelo projeto Circuito Cine<br>Drive in nas Cidades. O evento \u00e9 realizado pela associa\u00e7\u00e3o Cresce DF e Administra\u00e7\u00e3o Regional de Brazl\u00e2ndia, com o apoio da Secretaria de Turismo do DF.<\/p>\n\n\n\n<p><strong>Programa\u00e7\u00e3o:<\/strong><\/p>\n\n\n\n<p>30\/6, quinta, \u00e0s 19h: Encontro de Gera\u00e7\u00f5es na Pra\u00e7a do Artes\u00e3o<\/p>\n\n\n\n<p>1\u00ba\/7 a 7\/7, \u00e0s 17h: Circuito Cine Drive in nas Cidades<\/p>\n\n\n\n<p>2\/7, s\u00e1bado, \u00e0s 19h: Festa junina do Centro Educacional Incra 8<\/p>\n\n\n\n<p><br><strong>Rota do Turismo<\/strong><\/p>\n\n\n\n<p>Cidade que abastece o Distrito Federal com frutas e hortali\u00e7as, Brazl\u00e2ndia tem se consolidado como uma das principais rotas de turismo da capital. A terceira regi\u00e3o administrativa tem atra\u00eddo p\u00fablico de diversas regi\u00f5es por meio de atrativos<br>naturais e tradicionais eventos culturais e religiosos. Parte de Luzi\u00e2nia at\u00e9 1932, Brazl\u00e2ndia tamb\u00e9m tem sido o destino de grandes empresas, que t\u00eam contribu\u00eddo com o aumento da gera\u00e7\u00e3o de emprego e renda na regi\u00e3o.<\/p>\n\n\n\n<p>Cerca de R$ 82 milh\u00f5es foram investidos pelo Governo do DF em Brazl\u00e2ndia desde 2019, refletindo em melhorias de infraestrutura e mais qualidade de vida para seus moradores e visitantes. Dentre o pacote de obras entregue est\u00e3o pavimenta\u00e7\u00f5es de vias p\u00fablicas, troca de ilumina\u00e7\u00e3o de l\u00e2mpadas convencionais por LED, constru\u00e7\u00e3o<br>de uma escola t\u00e9cnica e a primeira Unidade de Pronto Atendimento (UPA).<\/p>\n\n\n\n<p><br><strong>Servi\u00e7o:<\/strong><br><strong>Show do \u00c9 o Tchan<\/strong><br>Data: 26 de junho de 2022 (domingo)<br>Hora: 23h<br>Local: Pra\u00e7a do La\u00e7o (Setor Norte)<br>Informa\u00e7\u00f5es: (61) 98424-8537<\/p>\n","protected":false},"excerpt":{"rendered":"<p>Compadre Washington e Beto Jamaica encerram s\u00e9rie de apresenta\u00e7\u00f5es musicais que celebram os 89 anos da cidade. A entrada \u00e9 gratuita Sensa\u00e7\u00e3o da d\u00e9cada de 1990, o grupo baiano \u00c9 o Tchan retorna a Bras\u00edlia neste domingo (26\/6), \u00e0s 23h, para show com entrada gratuita em Brazl\u00e2ndia (DF). M\u00fasicas que marcaram gera\u00e7\u00f5es, como Segure o [&hellip;]<\/p>\n","protected":false},"author":1,"featured_media":0,"comment_status":"open","ping_status":"open","sticky":false,"template":"","format":"standard","meta":{"footnotes":""},"categories":[],"tags":[],"class_list":["post-5701","post","type-post","status-publish","format-standard","hentry"],"_links":{"self":[{"href":"https:\/\/aguaslindasnoticias.com.br\/index.php\/wp-json\/wp\/v2\/posts\/5701","targetHints":{"allow":["GET"]}}],"collection":[{"href":"https:\/\/aguaslindasnoticias.com.br\/index.php\/wp-json\/wp\/v2\/posts"}],"about":[{"href":"https:\/\/aguaslindasnoticias.com.br\/index.php\/wp-json\/wp\/v2\/types\/post"}],"author":[{"embeddable":true,"href":"https:\/\/aguaslindasnoticias.com.br\/index.php\/wp-json\/wp\/v2\/users\/1"}],"replies":[{"embeddable":true,"href":"https:\/\/aguaslindasnoticias.com.br\/index.php\/wp-json\/wp\/v2\/comments?post=5701"}],"version-history":[{"count":0,"href":"https:\/\/aguaslindasnoticias.com.br\/index.php\/wp-json\/wp\/v2\/posts\/5701\/revisions"}],"wp:attachment":[{"href":"https:\/\/aguaslindasnoticias.com.br\/index.php\/wp-json\/wp\/v2\/media?parent=5701"}],"wp:term":[{"taxonomy":"category","embeddable":true,"href":"https:\/\/aguaslindasnoticias.com.br\/index.php\/wp-json\/wp\/v2\/categories?post=5701"},{"taxonomy":"post_tag","embeddable":true,"href":"https:\/\/aguaslindasnoticias.com.br\/index.php\/wp-json\/wp\/v2\/tags?post=5701"}],"curies":[{"name":"wp","href":"https:\/\/api.w.org\/{rel}","templated":true}]}}