{"id":5699,"date":"2023-01-04T10:14:47","date_gmt":"2023-01-04T13:14:47","guid":{"rendered":"https:\/\/aguaslindasnoticias.com.br\/index.php\/2023\/01\/04\/sancionada-nova-lei-da-regularizacao-fundiaria-urbana\/"},"modified":"2023-01-04T10:14:47","modified_gmt":"2023-01-04T13:14:47","slug":"sancionada-nova-lei-da-regularizacao-fundiaria-urbana","status":"publish","type":"post","link":"https:\/\/aguaslindasnoticias.com.br\/index.php\/2023\/01\/04\/sancionada-nova-lei-da-regularizacao-fundiaria-urbana\/","title":{"rendered":"Sancionada nova Lei da Regulariza\u00e7\u00e3o Fundi\u00e1ria Urbana"},"content":{"rendered":"\n<p>Norma cria novas \u00e1reas de interesse social e simplifica procedimentos, entre outras melhorias<\/p>\n\n\n\n<p>Ag\u00eancia Bras\u00edlia* | Edi\u00e7\u00e3o: M\u00f4nica Pedroso<\/p>\n\n\n\n<p>O governador Ibaneis Rocha sancionou a Lei Complementar n\u00b0 986\/2021, que trata da Regulariza\u00e7\u00e3o Fundi\u00e1ria Urbana (Reurb) no Distrito Federal. A norma foi publicada na edi\u00e7\u00e3o desta sexta-feira (2) do&nbsp;<em>Di\u00e1rio Oficial do Distrito Federal<\/em>&nbsp;(DODF).<\/p>\n\n\n\n<figure class=\"wp-block-image\"><img decoding=\"async\" src=\"http:\/\/www.agenciabrasilia.df.gov.br\/wp-conteudo\/uploads\/2021\/07\/banner-741x494-1-1.png\" alt=\"\" class=\"wp-image-311692\"\/><figcaption>A lei sancionada nesta quinta (1\u00ba) simplifica e moderniza o licenciamento urbano e ambiental, al\u00e9m de criar oito novas Aris. Uma delas \u00e9 o Morro da Cruz II, em S\u00e3o Sebasti\u00e3o | Foto: Divulga\u00e7\u00e3o\/Seduh<\/figcaption><\/figure>\n\n\n\n<p>De autoria da Secretaria de Desenvolvimento Urbano e Habita\u00e7\u00e3o (Seduh), o instrumento simplifica procedimentos relativos ao licenciamento urban\u00edstico e ambiental dos projetos de regulariza\u00e7\u00e3o, moderniza as regras de regulariza\u00e7\u00e3o fundi\u00e1ria urbana previstas no Plano Diretor de Ordenamento Territorial do DF (Pdot) de 2009 e incorpora \u00e0 legisla\u00e7\u00e3o distrital os instrumentos da Lei Federal n\u00ba 13.465\/2017, que trouxe inova\u00e7\u00f5es importantes.<\/p>\n\n\n\n<blockquote class=\"wp-block-quote is-layout-flow wp-block-quote-is-layout-flow\"><p>\u201cEssa lei \u00e9 uma grande vit\u00f3ria de toda a popula\u00e7\u00e3o que reside em \u00e1reas de regulariza\u00e7\u00e3o e, em especial nessas oito novas Aris, e uma demonstra\u00e7\u00e3o clara de que o governo est\u00e1 atento \u00e0 necessidade urgente de dar melhores condi\u00e7\u00f5es de vida \u00e0 popula\u00e7\u00e3o que mais necessita, ainda mais nesse momento de pandemia\u201dMateus Oliveira, secret\u00e1rio de Desenvolvimento Urbano e Habita\u00e7\u00e3o<\/p><\/blockquote>\n\n\n\n<p>A lei tem como objetivo principal garantir \u00e0 popula\u00e7\u00e3o de baixa renda o direito \u00e0 moradia com seguran\u00e7a jur\u00eddica e infraestrutura necess\u00e1ria. Uma das principais medidas \u00e9 a cria\u00e7\u00e3o de oito novas unidades de \u00c1rea de Regulariza\u00e7\u00e3o de Interesse Social (Aris). A princ\u00edpio, elas beneficiar\u00e3o cerca de 50 mil moradores das regi\u00f5es administrativas de Sobradinho, Planaltina, Sol Nascente\/P\u00f4r do Sol e S\u00e3o Sebasti\u00e3o.<\/p>\n\n\n\n<p><strong>Confira a lista das novas Aris:<\/strong><\/p>\n\n\n\n<p>\u2022 Aris Cap\u00e3o Comprido \u2013 S\u00e3o Sebasti\u00e3o<\/p>\n\n\n\n<p>\u2022 Aris Morro da Cruz II \u2013 S\u00e3o Sebasti\u00e3o<\/p>\n\n\n\n<p>\u2022 Aris Vila do Boa \u2013 S\u00e3o Sebasti\u00e3o<\/p>\n\n\n\n<p>\u2022 Aris Condom\u00ednio Bica do DER \u2013 Planaltina<\/p>\n\n\n\n<p>\u2022 Aris Favelinha da Horta Comunit\u00e1ria I \u2013 Planaltina<\/p>\n\n\n\n<p>\u2022 Aris Miguel Lobato \u2013 Sobradinho<\/p>\n\n\n\n<p>\u2022 Aris Dorothy Stang \u2013 Sobradinho<\/p>\n\n\n\n<p>\u2022 Aris Nova G\u00eanesis \u2013 Sol Nascente\/P\u00f4r do Sol<\/p>\n\n\n\n<p>\u201cEssa lei \u00e9 uma grande vit\u00f3ria de toda a popula\u00e7\u00e3o que reside em \u00e1reas de regulariza\u00e7\u00e3o e, em especial nessas oito novas Aris, e uma demonstra\u00e7\u00e3o clara de que o governo est\u00e1 atento \u00e0 necessidade urgente de dar melhores condi\u00e7\u00f5es de vida \u00e0 popula\u00e7\u00e3o que mais necessita, ainda mais nesse momento de pandemia\u201d, afirmou o secret\u00e1rio de Desenvolvimento Urbano e Habita\u00e7\u00e3o, Mateus Oliveira.<\/p>\n\n\n\n<p>Os moradores devem atender alguns crit\u00e9rios, como ter uma renda familiar de at\u00e9 cinco sal\u00e1rios m\u00ednimos, n\u00e3o ter sido benefici\u00e1rio de programa habitacional, n\u00e3o ser ou ter sido propriet\u00e1rio, benefici\u00e1rio, concession\u00e1rio ou comprador de im\u00f3vel e n\u00e3o ser nem ter sido benefici\u00e1rio contemplado por legitima\u00e7\u00e3o fundi\u00e1ria ou de posse.<\/p>\n\n\n\n<p><strong>Revolu\u00e7\u00e3o<\/strong><\/p>\n\n\n\n<p>Na avalia\u00e7\u00e3o do secret\u00e1rio executivo de Licenciamento e Regulariza\u00e7\u00e3o Fundi\u00e1ria da Seduh, Marcelo Vaz, a medida vem para revolucionar a regulariza\u00e7\u00e3o fundi\u00e1ria do DF.<\/p>\n\n\n\n<p>\u201cA aprova\u00e7\u00e3o dessa lei representa uma etapa muito importante, na medida em que, al\u00e9m da defini\u00e7\u00e3o de novas \u00e1reas de regulariza\u00e7\u00e3o, tamb\u00e9m atende diversos moradores que dependiam, h\u00e1 anos, dos instrumentos previstos na lei para avan\u00e7ar\u201d, ponderou.<\/p>\n\n\n\n<p>A lei tamb\u00e9m define crit\u00e9rios para o enquadramento das \u00e1reas na modalidade da Regulariza\u00e7\u00e3o Fundi\u00e1ria de Interesse Social (Reurb-S) e Regulariza\u00e7\u00e3o Fundi\u00e1ria de Interesse Espec\u00edfico (Reurb-E).<\/p>\n\n\n\n<p>O primeiro caso gera as condi\u00e7\u00f5es para os n\u00facleos urbanos informais ocupados, principalmente, por popula\u00e7\u00f5es de baixa renda reconhecidas formalmente pelo Executivo. J\u00e1 o segundo pavimenta a legaliza\u00e7\u00e3o para pessoas com renda acima da faixa de renda espec\u00edfica.<\/p>\n\n\n\n<blockquote class=\"wp-block-quote is-layout-flow wp-block-quote-is-layout-flow\"><p>A lei tamb\u00e9m permite a instala\u00e7\u00e3o e adequa\u00e7\u00e3o da infraestrutura essencial, em car\u00e1ter provis\u00f3rio, em n\u00facleos urbanos informais em processo de regulariza\u00e7\u00e3o<\/p><\/blockquote>\n\n\n\n<p><strong>Destaques<\/strong><\/p>\n\n\n\n<p>Outro ponto de destaque \u00e9 o que permite a instala\u00e7\u00e3o e adequa\u00e7\u00e3o da infraestrutura essencial, em car\u00e1ter provis\u00f3rio, em n\u00facleos urbanos informais em processo de regulariza\u00e7\u00e3o. A medida inclui a implementa\u00e7\u00e3o de sistemas de abastecimento de \u00e1gua pot\u00e1vel, de coleta de lixo, tratamento do esgotamento sanit\u00e1rio, redes de energia el\u00e9trica domiciliar, ilumina\u00e7\u00e3o p\u00fablica, solu\u00e7\u00f5es de drenagem e outros equipamentos.<\/p>\n\n\n\n<p>Destaca-se tamb\u00e9m a inova\u00e7\u00e3o quanto \u00e0 possibilidade de titula\u00e7\u00e3o de ocupa\u00e7\u00f5es existentes em cidades consolidadas, com a previs\u00e3o de instrumentos que garantem a moradores de lotes j\u00e1 registrados a legaliza\u00e7\u00e3o e seguran\u00e7a jur\u00eddica de suas propriedades.<\/p>\n\n\n\n<p>O texto j\u00e1 havia sido aprovado na C\u00e2mara Legislativa do Distrito Federal (CLDF) em junho e antes disso, por unanimidade, pelo Conselho de Desenvolvimento Territorial e Urbano do DF (Conplan).<\/p>\n\n\n\n<p><em>*Com informa\u00e7\u00f5es da Seduh<\/em><\/p>\n","protected":false},"excerpt":{"rendered":"<p>Norma cria novas \u00e1reas de interesse social e simplifica procedimentos, entre outras melhorias Ag\u00eancia Bras\u00edlia* | Edi\u00e7\u00e3o: M\u00f4nica Pedroso O governador Ibaneis Rocha sancionou a Lei Complementar n\u00b0 986\/2021, que trata da Regulariza\u00e7\u00e3o Fundi\u00e1ria Urbana (Reurb) no Distrito Federal. A norma foi publicada na edi\u00e7\u00e3o desta sexta-feira (2) do&nbsp;Di\u00e1rio Oficial do Distrito Federal&nbsp;(DODF). De autoria [&hellip;]<\/p>\n","protected":false},"author":1,"featured_media":0,"comment_status":"open","ping_status":"open","sticky":false,"template":"","format":"standard","meta":{"footnotes":""},"categories":[],"tags":[],"class_list":["post-5699","post","type-post","status-publish","format-standard","hentry"],"_links":{"self":[{"href":"https:\/\/aguaslindasnoticias.com.br\/index.php\/wp-json\/wp\/v2\/posts\/5699","targetHints":{"allow":["GET"]}}],"collection":[{"href":"https:\/\/aguaslindasnoticias.com.br\/index.php\/wp-json\/wp\/v2\/posts"}],"about":[{"href":"https:\/\/aguaslindasnoticias.com.br\/index.php\/wp-json\/wp\/v2\/types\/post"}],"author":[{"embeddable":true,"href":"https:\/\/aguaslindasnoticias.com.br\/index.php\/wp-json\/wp\/v2\/users\/1"}],"replies":[{"embeddable":true,"href":"https:\/\/aguaslindasnoticias.com.br\/index.php\/wp-json\/wp\/v2\/comments?post=5699"}],"version-history":[{"count":0,"href":"https:\/\/aguaslindasnoticias.com.br\/index.php\/wp-json\/wp\/v2\/posts\/5699\/revisions"}],"wp:attachment":[{"href":"https:\/\/aguaslindasnoticias.com.br\/index.php\/wp-json\/wp\/v2\/media?parent=5699"}],"wp:term":[{"taxonomy":"category","embeddable":true,"href":"https:\/\/aguaslindasnoticias.com.br\/index.php\/wp-json\/wp\/v2\/categories?post=5699"},{"taxonomy":"post_tag","embeddable":true,"href":"https:\/\/aguaslindasnoticias.com.br\/index.php\/wp-json\/wp\/v2\/tags?post=5699"}],"curies":[{"name":"wp","href":"https:\/\/api.w.org\/{rel}","templated":true}]}}