{"id":5698,"date":"2023-01-04T10:14:40","date_gmt":"2023-01-04T13:14:40","guid":{"rendered":"https:\/\/aguaslindasnoticias.com.br\/index.php\/2023\/01\/04\/no-lugar-do-touring-brasilia-vai-ganhar-museu\/"},"modified":"2023-01-04T10:14:40","modified_gmt":"2023-01-04T13:14:40","slug":"no-lugar-do-touring-brasilia-vai-ganhar-museu","status":"publish","type":"post","link":"https:\/\/aguaslindasnoticias.com.br\/index.php\/2023\/01\/04\/no-lugar-do-touring-brasilia-vai-ganhar-museu\/","title":{"rendered":"No lugar do Touring, Bras\u00edlia vai ganhar museu"},"content":{"rendered":"\n<p><\/p>\n\n\n\n<p>Local ser\u00e1 um complexo cultural de arte, ci\u00eancia e tecnologia; aprovado pelos distritais, texto do PL segue agora para a san\u00e7\u00e3o do governador Ibaneis<\/p>\n\n\n\n<p>Ag\u00eancia Bras\u00edlia * I Edi\u00e7\u00e3o: Carolina Jardon&nbsp;&nbsp;Bras\u00edlia receber\u00e1 como presente de anivers\u00e1rio em 2022 o Museu de Arte, Ci\u00eancia e Tecnologia, em constru\u00e7\u00e3o no pr\u00e9dio do antigo Touring Club. A instala\u00e7\u00e3o ser\u00e1 poss\u00edvel gra\u00e7as ao Projeto de Lei Complementar (PLC) n\u00b0 90\/2021, de iniciativa do Poder Executivo, aprovado na noite desta ter\u00e7a-feira (9) no plen\u00e1rio da C\u00e2mara Legislativa do Distrito Federal (CLDF). Agora, o texto seguir\u00e1 para a san\u00e7\u00e3o do governador Ibaneis Rocha.<\/p>\n\n\n\n<p>O PLC, elaborado pela Secretaria de Desenvolvimento Urbano e Habita\u00e7\u00e3o (Seduh), inclui o uso cultural e define os par\u00e2metros urban\u00edsticos do lote 1 do Setor Cultural Sul (SCTS) do Plano Piloto. Na \u00e1rea, onde fica o edif\u00edcio Touring, est\u00e1 prevista a implanta\u00e7\u00e3o do museu tecnol\u00f3gico.<\/p>\n\n\n\n<p>\u201cEssa \u00e9 uma aprova\u00e7\u00e3o a ser comemorada, uma vez que p\u00f5e fim a um problema que se arrastava h\u00e1 d\u00e9cadas, que era a falta de previs\u00e3o legal do uso cultural para o pr\u00e9dio do Touring. Assim, torna-se poss\u00edvel, de forma definitiva, a instala\u00e7\u00e3o de um museu que ser\u00e1 um grande presente para Bras\u00edlia\u201d, elogiou o secret\u00e1rio de Desenvolvimento Urbano e Habita\u00e7\u00e3o, Mateus Oliveira.<\/p>\n\n\n\n<figure class=\"wp-block-image\"><a href=\"http:\/\/www.agenciabrasilia.df.gov.br\/2021\/11\/10\/no-lugar-do-touring-brasilia-vai-ganhar-um-museu\/banner-741x494-20\/\"><img decoding=\"async\" src=\"http:\/\/www.agenciabrasilia.df.gov.br\/wp-conteudo\/uploads\/2021\/11\/banner-741x494-1-300x198.png\" alt=\"\" class=\"wp-image-352221\"\/><\/a><figcaption>Arte: na \u00e1rea, onde fica o edif\u00edcio Touring, est\u00e1 prevista a implanta\u00e7\u00e3o do museu tecnol\u00f3gico<\/figcaption><\/figure>\n\n\n\n<p>Para a deputada distrital Arlete Sampaio, relatora do projeto em duas comiss\u00f5es da CLDF, o museu ser\u00e1 um ganho enorme para a popula\u00e7\u00e3o. \u201cEle vai tornar mais vivo o centro da capital federal. \u00c9 um projeto t\u00e3o merit\u00f3rio que merece o voto de todos os parlamentares dessa casa\u201d, comentou.<\/p>\n\n\n\n<p>Outros deputados presentes na vota\u00e7\u00e3o em primeiro turno tamb\u00e9m elogiaram a iniciativa. \u201cParabenizo o governo e tamb\u00e9m o Sistema S, que vai participar dessa constru\u00e7\u00e3o e prepara\u00e7\u00e3o desse espa\u00e7o. \u00c9 uma boa not\u00edcia para Bras\u00edlia a aprova\u00e7\u00e3o desse projeto\u201d, comemorou o deputado distrital Leandro Grass.<\/p>\n\n\n\n<p>A previs\u00e3o \u00e9 que o Sesi\/Senai, propriet\u00e1rio do lote, investir\u00e1 aproximadamente R$ 160 milh\u00f5es para construir o museu. O objetivo \u00e9 que a estrutura seja um espa\u00e7o de ci\u00eancia, arte, tecnologia e inova\u00e7\u00e3o, localizado de frente para a Biblioteca Nacional e do Museu Nacional da Rep\u00fablica.<\/p>\n\n\n\n<p>O local ser\u00e1 chamado de Sesi Lab e ter\u00e1 um anfiteatro externo para atividades culturais ao ar livre, quatro galerias para exposi\u00e7\u00f5es, \u00e1reas de oficinas educativas, loja conceito, jardim e caf\u00e9. Contar\u00e1 tamb\u00e9m com o apoio e curadoria do Exploratorium, centro interativo instalado em S\u00e3o Francisco, nos Estados Unidos.<\/p>\n\n\n\n<p>Ainda pela proposta, o uso da \u00e1rea deve permitir o funcionamento e a manuten\u00e7\u00e3o da passagem p\u00fablica que liga a Plataforma Superior da Rodovi\u00e1ria ao Setor Cultural Sul.<\/p>\n\n\n\n<p>Al\u00e9m disso, o espa\u00e7o adjacente ao lote ser\u00e1 revitalizado pelo Sesi por meio do programa Adote uma Pra\u00e7a, administrado pela Secretaria de Estado de Projetos Especiais do Distrito Federal (Sepe). A iniciativa prev\u00ea a constru\u00e7\u00e3o de uma grande pra\u00e7a na \u00e1rea p\u00fablica existente entre o Touring e a Biblioteca Nacional. A execu\u00e7\u00e3o ser\u00e1 custeada pelo Sesi e j\u00e1 foi aprovada pelo Conselho de Planejamento Territorial Urbano do Distrito Federal (Conplan).<\/p>\n\n\n\n<p><strong>Aprova\u00e7\u00f5es<\/strong><\/p>\n\n\n\n<p>A minuta do PLC foi aprovada em julho pelo Conplan. Na ocasi\u00e3o, os relatores do colegiado trouxeram aperfei\u00e7oamentos ao texto, como a inclus\u00e3o da possibilidade de com\u00e9rcio de <em>souvenirs<\/em>&nbsp;e artigos de arte no local, e a previs\u00e3o de vagas para bicicletas no estacionamento.<\/p>\n\n\n\n<p>Antes disso, o projeto j\u00e1 contava com a aprova\u00e7\u00e3o do Instituto do Patrim\u00f4nio Hist\u00f3rico e Art\u00edstico Nacional (Iphan), por meio do parecer t\u00e9cnico n\u00b0 51\/2021. O texto tamb\u00e9m segue o entendimento da Portaria n\u00ba 166\/2016 do instituto, que prev\u00ea a destina\u00e7\u00e3o dos setores culturais Norte e Sul do Plano Piloto para o uso de equipamentos p\u00fablicos de car\u00e1ter cultural.<\/p>\n\n\n\n<p><em>* Com informa\u00e7\u00f5es da Seduh<\/em><\/p>\n","protected":false},"excerpt":{"rendered":"<p>Local ser\u00e1 um complexo cultural de arte, ci\u00eancia e tecnologia; aprovado pelos distritais, texto do PL segue agora para a san\u00e7\u00e3o do governador Ibaneis Ag\u00eancia Bras\u00edlia * I Edi\u00e7\u00e3o: Carolina Jardon&nbsp;&nbsp;Bras\u00edlia receber\u00e1 como presente de anivers\u00e1rio em 2022 o Museu de Arte, Ci\u00eancia e Tecnologia, em constru\u00e7\u00e3o no pr\u00e9dio do antigo Touring Club. A instala\u00e7\u00e3o [&hellip;]<\/p>\n","protected":false},"author":1,"featured_media":0,"comment_status":"open","ping_status":"open","sticky":false,"template":"","format":"standard","meta":{"footnotes":""},"categories":[],"tags":[],"class_list":["post-5698","post","type-post","status-publish","format-standard","hentry"],"_links":{"self":[{"href":"https:\/\/aguaslindasnoticias.com.br\/index.php\/wp-json\/wp\/v2\/posts\/5698","targetHints":{"allow":["GET"]}}],"collection":[{"href":"https:\/\/aguaslindasnoticias.com.br\/index.php\/wp-json\/wp\/v2\/posts"}],"about":[{"href":"https:\/\/aguaslindasnoticias.com.br\/index.php\/wp-json\/wp\/v2\/types\/post"}],"author":[{"embeddable":true,"href":"https:\/\/aguaslindasnoticias.com.br\/index.php\/wp-json\/wp\/v2\/users\/1"}],"replies":[{"embeddable":true,"href":"https:\/\/aguaslindasnoticias.com.br\/index.php\/wp-json\/wp\/v2\/comments?post=5698"}],"version-history":[{"count":0,"href":"https:\/\/aguaslindasnoticias.com.br\/index.php\/wp-json\/wp\/v2\/posts\/5698\/revisions"}],"wp:attachment":[{"href":"https:\/\/aguaslindasnoticias.com.br\/index.php\/wp-json\/wp\/v2\/media?parent=5698"}],"wp:term":[{"taxonomy":"category","embeddable":true,"href":"https:\/\/aguaslindasnoticias.com.br\/index.php\/wp-json\/wp\/v2\/categories?post=5698"},{"taxonomy":"post_tag","embeddable":true,"href":"https:\/\/aguaslindasnoticias.com.br\/index.php\/wp-json\/wp\/v2\/tags?post=5698"}],"curies":[{"name":"wp","href":"https:\/\/api.w.org\/{rel}","templated":true}]}}