{"id":5697,"date":"2023-01-04T10:14:40","date_gmt":"2023-01-04T13:14:40","guid":{"rendered":"https:\/\/aguaslindasnoticias.com.br\/index.php\/2023\/01\/04\/projeto-musica-nas-feiras-tem-inicio-neste-final-de-semana-em-sobradinho-sobradinho-2-e-sao-sebastiao\/"},"modified":"2023-01-04T10:14:40","modified_gmt":"2023-01-04T13:14:40","slug":"projeto-musica-nas-feiras-tem-inicio-neste-final-de-semana-em-sobradinho-sobradinho-2-e-sao-sebastiao","status":"publish","type":"post","link":"https:\/\/aguaslindasnoticias.com.br\/index.php\/2023\/01\/04\/projeto-musica-nas-feiras-tem-inicio-neste-final-de-semana-em-sobradinho-sobradinho-2-e-sao-sebastiao\/","title":{"rendered":"Projeto M\u00fasica nas Feiras tem in\u00edcio neste final de semana em Sobradinho, Sobradinho 2 e S\u00e3o Sebasti\u00e3o"},"content":{"rendered":"\n<figure class=\"wp-block-image size-large\"><img decoding=\"async\" src=\"http:\/\/claricegulyas.com.br\/wp-content\/uploads\/2022\/06\/musica-nas-feiras-projeto-sobradinho-sao-sebastiao-grupo-azulim-df-brasilia-cultura-1024x1024.jpeg\" alt=\"\" class=\"wp-image-10406\"\/><\/figure>\n\n\n\n<p><em>Pelo menos 650 artistas das cidades atendidas pelo projeto subir\u00e3o aos palcos nas 324 apresenta\u00e7\u00f5es previstas. Espet\u00e1culos ser\u00e3o simultaneamente nas tr\u00eas cidades durante os s\u00e1bados e domingos<\/em><\/p>\n\n\n\n<p><br>Apresenta\u00e7\u00f5es musicais de diversos estilos e ritmos voltar\u00e3o a tomar conta das feiras da cidade neste final de semana, dias 18 e 19 de junho. A segunda edi\u00e7\u00e3o do projeto<strong> M\u00fasica nas Feiras<\/strong> vai acontecer de forma simult\u00e2nea, aos s\u00e1bados e domingos, das 11h \u00e0s 15h, nas feiras permanentes de <strong>Sobradinho, Sobradinho 2 e S\u00e3o Sebasti\u00e3o<\/strong>. A programa\u00e7\u00e3o inclui shows solo e em grupo, com entrada gratuita e classifica\u00e7\u00e3o livre.<\/p>\n\n\n\n<p>Idealizado pelo <strong>Grupo Cultural Azulim<\/strong>, com apoio da Secretaria de Cultura e Economia Criativa do DF, o objetivo do projeto \u00e9 contribuir com o fomento cultural, forma\u00e7\u00e3o de plateia e incentivo e desenvolvimento da economia criativa. A iniciativa deve gerar oportunidade para mais de 650 artistas ou grupos locais, al\u00e9m de beneficiar feirantes e visitantes.<\/p>\n\n\n\n<p>&#8220;Al\u00e9m de Sobradinho e Sobradinho 2, essa segunda edi\u00e7\u00e3o do projeto chega a S\u00e3o Sebasti\u00e3o, que apesar de ser uma cidade nova, tem sido protagonista em movimentos coletivos culturais. O projeto ser\u00e1 uma oportunidade de fortalecer as a\u00e7\u00f5es culturais da cidade, gerando renda e oportunidade para o surgimento de novos talentos.&#8221;, afirma a organiza\u00e7\u00e3o.<\/p>\n\n\n\n<p><strong>Programa\u00e7\u00e3o da primeira quinzena:<\/strong><\/p>\n\n\n\n<p><strong>S\u00e1bado, 18\/6:<\/strong><br>Lincoln J\u00fanior, Vanessa Porto e Gisele Guedes (Sobradinho)<br>Ester Montenegro, Joel Silva Sensa\u00e7\u00e3o e Oliveira e Elza (Sobradinho 2)<br>Forr\u00f3 Pisada Black, Forr\u00f3 Bom D\u00b4Xamegar e Gilard Show (S\u00e3o Sebasti\u00e3o)<\/p>\n\n\n\n<p><strong>Domingo, 19\/6:<\/strong><br>M\u00e1rcio Texano, Gleyber Alves e Sim\u00e3o Santos (Sobradinho)<br>Lu Santos e Z\u00e9 D\u00e9lcio, Rodolfinho Ostenta\u00e7\u00e3o e Alex Junior (Sobradinho 2)<br>Xokolaty, Renan Rodrigues e Jorginho Peixoto e Banda (S\u00e3o Sebasti\u00e3o)<\/p>\n\n\n\n<p><strong>S\u00e1bado, 25\/6:<\/strong><br>Paulo Ruan, Banda FM e Majestade (Sobradinho)<br>Gerr\u00e1, Vitor Guedes e Beto Melo e Banda (Sobradinho 2)<br>Forr\u00f3 Pauleira, Jota J\u00fanior e Fabr\u00edcio Jr (S\u00e3o Sebasti\u00e3o)<\/p>\n\n\n\n<p><strong>Domingo, 26\/6:<\/strong><br>F\u00e1bio Monkey, Jo\u00e3o Dutra e Iago e Banda (Sobradinho)<br>Henrique Cardoso, Forr\u00f3 Xocante e Darlan Resende e Banda (Sobradinho 2)<br>Fabrycio Jr, Rycardo Solto e Wanderson Salles (S\u00e3o Sebasti\u00e3o)<\/p>\n\n\n\n<p><strong>Servi\u00e7o:<\/strong><br><strong>2\u00aa Edi\u00e7\u00e3o do Projeto M\u00fasica nas Feiras<\/strong><br>Data: 18 de junho a 23 de outubro de 2022<br>Hora: 11h \u00e0s 15h<br>Local: feiras permanentes de Sobradinho, Sobradinho 2 e S\u00e3o Sebasti\u00e3o<br>Informa\u00e7\u00f5es: @musicanasfeiras (instagram)<\/p>\n","protected":false},"excerpt":{"rendered":"<p>Pelo menos 650 artistas das cidades atendidas pelo projeto subir\u00e3o aos palcos nas 324 apresenta\u00e7\u00f5es previstas. Espet\u00e1culos ser\u00e3o simultaneamente nas tr\u00eas cidades durante os s\u00e1bados e domingos Apresenta\u00e7\u00f5es musicais de diversos estilos e ritmos voltar\u00e3o a tomar conta das feiras da cidade neste final de semana, dias 18 e 19 de junho. A segunda edi\u00e7\u00e3o [&hellip;]<\/p>\n","protected":false},"author":1,"featured_media":0,"comment_status":"open","ping_status":"open","sticky":false,"template":"","format":"standard","meta":{"footnotes":""},"categories":[],"tags":[],"class_list":["post-5697","post","type-post","status-publish","format-standard","hentry"],"_links":{"self":[{"href":"https:\/\/aguaslindasnoticias.com.br\/index.php\/wp-json\/wp\/v2\/posts\/5697","targetHints":{"allow":["GET"]}}],"collection":[{"href":"https:\/\/aguaslindasnoticias.com.br\/index.php\/wp-json\/wp\/v2\/posts"}],"about":[{"href":"https:\/\/aguaslindasnoticias.com.br\/index.php\/wp-json\/wp\/v2\/types\/post"}],"author":[{"embeddable":true,"href":"https:\/\/aguaslindasnoticias.com.br\/index.php\/wp-json\/wp\/v2\/users\/1"}],"replies":[{"embeddable":true,"href":"https:\/\/aguaslindasnoticias.com.br\/index.php\/wp-json\/wp\/v2\/comments?post=5697"}],"version-history":[{"count":0,"href":"https:\/\/aguaslindasnoticias.com.br\/index.php\/wp-json\/wp\/v2\/posts\/5697\/revisions"}],"wp:attachment":[{"href":"https:\/\/aguaslindasnoticias.com.br\/index.php\/wp-json\/wp\/v2\/media?parent=5697"}],"wp:term":[{"taxonomy":"category","embeddable":true,"href":"https:\/\/aguaslindasnoticias.com.br\/index.php\/wp-json\/wp\/v2\/categories?post=5697"},{"taxonomy":"post_tag","embeddable":true,"href":"https:\/\/aguaslindasnoticias.com.br\/index.php\/wp-json\/wp\/v2\/tags?post=5697"}],"curies":[{"name":"wp","href":"https:\/\/api.w.org\/{rel}","templated":true}]}}