{"id":5696,"date":"2023-01-04T10:14:40","date_gmt":"2023-01-04T13:14:40","guid":{"rendered":"https:\/\/aguaslindasnoticias.com.br\/index.php\/2023\/01\/04\/maio-registra-285-menos-mortes-no-transito-no-df\/"},"modified":"2023-01-04T10:14:40","modified_gmt":"2023-01-04T13:14:40","slug":"maio-registra-285-menos-mortes-no-transito-no-df","status":"publish","type":"post","link":"https:\/\/aguaslindasnoticias.com.br\/index.php\/2023\/01\/04\/maio-registra-285-menos-mortes-no-transito-no-df\/","title":{"rendered":"Maio registra 28,5% menos mortes no tr\u00e2nsito no DF"},"content":{"rendered":"\n<p>A redu\u00e7\u00e3o ocorreu em meio \u00e0s a\u00e7\u00f5es do Maio Amarelo, movimento mundial para diminuir o risco de acidentes<\/p>\n\n\n\n<p>Adriana Izel*, da Ag\u00eancia Bras\u00edlia | Edi\u00e7\u00e3o: Chico Neto&nbsp;O n\u00famero de mortes nas rodovias do Distrito Federal est\u00e1 em queda. Em maio deste ano, foram registrados 15 \u00f3bitos, 28,5% a menos do que no m\u00eas anterior. Tamb\u00e9m houve encolhimento, na compara\u00e7\u00e3o com o mesmo m\u00eas em 2021, quando 18 pessoas morreram no tr\u00e2nsito. Os dados s\u00e3o do levantamento estat\u00edstico do Departamento de Tr\u00e2nsito (Detran).<\/p>\n\n\n\n<figure class=\"wp-block-image\"><img decoding=\"async\" src=\"http:\/\/agenciabrasilia.df.gov.br\/wp-conteudo\/uploads\/2022\/06\/15.6.-Transito.-Foto-Vinicius-de-Melo-Agencia-Brasilia-300x200.jpeg\" alt=\"\" class=\"wp-image-416653\"\/><figcaption>Motociclistas fazem parte do grupo vulner\u00e1vel no tr\u00e2nsito | Foto: Vinicius de Melo\/Ag\u00eancia Bras\u00edlia<\/figcaption><\/figure>\n\n\n\n<blockquote class=\"wp-block-quote is-layout-flow wp-block-quote-is-layout-flow\"><p>\u201cNosso objetivo primordial \u00e9 chegar \u00e0 morte zero no tr\u00e2nsito, mas para isso precisamos contar com o engajamento de toda a sociedade\u201dThiago Nascimento, diretor-geral do Detran<\/p><\/blockquote>\n\n\n\n<p>Das 15 ocorr\u00eancias, somente tr\u00eas foram em vias urbanas, \u00e1rea que tamb\u00e9m apresentou redu\u00e7\u00e3o no n\u00famero de mortes. Nas vias de compet\u00eancia do Detran, entre janeiro e maio, foram registradas 19 mortes \u2013 39% a menos do que no mesmo per\u00edodo no ano passado. \u00c0 \u00e9poca, 31 pessoas morreram em acidentes de tr\u00e2nsito.<\/p>\n\n\n\n<p>As redu\u00e7\u00f5es ocorreram em meio \u00e0s a\u00e7\u00f5es do Maio Amarelo, movimento mundial com o objetivo de diminuir o risco de acidentes de tr\u00e2nsito. \u201cContinuaremos batalhando intensamente para manter esse feito\u201d, afirma o diretor-geral do Detran, Thiago Nascimento. \u201cO nosso objetivo primordial \u00e9 chegar \u00e0 morte zero no tr\u00e2nsito, mas para isso precisamos contar com o engajamento de toda a sociedade, porque o nosso lema \u00e9 \u2018Juntos salvamos vidas\u2019\u201d.<\/p>\n\n\n\n<p>A quantidade de pedestres mortos no DF tamb\u00e9m diminuiu nos cinco primeiros meses de 2022. Foram registradas 20 mortes por atropelamento contra 22 no mesmo per\u00edodo do ano passado. Nas vias do Detran, a redu\u00e7\u00e3o em rela\u00e7\u00e3o a 2021 chega a 25%. De janeiro a maio deste ano, foram nove mortes, enquanto no mesmo per\u00edodo do ano anterior houve o registro de 12. Al\u00e9m disso, de janeiro a maio deste ano, n\u00e3o houve \u00f3bitos em faixas de pedestres no DF.<\/p>\n\n\n\n<p><strong>Vulnerabilidade<\/strong><\/p>\n\n\n\n<p>Integrantes de um grupo vulner\u00e1vel, 25 motociclistas perderam a vida no tr\u00e2nsito at\u00e9 maio deste ano. Foram seis casos em vias urbanas e as demais ocorr\u00eancias em rodovias distritais ou federais. No caso dos ciclistas, foram oito mortes at\u00e9 agora, tr\u00eas em vias urbanas.<\/p>\n\n\n\n<p>\u201cRealizamos diversas a\u00e7\u00f5es para conscientizar a sociedade quanto a uma conviv\u00eancia pac\u00edfica e segura entre todos os modais\u201d, aponta o diretor-geral do Detran. Ele cita as campanhas publicit\u00e1rias e a\u00e7\u00f5es educativas de rua, como o Projeto Bike em Dia, e o passeio cicl\u00edstico \u2013 evento mensal em que as vias de determinada regi\u00e3o administrativa s\u00e3o tomadas por ciclistas.<\/p>\n\n\n\n<p>Em rela\u00e7\u00e3o \u00e0 combina\u00e7\u00e3o de \u00e1lcool e dire\u00e7\u00e3o, os dados do Detran revelam que, at\u00e9 maio, foram flagrados 14.468 condutores dirigindo ap\u00f3s o consumo de bebida alco\u00f3lica. O n\u00famero 69,4% maior do que o registrado em 2021.<\/p>\n\n\n\n<p>*<em>Com informa\u00e7\u00f5es do Detran-DF<\/em><\/p>\n","protected":false},"excerpt":{"rendered":"<p>A redu\u00e7\u00e3o ocorreu em meio \u00e0s a\u00e7\u00f5es do Maio Amarelo, movimento mundial para diminuir o risco de acidentes Adriana Izel*, da Ag\u00eancia Bras\u00edlia | Edi\u00e7\u00e3o: Chico Neto&nbsp;O n\u00famero de mortes nas rodovias do Distrito Federal est\u00e1 em queda. Em maio deste ano, foram registrados 15 \u00f3bitos, 28,5% a menos do que no m\u00eas anterior. Tamb\u00e9m [&hellip;]<\/p>\n","protected":false},"author":1,"featured_media":0,"comment_status":"open","ping_status":"open","sticky":false,"template":"","format":"standard","meta":{"footnotes":""},"categories":[],"tags":[],"class_list":["post-5696","post","type-post","status-publish","format-standard","hentry"],"_links":{"self":[{"href":"https:\/\/aguaslindasnoticias.com.br\/index.php\/wp-json\/wp\/v2\/posts\/5696","targetHints":{"allow":["GET"]}}],"collection":[{"href":"https:\/\/aguaslindasnoticias.com.br\/index.php\/wp-json\/wp\/v2\/posts"}],"about":[{"href":"https:\/\/aguaslindasnoticias.com.br\/index.php\/wp-json\/wp\/v2\/types\/post"}],"author":[{"embeddable":true,"href":"https:\/\/aguaslindasnoticias.com.br\/index.php\/wp-json\/wp\/v2\/users\/1"}],"replies":[{"embeddable":true,"href":"https:\/\/aguaslindasnoticias.com.br\/index.php\/wp-json\/wp\/v2\/comments?post=5696"}],"version-history":[{"count":0,"href":"https:\/\/aguaslindasnoticias.com.br\/index.php\/wp-json\/wp\/v2\/posts\/5696\/revisions"}],"wp:attachment":[{"href":"https:\/\/aguaslindasnoticias.com.br\/index.php\/wp-json\/wp\/v2\/media?parent=5696"}],"wp:term":[{"taxonomy":"category","embeddable":true,"href":"https:\/\/aguaslindasnoticias.com.br\/index.php\/wp-json\/wp\/v2\/categories?post=5696"},{"taxonomy":"post_tag","embeddable":true,"href":"https:\/\/aguaslindasnoticias.com.br\/index.php\/wp-json\/wp\/v2\/tags?post=5696"}],"curies":[{"name":"wp","href":"https:\/\/api.w.org\/{rel}","templated":true}]}}