{"id":5695,"date":"2023-01-04T10:14:40","date_gmt":"2023-01-04T13:14:40","guid":{"rendered":"https:\/\/aguaslindasnoticias.com.br\/index.php\/2023\/01\/04\/jornalista-clarice-gulyas-recebe-mocao-de-louvor-em-solenidade-da-cldf\/"},"modified":"2023-01-04T10:14:40","modified_gmt":"2023-01-04T13:14:40","slug":"jornalista-clarice-gulyas-recebe-mocao-de-louvor-em-solenidade-da-cldf","status":"publish","type":"post","link":"https:\/\/aguaslindasnoticias.com.br\/index.php\/2023\/01\/04\/jornalista-clarice-gulyas-recebe-mocao-de-louvor-em-solenidade-da-cldf\/","title":{"rendered":"Jornalista Clarice Gulyas recebe Mo\u00e7\u00e3o de Louvor em solenidade da CLDF"},"content":{"rendered":"\n<figure class=\"wp-block-image size-large\"><img decoding=\"async\" src=\"http:\/\/claricegulyas.com.br\/wp-content\/uploads\/2022\/06\/clarice-gulyas-jornalista-blogueira-locutora-brasilia-df-influencer-digital-dia-do-blogueiro-homenagem-cldf-camara-legislativa-politica-eleicoes-2022-hermeto-distrital-1024x682.jpeg\" alt=\"\" class=\"wp-image-10399\"\/><\/figure>\n\n\n\n<p>A C\u00e2mara Legislativa promoveu nessa ter\u00e7a (14\/6) sess\u00e3o solene em homenagem ao Dia do Blogueiro. De iniciativa do deputado distrital Hermeto, o evento reuniu personalidades da comunica\u00e7\u00e3o do Distrito Federal no plen\u00e1rio da Casa, como a jornalista e locutora <strong>Clarice Gulyas<\/strong>.<br><br>O Dia do Blogueiro \u00e9 comemorado no dia 7 de junho e est\u00e1 previsto em lei distrital. A data escolhida faz alus\u00e3o ao Dia Nacional da Liberdade de Imprensa no Brasil.<\/p>\n\n\n\n<p>&#8220;Mais do que receber este reconhecimento, fiquei muito feliz por poder prestigiar meus colegas de profiss\u00e3o no recebimento deste certificado, que retrata nosso esfor\u00e7o e dedica\u00e7\u00e3o di\u00e1rios&#8221;, disse Clarice Gulyas, autora de blog hom\u00f4nimo e colaboradora do site Bras\u00edlia Not\u00edcias.<\/p>\n\n\n\n<p>O evento contou com a presen\u00e7a de grandes nomes do jornalismo, como Jos\u00e9 Fernando Vilela (Associa\u00e7\u00e3o de Blogueiros de Pol\u00edtica do DF e Entorno), Ueliton Mello (Associa\u00e7\u00e3o Federal dos Comunicadores), Fernando Fidelis (Blog do Fidelis), Cris Oliveira (Blog da Cris), J\u00fanior Nobre (Jornal de Sobradinho), Josiel Ferreira (Tudo Ok Not\u00edcias), Paulo Melo (Blog do Paulo Melo), Simone Leite (Bras\u00edlia Not\u00edcias), Amanda Viviele (Mais DF Not\u00edcias) e Simone Peixoto (Direita Bras\u00edlia).<\/p>\n\n\n\n<p>Radialistas e rep\u00f3rteres de TV de destaque da cidade tamb\u00e9m marcaram presen\u00e7a no evento, como Divino C\u00e2ndido (Associa\u00e7\u00e3o de Radiodifus\u00e3o Comunit\u00e1ria), Sandro Gianelli (R\u00e1dio Metr\u00f3poles), Ant\u00f4nio Medeiros (R\u00e1dio Alternativa Popular, de Sobradinho), Elisson Franklin (r\u00e1dios Redentor, Riacho e Guar\u00e1), Anna Paula Levay (R\u00e1dio JK FM), Luiza Fraz\u00e3o (TV Uni\u00e3o), Mara Mendes (TV Record) e Liana Alagemovits (ex-TV Bras\u00edlia).<\/p>\n\n\n\n<p><strong>Irrever\u00eancia<\/strong><\/p>\n\n\n\n<p>Clarice Gulyas cobre pautas de cultura e pol\u00edtica desde 2007 em seu blog pessoal. Costuma gravar reportagens para r\u00e1dios e TVs, e tamb\u00e9m trabalhar como assessora de imprensa na divulga\u00e7\u00e3o das principais festas da cidade, como a Festa do Morango e o Festival Flutua, que teve repercuss\u00e3o internacional em 2020.<\/p>\n\n\n\n<p>Como locutora de r\u00e1dio, a jornalista passou recentemente pelas maiores emissoras do DF (Atividade FM e JK FM). No comando do microfone, a brasiliense de 34 anos chegou a alcan\u00e7ar mais de 50 mil ouvintes por minuto com not\u00edcias e entrevistas exclusivas com celebridades nacionais, como a dupla sertaneja Maiara &amp; Mara\u00edsa.<\/p>\n\n\n\n<p>No r\u00e1dio, ela foi descoberta por nada menos que o veterano locutor Dilson Campos, criador do famoso programa &#8220;Love Songs&#8221;, da antiga 105 FM, e um dos maiores comunicadores do Pa\u00eds. Ao todo, s\u00e3o mais de dez anos de profiss\u00e3o.<\/p>\n\n\n\n<p><strong>Assista como foi a sess\u00e3o:<\/strong><\/p>\n\n\n\n<figure class=\"wp-block-embed-youtube wp-block-embed is-type-video is-provider-youtube wp-embed-aspect-16-9 wp-has-aspect-ratio\"><div class=\"wp-block-embed__wrapper\">\n<iframe title=\"Sess\u00e3o Solene 19H00 - Homenagem ao Dia do Blogueiro no Brasil - 14\/06\/2022\" width=\"640\" height=\"360\" src=\"https:\/\/www.youtube.com\/embed\/L6pdoCheTL4?feature=oembed\" frameborder=\"0\" allow=\"accelerometer; autoplay; clipboard-write; encrypted-media; gyroscope; picture-in-picture; web-share\" referrerpolicy=\"strict-origin-when-cross-origin\" allowfullscreen><\/iframe>\n<\/div><\/figure>\n","protected":false},"excerpt":{"rendered":"<p>A C\u00e2mara Legislativa promoveu nessa ter\u00e7a (14\/6) sess\u00e3o solene em homenagem ao Dia do Blogueiro. De iniciativa do deputado distrital Hermeto, o evento reuniu personalidades da comunica\u00e7\u00e3o do Distrito Federal no plen\u00e1rio da Casa, como a jornalista e locutora Clarice Gulyas. O Dia do Blogueiro \u00e9 comemorado no dia 7 de junho e est\u00e1 previsto [&hellip;]<\/p>\n","protected":false},"author":1,"featured_media":0,"comment_status":"open","ping_status":"open","sticky":false,"template":"","format":"standard","meta":{"footnotes":""},"categories":[],"tags":[],"class_list":["post-5695","post","type-post","status-publish","format-standard","hentry"],"_links":{"self":[{"href":"https:\/\/aguaslindasnoticias.com.br\/index.php\/wp-json\/wp\/v2\/posts\/5695","targetHints":{"allow":["GET"]}}],"collection":[{"href":"https:\/\/aguaslindasnoticias.com.br\/index.php\/wp-json\/wp\/v2\/posts"}],"about":[{"href":"https:\/\/aguaslindasnoticias.com.br\/index.php\/wp-json\/wp\/v2\/types\/post"}],"author":[{"embeddable":true,"href":"https:\/\/aguaslindasnoticias.com.br\/index.php\/wp-json\/wp\/v2\/users\/1"}],"replies":[{"embeddable":true,"href":"https:\/\/aguaslindasnoticias.com.br\/index.php\/wp-json\/wp\/v2\/comments?post=5695"}],"version-history":[{"count":0,"href":"https:\/\/aguaslindasnoticias.com.br\/index.php\/wp-json\/wp\/v2\/posts\/5695\/revisions"}],"wp:attachment":[{"href":"https:\/\/aguaslindasnoticias.com.br\/index.php\/wp-json\/wp\/v2\/media?parent=5695"}],"wp:term":[{"taxonomy":"category","embeddable":true,"href":"https:\/\/aguaslindasnoticias.com.br\/index.php\/wp-json\/wp\/v2\/categories?post=5695"},{"taxonomy":"post_tag","embeddable":true,"href":"https:\/\/aguaslindasnoticias.com.br\/index.php\/wp-json\/wp\/v2\/tags?post=5695"}],"curies":[{"name":"wp","href":"https:\/\/api.w.org\/{rel}","templated":true}]}}