{"id":5694,"date":"2023-01-04T10:14:40","date_gmt":"2023-01-04T13:14:40","guid":{"rendered":"https:\/\/aguaslindasnoticias.com.br\/index.php\/2023\/01\/04\/sudoeste-tem-a-primeira-composteira-publica-urbana-de-brasilia\/"},"modified":"2023-01-04T10:14:40","modified_gmt":"2023-01-04T13:14:40","slug":"sudoeste-tem-a-primeira-composteira-publica-urbana-de-brasilia","status":"publish","type":"post","link":"https:\/\/aguaslindasnoticias.com.br\/index.php\/2023\/01\/04\/sudoeste-tem-a-primeira-composteira-publica-urbana-de-brasilia\/","title":{"rendered":"Sudoeste tem a primeira composteira p\u00fablica urbana de Bras\u00edlia"},"content":{"rendered":"\n<p>Equipamento feito pelo SLU em parceria com administra\u00e7\u00e3o regional vai transformar res\u00edduos org\u00e2nicos em adubo para horta comunit\u00e1ria do parque da regi\u00e3o<\/p>\n\n\n\n<p>H\u00e9dio Ferreira J\u00fanior, da Ag\u00eancia Bras\u00edlia I Edi\u00e7\u00e3o: D\u00e9bora Cronemberger&nbsp;<\/p>\n\n\n\n<blockquote class=\"wp-block-quote is-layout-flow wp-block-quote-is-layout-flow\"><p>\u201cIsso dar\u00e1 a eles a chance de sair da condi\u00e7\u00e3o de grandes geradores de lixo e, ao descartarem menos, poderem deixar de pagar taxa extra pela coleta\u201dSilvio Vieira, diretor-presidente do SLU<\/p><\/blockquote>\n\n\n\n<p>O Sudoeste \u00e9 a primeira regi\u00e3o administrativa de Bras\u00edlia a ter uma composteira p\u00fablica urbana. Constru\u00eddo pelo Governo do Distrito Federal (GDF), por meio da administra\u00e7\u00e3o regional e do Servi\u00e7o de Limpeza Urbana (SLU), o equipamento vai transformar res\u00edduos org\u00e2nicos em adubo e atender a produ\u00e7\u00e3o da horta comunit\u00e1ria localizada na lateral do Parque Bosque do Sudoeste.<\/p>\n\n\n\n<p>A composteira segue modelo constru\u00eddo no m\u00eas passado na Usina de Tratamento Mec\u00e2nico Biol\u00f3gico do SLU no P Sul, em Ceil\u00e2ndia. No primeiro trimestre deste ano, o espa\u00e7o foi respons\u00e1vel por produzir e doar a pequenos e m\u00e9dios produtores rurais cerca de 832 toneladas mensais de res\u00edduos org\u00e2nicos de outras origens.<\/p>\n\n\n\n<figure class=\"wp-block-image\"><img decoding=\"async\" src=\"http:\/\/www.agenciabrasilia.df.gov.br\/wp-conteudo\/uploads\/2022\/06\/Anelise-Pulchen-e-a-Ikuyo-Nakamura-scaled.jpg\" alt=\"\" class=\"wp-image-416440\"\/><figcaption>Anelise Pulschen e Ykuyo Nakamura comemoram o novo equipamento, que vai transformar res\u00edduos org\u00e2nicos em adubo e atender a produ\u00e7\u00e3o da horta comunit\u00e1ria constru\u00edda na lateral do Parque Bosque do Sudoeste | Fotos: Paulo H. Carvalho\/Ag\u00eancia Bras\u00edlia<\/figcaption><\/figure>\n\n\n\n<p>A proposta da composteira do Sudoeste \u00e9 que, al\u00e9m da comunidade, restaurantes parceiros da regi\u00e3o abaste\u00e7am a estrutura com res\u00edduos org\u00e2nicos \u2013 como restos de alimentos n\u00e3o cozidos, casca de ovos e frutas, borra de caf\u00e9, saquinhos de ch\u00e1.<\/p>\n\n\n\n<blockquote class=\"wp-block-quote is-layout-flow wp-block-quote-is-layout-flow\"><p>Os res\u00edduos org\u00e2nicos s\u00e3o respons\u00e1veis pela produ\u00e7\u00e3o de 50% do lixo recolhido no DF. O governo tem investido na expans\u00e3o da coleta seletiva e estimulando a produ\u00e7\u00e3o de composteiras em condom\u00ednios residenciais<\/p><\/blockquote>\n\n\n\n<p>\u201cIsso dar\u00e1 a eles a chance de sair da condi\u00e7\u00e3o de grandes geradores de lixo [quem produz 120 litros por dia] e, ao descartarem menos, poderem deixar de pagar taxa extra pela coleta\u201d, ressaltou o diretor-presidente do SLU, Silvio Vieira.<\/p>\n\n\n\n<p>Os res\u00edduos org\u00e2nicos s\u00e3o respons\u00e1veis pela produ\u00e7\u00e3o de 50% do lixo recolhido no DF. O governo tem investido na expans\u00e3o da coleta seletiva \u2013 que gera renda para os catadores e j\u00e1 abrange quase 100% da \u00e1rea urbana \u2013, estimulando a produ\u00e7\u00e3o de composteiras em condom\u00ednios residenciais.<\/p>\n\n\n\n<p>Al\u00e9m de ensinar como fazer a coleta (<a href=\"https:\/\/www.slu.df.gov.br\/composteira-para-condominios\/\" target=\"_blank\" rel=\"noreferrer noopener\">veja aqui<\/a>), o \u00f3rg\u00e3o disponibiliza t\u00e9cnicos para orientar na constru\u00e7\u00e3o e montagem da estrutura. A composteira do Sudoeste foi planejada pela engenheira ambiental do SLU Mayara Menezes. \u201cAo definirmos estrat\u00e9gias, conseguimos reduzir bastante o que \u00e9 aterrado no aterro sanit\u00e1rio e que pode poluir o meio ambiente\u201d, disse ela.<\/p>\n\n\n\n<p>Ao custo aproximado de R$ 4 mil, a estrutura \u00e9 pr\u00f3pria para dep\u00f3sito e compostagem de materiais org\u00e2nicos que, em vez de serem descartados na natureza, s\u00e3o transformados em h\u00famus. O adubo do solo com esse material rico em mat\u00e9ria org\u00e2nica deixa a terra mais porosa, mantendo a \u00e1gua \u00e0 disposi\u00e7\u00e3o das plantas por mais tempo.<\/p>\n\n\n\n<p>Ao lado da composteira foi constru\u00edda uma caixa para descarga do biofertilizante, l\u00edquido que, diferentemente do chorume, que n\u00e3o tem contato com o oxig\u00eanio e \u00e9 poluente, \u00e9 ainda mais rico em componentes org\u00e2nicos para aduba\u00e7\u00e3o.<\/p>\n\n\n\n<blockquote class=\"wp-block-quote is-layout-flow wp-block-quote-is-layout-flow\"><p>\u201cJ\u00e1 recebemos apoio do governo por meio da Emater, com ferramentas, e est\u00e1vamos batalhando por adubo. Agora, com a composteira, nem vamos mais precisar\u201dYkuio Nakamura, moradora do Sudoeste<\/p><\/blockquote>\n\n\n\n<p>O administrador regional do Sudoeste, J\u00fanior Vieira, garante que a proposta \u00e9 seguir a orienta\u00e7\u00e3o do governador Ibaneis Rocha de atender a popula\u00e7\u00e3o no que for preciso. \u201cE a constru\u00e7\u00e3o da composteira para a nossa horta comunit\u00e1ria, que produz alimentos, ervas medicinais e agora adubo, vai de encontro a isso\u201d, ressalta.<\/p>\n\n\n\n<p>As moradoras Ykuio Nakamura, 78 anos, e Anelise Pulschen, 59, s\u00e3o duas das respons\u00e1veis pelo cultivo de hortali\u00e7as, frutas e plantas medicinais na horta comunit\u00e1ria do Bosque do Sudoeste. At\u00e9 ent\u00e3o fazendo a compostagem de org\u00e2nicos em menor escala por meio de um minhoc\u00e1rio, elas agora se sentem animadas com o novo equipamento.<\/p>\n\n\n\n<p>\u201cJ\u00e1 recebemos apoio do governo por meio da Emater, com ferramenta,s e est\u00e1vamos batalhando por adubo. Agora, com a composteira, nem vamos mais precisar\u201d, comemora Ykuio.<\/p>\n","protected":false},"excerpt":{"rendered":"<p>Equipamento feito pelo SLU em parceria com administra\u00e7\u00e3o regional vai transformar res\u00edduos org\u00e2nicos em adubo para horta comunit\u00e1ria do parque da regi\u00e3o H\u00e9dio Ferreira J\u00fanior, da Ag\u00eancia Bras\u00edlia I Edi\u00e7\u00e3o: D\u00e9bora Cronemberger&nbsp; \u201cIsso dar\u00e1 a eles a chance de sair da condi\u00e7\u00e3o de grandes geradores de lixo e, ao descartarem menos, poderem deixar de pagar [&hellip;]<\/p>\n","protected":false},"author":1,"featured_media":0,"comment_status":"open","ping_status":"open","sticky":false,"template":"","format":"standard","meta":{"footnotes":""},"categories":[],"tags":[],"class_list":["post-5694","post","type-post","status-publish","format-standard","hentry"],"_links":{"self":[{"href":"https:\/\/aguaslindasnoticias.com.br\/index.php\/wp-json\/wp\/v2\/posts\/5694","targetHints":{"allow":["GET"]}}],"collection":[{"href":"https:\/\/aguaslindasnoticias.com.br\/index.php\/wp-json\/wp\/v2\/posts"}],"about":[{"href":"https:\/\/aguaslindasnoticias.com.br\/index.php\/wp-json\/wp\/v2\/types\/post"}],"author":[{"embeddable":true,"href":"https:\/\/aguaslindasnoticias.com.br\/index.php\/wp-json\/wp\/v2\/users\/1"}],"replies":[{"embeddable":true,"href":"https:\/\/aguaslindasnoticias.com.br\/index.php\/wp-json\/wp\/v2\/comments?post=5694"}],"version-history":[{"count":0,"href":"https:\/\/aguaslindasnoticias.com.br\/index.php\/wp-json\/wp\/v2\/posts\/5694\/revisions"}],"wp:attachment":[{"href":"https:\/\/aguaslindasnoticias.com.br\/index.php\/wp-json\/wp\/v2\/media?parent=5694"}],"wp:term":[{"taxonomy":"category","embeddable":true,"href":"https:\/\/aguaslindasnoticias.com.br\/index.php\/wp-json\/wp\/v2\/categories?post=5694"},{"taxonomy":"post_tag","embeddable":true,"href":"https:\/\/aguaslindasnoticias.com.br\/index.php\/wp-json\/wp\/v2\/tags?post=5694"}],"curies":[{"name":"wp","href":"https:\/\/api.w.org\/{rel}","templated":true}]}}