{"id":5693,"date":"2023-01-04T10:14:40","date_gmt":"2023-01-04T13:14:40","guid":{"rendered":"https:\/\/aguaslindasnoticias.com.br\/index.php\/2023\/01\/04\/governo-reforca-vacinacao-e-testagem-para-conter-a-covid\/"},"modified":"2023-01-04T10:14:40","modified_gmt":"2023-01-04T13:14:40","slug":"governo-reforca-vacinacao-e-testagem-para-conter-a-covid","status":"publish","type":"post","link":"https:\/\/aguaslindasnoticias.com.br\/index.php\/2023\/01\/04\/governo-reforca-vacinacao-e-testagem-para-conter-a-covid\/","title":{"rendered":"Governo refor\u00e7a vacina\u00e7\u00e3o e testagem para conter a covid"},"content":{"rendered":"\n<p>Postos estar\u00e3o abertos no feriad\u00e3o para estimular a busca pela imuniza\u00e7\u00e3o. Ponto facultativo n\u00e3o atinge servidores da pasta<\/p>\n\n\n\n<p>Ag\u00eancia Bras\u00edlia* | Edi\u00e7\u00e3o: Saulo Moreno<\/p>\n\n\n\n<blockquote class=\"wp-block-quote is-layout-flow wp-block-quote-is-layout-flow\"><p>\u201cTemos vacina para todos. Todos os tipos de imunizantes est\u00e3o dispon\u00edveis: AstraZeneca, CoronaVac, Janssen e Pfizer. Inclusive quem tomou a Janssen, j\u00e1 pode fazer o refor\u00e7o com ela tamb\u00e9m\u201dLucilene Flor\u00eancio, secret\u00e1ria de Sa\u00fade<\/p><\/blockquote>\n\n\n\n<p>O Distrito Federal ter\u00e1 pontos de vacina\u00e7\u00e3o contra covid-19 em funcionamento no feriad\u00e3o. De quinta-feira (16) at\u00e9 s\u00e1bado (18), a Secretaria de Sa\u00fade vai disponibilizar equipes para refor\u00e7ar a aplica\u00e7\u00e3o das doses. A decis\u00e3o foi anunciada nesta manh\u00e3 de quarta-feira (15) pela secret\u00e1ria de Sa\u00fade, Lucilene Flor\u00eancio, que convocou os gestores das unidades b\u00e1sicas de sa\u00fade (UBSs). O objetivo da pasta \u00e9 reorganizar o fluxo dos atendimentos incentivando a busca da popula\u00e7\u00e3o pela imuniza\u00e7\u00e3o.<\/p>\n\n\n\n<p>\u201cVamos mudar um pouco a rotina das unidades para refor\u00e7ar a vacina\u00e7\u00e3o e a testagem. Temos mais de 700 mil testes e cerca de 350 mil doses. A vacina precisa estar no bra\u00e7o e n\u00e3o na geladeira\u201d, refor\u00e7ou a secret\u00e1ria durante o encontro com mais de 30 servidores das regionais de sa\u00fade. \u201cTemos vacina para todos. Todos os tipos de imunizantes est\u00e3o dispon\u00edveis: AstraZeneca, CoronaVac, Janssen e Pfizer. Inclusive quem tomou a Janssen, j\u00e1 pode fazer o refor\u00e7o com ela tamb\u00e9m\u201d, completou.<\/p>\n\n\n\n<figure class=\"wp-block-image\"><img decoding=\"async\" src=\"http:\/\/agenciabrasilia.df.gov.br\/wp-conteudo\/uploads\/2022\/06\/WhatsApp-Image-2022-06-15-at-17.04.55-1024x682.jpeg\" alt=\"\" class=\"wp-image-416727\"\/><figcaption>A secret\u00e1ria de Sa\u00fade, Lucilene Flor\u00eancia, reuniu os gestores das UBSs para anunciar uma reorganiza\u00e7\u00e3o o fluxo dos atendimentos incentivando a busca da popula\u00e7\u00e3o pela imuniza\u00e7\u00e3o | Foto: Sandro Ara\u00fajo \/ Ag\u00eancia Sa\u00fade<\/figcaption><\/figure>\n\n\n\n<p>Lucilene disse ainda que para enfrentar o aumento do n\u00famero de casos \u00e9 necess\u00e1rio o apoio popular. \u201cPrecisamos incentivar a popula\u00e7\u00e3o a prosseguir com o ciclo vacinal, s\u00f3 assim a gente consegue conter o aparecimento de casos mais graves\u201d, destacou. A secret\u00e1ria pediu ainda um estudo detalhado da situa\u00e7\u00e3o de cada uma das 136 salas de vacina\u00e7\u00e3o e solicitou a retomada das tendas de testagens em locais mais isolados.<\/p>\n\n\n\n<p>\u201cPe\u00e7o um esfor\u00e7o de cada um de voc\u00eas para que a gente fa\u00e7a os remanejamentos necess\u00e1rios para n\u00e3o deixar os servi\u00e7os descobertos. Vamos juntos construir essas solu\u00e7\u00f5es. \u00c9 um momento que precisamos da ajuda de todos para combater essa alta de casos\u201d, disse a gestora da Sa\u00fade. Segundo o coordenador da Aten\u00e7\u00e3o Prim\u00e1ria a Sa\u00fade, Fernando Erick Damasceno, outras a\u00e7\u00f5es ser\u00e3o tomadas ainda neste m\u00eas para contratar mais profissionais capacitados para imuniza\u00e7\u00e3o. \u201cPor meio de um contrato com a Opas, vamos viabilizar pelo menos mais 25 aplicadores para refor\u00e7ar o atendimento naquelas salas de vacina\u00e7\u00e3o com maior demanda\u201d, explicou.<\/p>\n\n\n\n<p>O subsecret\u00e1rio de Vigil\u00e2ncia \u00e0 Sa\u00fade, Divino Valero Martins, destacou que apesar da alta no n\u00famero de registro de pessoas infectadas pela covid-19, os casos est\u00e3o mais leves. \u201cAs pessoas est\u00e3o saindo, est\u00e3o indo a shows, festas, a contamina\u00e7\u00e3o est\u00e1 em alta, mas com poucos registros de \u00f3bitos. Isso \u00e9 mais uma prova que a vacina funciona\u201d, afirmou.<\/p>\n\n\n\n<p><strong>Ponto facultativo<\/strong><\/p>\n\n\n\n<p>Atendendo ao Decreto n\u00b0 43.442, de 14 de junho de 2022, todas as unidades de sa\u00fade do DF funcionar\u00e3o normalmente nesta sexta-feira (17). A determina\u00e7\u00e3o, segundo o subsecret\u00e1rio de Gest\u00e3o de Pessoas, Evill\u00e1sio Ramos, refor\u00e7a a necessidade de atendimento da popula\u00e7\u00e3o neste momento de alta nos registros de casos de covid-19.<\/p>\n\n\n\n<p>\u201cEm uma semana, a taxa de transmissibilidade aumentou para cerca de 1,8. As pessoas tamb\u00e9m est\u00e3o procurando mais os postos para se vacinar e os hospitais regionais \u2013 at\u00e9 pela sazonalidade \u2013 tamb\u00e9m precisam de refor\u00e7os\u201d, afirmou Ramos. \u201cComo a pr\u00f3pria secret\u00e1ria Lucilene costuma dizer, agora precisamos de uni\u00e3o e compreens\u00e3o de todos os servidores\u201d, completou.<\/p>\n\n\n\n<p><em>*Com informa\u00e7\u00f5es da Secretaria de Sa\u00fade do DF<\/em><\/p>\n","protected":false},"excerpt":{"rendered":"<p>Postos estar\u00e3o abertos no feriad\u00e3o para estimular a busca pela imuniza\u00e7\u00e3o. Ponto facultativo n\u00e3o atinge servidores da pasta Ag\u00eancia Bras\u00edlia* | Edi\u00e7\u00e3o: Saulo Moreno \u201cTemos vacina para todos. Todos os tipos de imunizantes est\u00e3o dispon\u00edveis: AstraZeneca, CoronaVac, Janssen e Pfizer. Inclusive quem tomou a Janssen, j\u00e1 pode fazer o refor\u00e7o com ela tamb\u00e9m\u201dLucilene Flor\u00eancio, secret\u00e1ria [&hellip;]<\/p>\n","protected":false},"author":1,"featured_media":0,"comment_status":"open","ping_status":"open","sticky":false,"template":"","format":"standard","meta":{"footnotes":""},"categories":[],"tags":[],"class_list":["post-5693","post","type-post","status-publish","format-standard","hentry"],"_links":{"self":[{"href":"https:\/\/aguaslindasnoticias.com.br\/index.php\/wp-json\/wp\/v2\/posts\/5693","targetHints":{"allow":["GET"]}}],"collection":[{"href":"https:\/\/aguaslindasnoticias.com.br\/index.php\/wp-json\/wp\/v2\/posts"}],"about":[{"href":"https:\/\/aguaslindasnoticias.com.br\/index.php\/wp-json\/wp\/v2\/types\/post"}],"author":[{"embeddable":true,"href":"https:\/\/aguaslindasnoticias.com.br\/index.php\/wp-json\/wp\/v2\/users\/1"}],"replies":[{"embeddable":true,"href":"https:\/\/aguaslindasnoticias.com.br\/index.php\/wp-json\/wp\/v2\/comments?post=5693"}],"version-history":[{"count":0,"href":"https:\/\/aguaslindasnoticias.com.br\/index.php\/wp-json\/wp\/v2\/posts\/5693\/revisions"}],"wp:attachment":[{"href":"https:\/\/aguaslindasnoticias.com.br\/index.php\/wp-json\/wp\/v2\/media?parent=5693"}],"wp:term":[{"taxonomy":"category","embeddable":true,"href":"https:\/\/aguaslindasnoticias.com.br\/index.php\/wp-json\/wp\/v2\/categories?post=5693"},{"taxonomy":"post_tag","embeddable":true,"href":"https:\/\/aguaslindasnoticias.com.br\/index.php\/wp-json\/wp\/v2\/tags?post=5693"}],"curies":[{"name":"wp","href":"https:\/\/api.w.org\/{rel}","templated":true}]}}