{"id":5692,"date":"2023-01-04T10:14:40","date_gmt":"2023-01-04T13:14:40","guid":{"rendered":"https:\/\/aguaslindasnoticias.com.br\/index.php\/2023\/01\/04\/flavia-arruda-inaugura-espaco-interativo-do-idoso-no-ifb-ceilandia\/"},"modified":"2023-01-04T10:14:40","modified_gmt":"2023-01-04T13:14:40","slug":"flavia-arruda-inaugura-espaco-interativo-do-idoso-no-ifb-ceilandia","status":"publish","type":"post","link":"https:\/\/aguaslindasnoticias.com.br\/index.php\/2023\/01\/04\/flavia-arruda-inaugura-espaco-interativo-do-idoso-no-ifb-ceilandia\/","title":{"rendered":"Fl\u00e1via Arruda inaugura Espa\u00e7o Interativo do Idoso no IFB Ceil\u00e2ndia"},"content":{"rendered":"\n<figure class=\"wp-block-image size-large\"><img decoding=\"async\" src=\"http:\/\/claricegulyas.com.br\/wp-content\/uploads\/2022\/06\/WhatsApp-Image-2022-06-10-at-09.34.59-1024x684.jpeg\" alt=\"\" class=\"wp-image-10387\"\/><\/figure>\n\n\n\n<p>O Instituto recebeu R$ 550 mil em emendas parlamentares da deputada federal. Novo espa\u00e7o vai atender 200 alunos<\/p>\n\n\n\n<p>O Instituto Federal de Bras\u00edlia Campus Ceil\u00e2ndia inaugurou nesta quinta-feira (9) o Espa\u00e7o Interativo do Idoso. A sala que abriga aparelhos modernos de inform\u00e1tica \u00e9 fruto de R$150 mil de emenda parlamentar da deputada federal Fl\u00e1via Arruda (PL-DF) e vai ofertar cursos de qualifica\u00e7\u00e3o profissional ao p\u00fablico com mais de 60 anos.<\/p>\n\n\n\n<p>A sala conta com lousa interativa digital, \u00f3culos 3D, impressora 3D, TV 65 polegadas, roteadores wi-fi, notebooks, smartphones, entre outros. A expectativa de atendimento do local \u00e9 de 200 idosos a cada semestre.<\/p>\n\n\n\n<p>\u201c\u00c9 uma oportunidade de qualificar estes idosos, mostrar que s\u00e3o capazes e proporcionar mais qualidade de vida. Eles merecem e fico muito feliz em poder, junto com o IFB, oferecer um espa\u00e7o de excel\u00eancia, que reflete o carinho que eles merecem ter neste atendimento\u201d, afirmou Fl\u00e1via Arruda.<\/p>\n\n\n\n<p>De acordo com o IFB, as caracter\u00edsticas especiais do espa\u00e7o v\u00e3o reduzir o d\u00e9ficit sensorial e cognitivo dos idosos, al\u00e9m de proporcionar uma melhor intera\u00e7\u00e3o, desenvolvendo e fortalecendo la\u00e7os de amizades, melhorando a qualidade de vida e o aumento da autoestima e autonomia.<\/p>\n\n\n\n<p>\u201cNosso campus tem tradi\u00e7\u00e3o na oferta de cursos para idosos, al\u00e9m de outras a\u00e7\u00f5es de extens\u00e3o como o coral. Este investimento qualificar\u00e1 e muito o atendimento a este p\u00fablico, contemplando ainda mais a popula\u00e7\u00e3o da Ceil\u00e2ndia\u201d, disse o diretor-geral do campus, Ricardo Frangiosi de Moura.<\/p>\n\n\n\n<p>*Com informa\u00e7\u00f5es do IFB<\/p>\n","protected":false},"excerpt":{"rendered":"<p>O Instituto recebeu R$ 550 mil em emendas parlamentares da deputada federal. Novo espa\u00e7o vai atender 200 alunos O Instituto Federal de Bras\u00edlia Campus Ceil\u00e2ndia inaugurou nesta quinta-feira (9) o Espa\u00e7o Interativo do Idoso. A sala que abriga aparelhos modernos de inform\u00e1tica \u00e9 fruto de R$150 mil de emenda parlamentar da deputada federal Fl\u00e1via Arruda [&hellip;]<\/p>\n","protected":false},"author":1,"featured_media":0,"comment_status":"open","ping_status":"open","sticky":false,"template":"","format":"standard","meta":{"footnotes":""},"categories":[],"tags":[],"class_list":["post-5692","post","type-post","status-publish","format-standard","hentry"],"_links":{"self":[{"href":"https:\/\/aguaslindasnoticias.com.br\/index.php\/wp-json\/wp\/v2\/posts\/5692","targetHints":{"allow":["GET"]}}],"collection":[{"href":"https:\/\/aguaslindasnoticias.com.br\/index.php\/wp-json\/wp\/v2\/posts"}],"about":[{"href":"https:\/\/aguaslindasnoticias.com.br\/index.php\/wp-json\/wp\/v2\/types\/post"}],"author":[{"embeddable":true,"href":"https:\/\/aguaslindasnoticias.com.br\/index.php\/wp-json\/wp\/v2\/users\/1"}],"replies":[{"embeddable":true,"href":"https:\/\/aguaslindasnoticias.com.br\/index.php\/wp-json\/wp\/v2\/comments?post=5692"}],"version-history":[{"count":0,"href":"https:\/\/aguaslindasnoticias.com.br\/index.php\/wp-json\/wp\/v2\/posts\/5692\/revisions"}],"wp:attachment":[{"href":"https:\/\/aguaslindasnoticias.com.br\/index.php\/wp-json\/wp\/v2\/media?parent=5692"}],"wp:term":[{"taxonomy":"category","embeddable":true,"href":"https:\/\/aguaslindasnoticias.com.br\/index.php\/wp-json\/wp\/v2\/categories?post=5692"},{"taxonomy":"post_tag","embeddable":true,"href":"https:\/\/aguaslindasnoticias.com.br\/index.php\/wp-json\/wp\/v2\/tags?post=5692"}],"curies":[{"name":"wp","href":"https:\/\/api.w.org\/{rel}","templated":true}]}}