{"id":5691,"date":"2023-01-04T10:14:40","date_gmt":"2023-01-04T13:14:40","guid":{"rendered":"https:\/\/aguaslindasnoticias.com.br\/index.php\/2023\/01\/04\/paula-belmonte-apresenta-projeto-para-garantir-atendimento-em-planos-de-saude\/"},"modified":"2023-01-04T10:14:40","modified_gmt":"2023-01-04T13:14:40","slug":"paula-belmonte-apresenta-projeto-para-garantir-atendimento-em-planos-de-saude","status":"publish","type":"post","link":"https:\/\/aguaslindasnoticias.com.br\/index.php\/2023\/01\/04\/paula-belmonte-apresenta-projeto-para-garantir-atendimento-em-planos-de-saude\/","title":{"rendered":"Paula Belmonte apresenta projeto para garantir atendimento em planos de sa\u00fade"},"content":{"rendered":"\n<figure class=\"wp-block-image size-large\"><img decoding=\"async\" src=\"http:\/\/claricegulyas.com.br\/wp-content\/uploads\/2022\/06\/WhatsApp-Image-2022-06-13-at-15.18.01.jpeg\" alt=\"\" class=\"wp-image-10384\"\/><\/figure>\n\n\n\n<p>A deputada federal Paula Belmonte (Cidadania-DF) apresentou projeto de lei (PL 1581\/2022) para garantir atendimento nos planos de sa\u00fade \u00e0 popula\u00e7\u00e3o. A proposta tem o objetivo de reverter a decis\u00e3o do STJ (Superior Tribunal de Justi\u00e7a) que determinou que os planos n\u00e3o s\u00e3o obrigados a cobrir tratamentos e servi\u00e7os fora da lista obrigat\u00f3ria da ANS (Ag\u00eancia Nacional de Sa\u00fade Suplementar).<\/p>\n\n\n\n<p>\u201cHoje temos v\u00e1rios tratamentos para doen\u00e7as raras que afetam crian\u00e7as e est\u00e3o fora do rol da ANS. E demora-se muito para que esses servi\u00e7os entrem na lista. Isso traz uma inseguran\u00e7a jur\u00eddica muito grande \u00e0s fam\u00edlias\u201d, afirmou a Paula Belmonte.<\/p>\n\n\n\n<p>O texto veda que a ag\u00eancia limite o n\u00famero de procedimentos a serem realizados pelos planos de sa\u00fade e prev\u00ea a garantia de cobertura para a prescri\u00e7\u00e3o do m\u00e9dico respons\u00e1vel pelo tratamento.<\/p>\n\n\n\n<p>\u201cN\u00f3s vamos batalhar muito para que esses direitos sejam preservados. Os mais vulner\u00e1veis est\u00e3o sendo prejudicados e o Congresso tem que se posicionar\u201d, afirmou a parlamentar.<\/p>\n\n\n\n<p>Paula Belmonte \u00e9 coautora da proposta, que tamb\u00e9m \u00e9 assinada pela Bancada do partido Cidadania (deputados federais Daniel Coelho, Rubens Bueno, Arnaldo Jardim, Alex Manente e Carmen Zanotto).<\/p>\n","protected":false},"excerpt":{"rendered":"<p>A deputada federal Paula Belmonte (Cidadania-DF) apresentou projeto de lei (PL 1581\/2022) para garantir atendimento nos planos de sa\u00fade \u00e0 popula\u00e7\u00e3o. A proposta tem o objetivo de reverter a decis\u00e3o do STJ (Superior Tribunal de Justi\u00e7a) que determinou que os planos n\u00e3o s\u00e3o obrigados a cobrir tratamentos e servi\u00e7os fora da lista obrigat\u00f3ria da ANS [&hellip;]<\/p>\n","protected":false},"author":1,"featured_media":0,"comment_status":"open","ping_status":"open","sticky":false,"template":"","format":"standard","meta":{"footnotes":""},"categories":[],"tags":[],"class_list":["post-5691","post","type-post","status-publish","format-standard","hentry"],"_links":{"self":[{"href":"https:\/\/aguaslindasnoticias.com.br\/index.php\/wp-json\/wp\/v2\/posts\/5691","targetHints":{"allow":["GET"]}}],"collection":[{"href":"https:\/\/aguaslindasnoticias.com.br\/index.php\/wp-json\/wp\/v2\/posts"}],"about":[{"href":"https:\/\/aguaslindasnoticias.com.br\/index.php\/wp-json\/wp\/v2\/types\/post"}],"author":[{"embeddable":true,"href":"https:\/\/aguaslindasnoticias.com.br\/index.php\/wp-json\/wp\/v2\/users\/1"}],"replies":[{"embeddable":true,"href":"https:\/\/aguaslindasnoticias.com.br\/index.php\/wp-json\/wp\/v2\/comments?post=5691"}],"version-history":[{"count":0,"href":"https:\/\/aguaslindasnoticias.com.br\/index.php\/wp-json\/wp\/v2\/posts\/5691\/revisions"}],"wp:attachment":[{"href":"https:\/\/aguaslindasnoticias.com.br\/index.php\/wp-json\/wp\/v2\/media?parent=5691"}],"wp:term":[{"taxonomy":"category","embeddable":true,"href":"https:\/\/aguaslindasnoticias.com.br\/index.php\/wp-json\/wp\/v2\/categories?post=5691"},{"taxonomy":"post_tag","embeddable":true,"href":"https:\/\/aguaslindasnoticias.com.br\/index.php\/wp-json\/wp\/v2\/tags?post=5691"}],"curies":[{"name":"wp","href":"https:\/\/api.w.org\/{rel}","templated":true}]}}