{"id":5690,"date":"2023-01-04T10:14:40","date_gmt":"2023-01-04T13:14:40","guid":{"rendered":"https:\/\/aguaslindasnoticias.com.br\/index.php\/2023\/01\/04\/cerimonia-homenageia-os-65-anos-da-imigracao-japonesa-no-df\/"},"modified":"2023-01-04T10:14:40","modified_gmt":"2023-01-04T13:14:40","slug":"cerimonia-homenageia-os-65-anos-da-imigracao-japonesa-no-df","status":"publish","type":"post","link":"https:\/\/aguaslindasnoticias.com.br\/index.php\/2023\/01\/04\/cerimonia-homenageia-os-65-anos-da-imigracao-japonesa-no-df\/","title":{"rendered":"Cerim\u00f4nia homenageia os 65 anos da imigra\u00e7\u00e3o japonesa no DF"},"content":{"rendered":"\n<p>Foto: Carolina Mazzaro\/Emater-DF<\/p>\n\n\n\n<figure class=\"wp-block-image\"><img decoding=\"async\" src=\"https:\/\/www.cl.df.gov.br\/documents\/10162\/25630419\/3827dd83-3c30-4175-8967-c910bc62df25.jpg\/8d39ae30-75fd-b440-c14a-0a62c11e7b07?t=1655139639263\" alt=\"Autor da homenagem, o deputado Iolando destaca a import\u00e2ncia dos emigrantes japonesas na consolida\u00e7\u00e3o da voca\u00e7\u00e3o agr\u00edcola do Distrito Federal  \"\/><\/figure>\n\n\n\n<p>Autor da homenagem, o deputado Iolando destaca a import\u00e2ncia dos emigrantes japonesas na consolida\u00e7\u00e3o da voca\u00e7\u00e3o agr\u00edcola do Distrito Federal<\/p>\n\n\n\n<p>O 65\u00ba ano da imigra\u00e7\u00e3o japonesa no Distrito Federal ser\u00e1 comemorado em sess\u00e3o solene da C\u00e2mara Legislativa nesta segunda-feira, \u00e0s 19h, no Plen\u00e1rio da Casa. De acordo com o deputado autor da iniciativa, Iolando Almeida (MDB), a comunidade japonesa teve papel fundamental na produ\u00e7\u00e3o de alimentos e no desenvolvimento de Bras\u00edlia.<\/p>\n\n\n\n<p>\u201cSe hoje o DF se apresenta como uma Unidade da Federa\u00e7\u00e3o com forte voca\u00e7\u00e3o agr\u00edcola, certamente se deve a coragem e obstina\u00e7\u00e3o dos imigrantes japoneses que aqui chegaram em 1957\u201d, ressalta.<\/p>\n\n\n\n<p>Em seu requerimento, o distrital conta que, durante a implanta\u00e7\u00e3o da Nova Capital, era preciso trazer alimentos \u201cde fora\u201d devido \u00e0 dificuldade do cultivo no cerrado. \u201cO ent\u00e3o presidente Juscelino Kubitschek teve a ideia de atrair&nbsp;fam\u00edlias de japoneses e seus descendentes para produzir em Bras\u00edlia\u201d, relata. Ainda de acordo com Iolando, hoje s\u00e3o mais de 2.500 fam\u00edlias japonesas e descendentes morando no DF.<\/p>\n\n\n\n<p>Entre os convidados da sess\u00e3o solene, est\u00e3o o presidente da Associa\u00e7\u00e3o de Estudos da L\u00edngua Japonesa de Bras\u00edlia, Masae Yada; o presidente da Federa\u00e7\u00e3o das Associa\u00e7\u00f5es Nipo-Brasileira do Centro Oeste (Feambra), Luis Nishikawa; o presidente do Conselho Deliberativo da Feambra, Shigeru Hayashi; o presidente da Sociedade Cultural Nipo-Brasileira de Bras\u00edlia, Nivaldo Taira; o presidente da Associa\u00e7\u00e3o Cultural Esportiva Recreativa Nipo-Brasileira de Paracatu, Katsuo Shimada; o presidente da Associa\u00e7\u00e3o Nipo-Brasileira Nikkey do DF, Waldemar Umeda; o presidente da Associa\u00e7\u00e3o Nipo-Brasileira de Goi\u00e1s, Luis Harada; o presidente da Associa\u00e7\u00e3o Rural e Cultural Alexandre Gusm\u00e3o, Jose Yamagata; e o presidente do Hemocentro de Bras\u00edlia, Osney Okumoto.<\/p>\n\n\n\n<p>A cerim\u00f4nia ser\u00e1 transmitida ao vivo pela TV C\u00e2mara Distrital, no canal 9.3 e YouTube, e pelo Portal e-Democracia.<\/p>\n\n\n\n<p><strong>Mario Espinheira &#8211; Ag\u00eancia CLDF<\/strong><\/p>\n","protected":false},"excerpt":{"rendered":"<p>Foto: Carolina Mazzaro\/Emater-DF Autor da homenagem, o deputado Iolando destaca a import\u00e2ncia dos emigrantes japonesas na consolida\u00e7\u00e3o da voca\u00e7\u00e3o agr\u00edcola do Distrito Federal O 65\u00ba ano da imigra\u00e7\u00e3o japonesa no Distrito Federal ser\u00e1 comemorado em sess\u00e3o solene da C\u00e2mara Legislativa nesta segunda-feira, \u00e0s 19h, no Plen\u00e1rio da Casa. De acordo com o deputado autor da [&hellip;]<\/p>\n","protected":false},"author":1,"featured_media":0,"comment_status":"open","ping_status":"open","sticky":false,"template":"","format":"standard","meta":{"footnotes":""},"categories":[],"tags":[],"class_list":["post-5690","post","type-post","status-publish","format-standard","hentry"],"_links":{"self":[{"href":"https:\/\/aguaslindasnoticias.com.br\/index.php\/wp-json\/wp\/v2\/posts\/5690","targetHints":{"allow":["GET"]}}],"collection":[{"href":"https:\/\/aguaslindasnoticias.com.br\/index.php\/wp-json\/wp\/v2\/posts"}],"about":[{"href":"https:\/\/aguaslindasnoticias.com.br\/index.php\/wp-json\/wp\/v2\/types\/post"}],"author":[{"embeddable":true,"href":"https:\/\/aguaslindasnoticias.com.br\/index.php\/wp-json\/wp\/v2\/users\/1"}],"replies":[{"embeddable":true,"href":"https:\/\/aguaslindasnoticias.com.br\/index.php\/wp-json\/wp\/v2\/comments?post=5690"}],"version-history":[{"count":0,"href":"https:\/\/aguaslindasnoticias.com.br\/index.php\/wp-json\/wp\/v2\/posts\/5690\/revisions"}],"wp:attachment":[{"href":"https:\/\/aguaslindasnoticias.com.br\/index.php\/wp-json\/wp\/v2\/media?parent=5690"}],"wp:term":[{"taxonomy":"category","embeddable":true,"href":"https:\/\/aguaslindasnoticias.com.br\/index.php\/wp-json\/wp\/v2\/categories?post=5690"},{"taxonomy":"post_tag","embeddable":true,"href":"https:\/\/aguaslindasnoticias.com.br\/index.php\/wp-json\/wp\/v2\/tags?post=5690"}],"curies":[{"name":"wp","href":"https:\/\/api.w.org\/{rel}","templated":true}]}}