{"id":5689,"date":"2023-01-04T10:14:40","date_gmt":"2023-01-04T13:14:40","guid":{"rendered":"https:\/\/aguaslindasnoticias.com.br\/index.php\/2023\/01\/04\/cldf-realiza-sessao-solene-em-homenagem-ao-ano-amoris-laetitia\/"},"modified":"2023-01-04T10:14:40","modified_gmt":"2023-01-04T13:14:40","slug":"cldf-realiza-sessao-solene-em-homenagem-ao-ano-amoris-laetitia","status":"publish","type":"post","link":"https:\/\/aguaslindasnoticias.com.br\/index.php\/2023\/01\/04\/cldf-realiza-sessao-solene-em-homenagem-ao-ano-amoris-laetitia\/","title":{"rendered":"CLDF realiza sess\u00e3o solene em homenagem ao Ano Amoris Laetitia"},"content":{"rendered":"\n<p>Foto: Reprodu\u00e7\u00e3o\/TV C\u00e2mara Distrital<\/p>\n\n\n\n<figure class=\"wp-block-image size-large\"><img decoding=\"async\" src=\"http:\/\/claricegulyas.com.br\/wp-content\/uploads\/2022\/06\/SS-5-1024x683.jpg\" alt=\"\" class=\"wp-image-10377\"\/><\/figure>\n\n\n\n<figure class=\"wp-block-image\"><img decoding=\"async\" src=\"https:\/\/www.cl.df.gov.br\/documents\/10162\/25879529\/SS+5.jpg\/31f1a4ef-a373-02e6-ace5-af58a96fc4e1?t=1655220309791\" alt=\"#\"\/><\/figure>\n\n\n\n<p>A C\u00e2mara Legislativa do Distrito Federal (CLDF) realizou nesta ter\u00e7a-feira (14\/6) uma sess\u00e3o solene para celebrar o Ano Amoris Laetitia (alegria do amor), um ano dedicado \u00e0 fam\u00edlia, proposto pela Igreja Cat\u00f3lica. Proposto pelo deputado Jo\u00e3o Cardoso (Avante), o encontro contou com a participa\u00e7\u00e3o de diversos religiosos e praticantes do catolicismo.<\/p>\n\n\n\n<p>O parlamentar frisou que o isolamento social causado pela covid-19 fez com que os grupos&nbsp;familiares se aproximassem dentro de casa. \u201cA pandemia p\u00f4s em evid\u00eancia o papel central da fam\u00edlia como uma igreja dom\u00e9stica e mostrou a import\u00e2ncia dos la\u00e7os comunit\u00e1rios entre as fam\u00edlias.\u201d<\/p>\n\n\n\n<p>O tema do ano foi apresentado pelo Papa Francisco, suprema autoridade da igreja cat\u00f3lica, na celebra\u00e7\u00e3o da Solenidade da Sagrada Fam\u00edlia. Trata-se de um evento cont\u00ednuo, iniciado em maio de 2021, com finaliza\u00e7\u00e3o prevista para 26 de junho de 2022, quando ser\u00e1 realizado o X Encontro Mundial das Fam\u00edlias, em Roma.<\/p>\n\n\n\n<p><img decoding=\"async\" width=\"384\" src=\"https:\/\/www.cl.df.gov.br\/documents\/10162\/25879529\/SS+1.jpg\/e1c45e05-4461-a0ac-5fa9-f3a6dc81f09e?t=1655220307838\">Para Irineide Maria dos Santos, coordenadora do encontro de casais com cristo, vicariato centro, a fam\u00edlia \u00e9 uma estrutura primordial na forma\u00e7\u00e3o humana.<\/p>\n\n\n\n<p>\u201c\u00c9 o centro de todo o cerne e o encontro de casais nos indica o caminho dentro da igreja. H\u00e1 um momento em nossa vida que estamos em um barco e n\u00e3o temos mais como voltar, temos que seguir em frente mesmo na tempestade e temos que ter Deus no nosso alicerce.\u201d<\/p>\n\n\n\n<p>Conforme Sebasti\u00e3o Pereira dos Santos, coordenador do encontro de casais com cristo, vicariato centro, apesar do ano da fam\u00edlia ser uma celebra\u00e7\u00e3o cat\u00f3lica, um n\u00facleo familiar saud\u00e1vel deve existir independente da religi\u00e3o. \u201cQuando se fala de fam\u00edlia, independe da religi\u00e3o, uma fam\u00edlia evang\u00e9lica, esp\u00edrita e a sua (cat\u00f3lica), mas todas estruturadas pensando no bem da pr\u00f3pria fam\u00edlia e dos outros.\u201d<\/p>\n\n\n\n<figure class=\"wp-block-image\"><img decoding=\"async\" src=\"https:\/\/www.cl.df.gov.br\/documents\/10162\/25879529\/SS++Pe.+Jos%C3%A9+Vicente+Damasceno.jpg\/637081d4-b0df-d91e-7fbb-7b0d0c80955f?t=1655220307408\" alt=\"\"\/><\/figure>\n\n\n\n<p>Segundo o coordenador do clero da arquidiocese de Bras\u00edlia, Jos\u00e9 Vicente Damasceno, encontros como a sess\u00e3o solene s\u00e3o oportunidades para avaliar como a sociedade tem constru\u00eddo e mantido as fam\u00edlias, que, para ele, s\u00e3o a base de tudo. \u201cDeve ser algo estrutural, toda vez que olhamos a civiliza\u00e7\u00e3o, vemos que se a fam\u00edlia perde seu eixo, a sociedade tem um decl\u00ednio, seja econ\u00f4mico, moral ou pol\u00edtico, pois \u00e9 o elemento constitutivo da sociedade.\u201d<\/p>\n\n\n\n<p>O coordenador do setor de vida e fam\u00edlia da Arquidiocese de Bras\u00edlia, padre Jo\u00e3o Batista destacou que ao longo do ano a igreja cat\u00f3lica buscou promover reflex\u00e3o e forma\u00e7\u00e3o sobre o assunto, \u201cn\u00e3o somente aos cat\u00f3licos, mas para todas as pessoas de outras religi\u00f5es \u2018os homens de boa vontade\u2019, como n\u00f3s dizemos. Que possamos nos dedicar a esta nossa origem, que fala muito sobre o sentido de nossa exist\u00eancia.\u201d<\/p>\n\n\n\n<p>A sess\u00e3o solene pode ser vista na \u00edntegra no canal do&nbsp;<a href=\"https:\/\/www.youtube.com\/watch?v=a0RtWxnvlEo\">YouTube da TV C\u00e2mara Distrital.&nbsp;<\/a><br>&nbsp;<\/p>\n\n\n\n<p><strong>Isabella Almeida (estagi\u00e1ria) &#8211; Ag\u00eancia CLDF<\/strong><\/p>\n","protected":false},"excerpt":{"rendered":"<p>Foto: Reprodu\u00e7\u00e3o\/TV C\u00e2mara Distrital A C\u00e2mara Legislativa do Distrito Federal (CLDF) realizou nesta ter\u00e7a-feira (14\/6) uma sess\u00e3o solene para celebrar o Ano Amoris Laetitia (alegria do amor), um ano dedicado \u00e0 fam\u00edlia, proposto pela Igreja Cat\u00f3lica. Proposto pelo deputado Jo\u00e3o Cardoso (Avante), o encontro contou com a participa\u00e7\u00e3o de diversos religiosos e praticantes do catolicismo. [&hellip;]<\/p>\n","protected":false},"author":1,"featured_media":0,"comment_status":"open","ping_status":"open","sticky":false,"template":"","format":"standard","meta":{"footnotes":""},"categories":[],"tags":[],"class_list":["post-5689","post","type-post","status-publish","format-standard","hentry"],"_links":{"self":[{"href":"https:\/\/aguaslindasnoticias.com.br\/index.php\/wp-json\/wp\/v2\/posts\/5689","targetHints":{"allow":["GET"]}}],"collection":[{"href":"https:\/\/aguaslindasnoticias.com.br\/index.php\/wp-json\/wp\/v2\/posts"}],"about":[{"href":"https:\/\/aguaslindasnoticias.com.br\/index.php\/wp-json\/wp\/v2\/types\/post"}],"author":[{"embeddable":true,"href":"https:\/\/aguaslindasnoticias.com.br\/index.php\/wp-json\/wp\/v2\/users\/1"}],"replies":[{"embeddable":true,"href":"https:\/\/aguaslindasnoticias.com.br\/index.php\/wp-json\/wp\/v2\/comments?post=5689"}],"version-history":[{"count":0,"href":"https:\/\/aguaslindasnoticias.com.br\/index.php\/wp-json\/wp\/v2\/posts\/5689\/revisions"}],"wp:attachment":[{"href":"https:\/\/aguaslindasnoticias.com.br\/index.php\/wp-json\/wp\/v2\/media?parent=5689"}],"wp:term":[{"taxonomy":"category","embeddable":true,"href":"https:\/\/aguaslindasnoticias.com.br\/index.php\/wp-json\/wp\/v2\/categories?post=5689"},{"taxonomy":"post_tag","embeddable":true,"href":"https:\/\/aguaslindasnoticias.com.br\/index.php\/wp-json\/wp\/v2\/tags?post=5689"}],"curies":[{"name":"wp","href":"https:\/\/api.w.org\/{rel}","templated":true}]}}