{"id":5688,"date":"2023-01-04T10:14:40","date_gmt":"2023-01-04T13:14:40","guid":{"rendered":"https:\/\/aguaslindasnoticias.com.br\/index.php\/2023\/01\/04\/cldf-presta-homenagem-ao-ano-amoris-laetitia-ano-de-reflexao-dedicado-as-familias\/"},"modified":"2023-01-04T10:14:40","modified_gmt":"2023-01-04T13:14:40","slug":"cldf-presta-homenagem-ao-ano-amoris-laetitia-ano-de-reflexao-dedicado-as-familias","status":"publish","type":"post","link":"https:\/\/aguaslindasnoticias.com.br\/index.php\/2023\/01\/04\/cldf-presta-homenagem-ao-ano-amoris-laetitia-ano-de-reflexao-dedicado-as-familias\/","title":{"rendered":"CLDF presta homenagem ao Ano Amoris Laetitia, ano de reflex\u00e3o dedicado \u00e0s fam\u00edlias"},"content":{"rendered":"\n<figure class=\"wp-block-image size-large\"><img decoding=\"async\" src=\"http:\/\/claricegulyas.com.br\/wp-content\/uploads\/2022\/06\/WhatsApp-Image-2022-06-10-at-15.26.58.jpeg\" alt=\"\" class=\"wp-image-10374\"\/><\/figure>\n\n\n\n<p>A C\u00e2mara Legislativa promove nesta ter\u00e7a (14\/6), \u00e0s 10h, sess\u00e3o solene para homenagear o Ano Fam\u00edlia Amoris Laetitia. De autoria do deputado distrital <strong>Jo\u00e3o Cardoso (Avante<\/strong>), o evento marca o quinto anivers\u00e1rio da Exorta\u00e7\u00e3o apost\u00f3lica <strong>Amoris Laetitia<\/strong> (A alegria do amor) sobre o amor na fam\u00edlia, ser\u00e1 transmitido ao vivo pelo Youtube da CLDF.<\/p>\n\n\n\n<p>A convoca\u00e7\u00e3o de um \u201cano especial dedicado \u00e0 fam\u00edlia Amoris Laetitia\u201d foi feita pelo Papa Francisco em mar\u00e7o do ano passado, durante a celebra\u00e7\u00e3o da Sagrada Fam\u00edlia. O evento foi inaugurado no dia 19 de mar\u00e7o de 2021, com encerramento previsto para o dia 26 de junho deste ano, em Roma (It\u00e1lia), no Encontro Mundial das Fam\u00edlias.<\/p>\n\n\n\n<p>De acordo com o parlamentar, a iniciativa do Papa Francisco tem papel importante na reflex\u00e3o sobre a conviv\u00eancia familiar nos tempos atuais.<br>&#8220;A fam\u00edlia \u00e9 essencial para o nosso desenvolvimento e constru\u00e7\u00e3o de valores como crist\u00e3o e ser humano. E o amor \u00e9 com certeza indispens\u00e1vel para uma comunh\u00e3o sincera, rec\u00edproca e serena. Prova disto \u00e9 a fam\u00edlia de Nazar\u00e9 que, com muito amor e ternura, criou o Filho de Deus&#8221;, afirma Jo\u00e3o Cardoso.<\/p>\n\n\n\n<p>Durante um ano (2021-2022), o Dicast\u00e9rio voltado para os Leigos e a Fam\u00edlia ofereceu atividades e recursos para viver a espiritualidade familiar, a forma\u00e7\u00e3o pastoral e a prepara\u00e7\u00e3o para o matrim\u00f4nio, a educa\u00e7\u00e3o dos jovens na maturidade afetiva, na santidade dos casais e das fam\u00edlias que vivem a gra\u00e7a do sacramento em sua vida cotidiana.<\/p>\n\n\n\n<p>Na arquidiocese de Bras\u00edlia acontecer\u00e3o atividades multic\u00eantricas, ou seja, em v\u00e1rios lugares ao mesmo tempo, sob a responsabilidade da Pastoral Familiar, visando a forma\u00e7\u00e3o das fam\u00edlias e a viv\u00eancia concreta da Exorta\u00e7\u00e3o apost\u00f3lica Amoris Laetitia.<\/p>\n\n\n\n<p><strong>Servi\u00e7o:<\/strong><br><strong>CLDF presta homenagem ao Ano Amoris Laetitia, ano de reflex\u00e3o dedicado \u00e0s fam\u00edlias<\/strong><br>Data: 14 de junho de 2022<br>Hor\u00e1rio: 10h<br>Local: Plen\u00e1rio da C\u00e2mara Legislativa<br>Youtube da CLDF: https:\/\/www.youtube.com\/c\/TVC%C3%A2maraDistrital<\/p>\n","protected":false},"excerpt":{"rendered":"<p>A C\u00e2mara Legislativa promove nesta ter\u00e7a (14\/6), \u00e0s 10h, sess\u00e3o solene para homenagear o Ano Fam\u00edlia Amoris Laetitia. De autoria do deputado distrital Jo\u00e3o Cardoso (Avante), o evento marca o quinto anivers\u00e1rio da Exorta\u00e7\u00e3o apost\u00f3lica Amoris Laetitia (A alegria do amor) sobre o amor na fam\u00edlia, ser\u00e1 transmitido ao vivo pelo Youtube da CLDF. A [&hellip;]<\/p>\n","protected":false},"author":1,"featured_media":0,"comment_status":"open","ping_status":"open","sticky":false,"template":"","format":"standard","meta":{"footnotes":""},"categories":[],"tags":[],"class_list":["post-5688","post","type-post","status-publish","format-standard","hentry"],"_links":{"self":[{"href":"https:\/\/aguaslindasnoticias.com.br\/index.php\/wp-json\/wp\/v2\/posts\/5688","targetHints":{"allow":["GET"]}}],"collection":[{"href":"https:\/\/aguaslindasnoticias.com.br\/index.php\/wp-json\/wp\/v2\/posts"}],"about":[{"href":"https:\/\/aguaslindasnoticias.com.br\/index.php\/wp-json\/wp\/v2\/types\/post"}],"author":[{"embeddable":true,"href":"https:\/\/aguaslindasnoticias.com.br\/index.php\/wp-json\/wp\/v2\/users\/1"}],"replies":[{"embeddable":true,"href":"https:\/\/aguaslindasnoticias.com.br\/index.php\/wp-json\/wp\/v2\/comments?post=5688"}],"version-history":[{"count":0,"href":"https:\/\/aguaslindasnoticias.com.br\/index.php\/wp-json\/wp\/v2\/posts\/5688\/revisions"}],"wp:attachment":[{"href":"https:\/\/aguaslindasnoticias.com.br\/index.php\/wp-json\/wp\/v2\/media?parent=5688"}],"wp:term":[{"taxonomy":"category","embeddable":true,"href":"https:\/\/aguaslindasnoticias.com.br\/index.php\/wp-json\/wp\/v2\/categories?post=5688"},{"taxonomy":"post_tag","embeddable":true,"href":"https:\/\/aguaslindasnoticias.com.br\/index.php\/wp-json\/wp\/v2\/tags?post=5688"}],"curies":[{"name":"wp","href":"https:\/\/api.w.org\/{rel}","templated":true}]}}