{"id":5687,"date":"2023-01-04T10:14:40","date_gmt":"2023-01-04T13:14:40","guid":{"rendered":"https:\/\/aguaslindasnoticias.com.br\/index.php\/2023\/01\/04\/setor-bancario-sul-passara-por-reforma\/"},"modified":"2023-01-04T10:14:40","modified_gmt":"2023-01-04T13:14:40","slug":"setor-bancario-sul-passara-por-reforma","status":"publish","type":"post","link":"https:\/\/aguaslindasnoticias.com.br\/index.php\/2023\/01\/04\/setor-bancario-sul-passara-por-reforma\/","title":{"rendered":"Setor Banc\u00e1rio Sul passar\u00e1 por reforma"},"content":{"rendered":"\n<p>Obras ser\u00e3o feitas nas quadras 1 e 2, por onde passam diariamente 16 mil pessoas<\/p>\n\n\n\n<p>Ag\u00eancia Bras\u00edlia* | Edi\u00e7\u00e3o Chico Neto&nbsp;O Conselho de Planejamento Territorial e Urbano do DF (Conplan) aprovou em reuni\u00e3o virtual, nesta quinta-feira (9), o projeto de reforma das quadras 1 e 2 do Setor Banc\u00e1rio Sul (SBS). Entre as melhorias previstas, est\u00e3o mais acessibilidade, novas cal\u00e7adas, arboriza\u00e7\u00e3o e reorganiza\u00e7\u00e3o do sistema vi\u00e1rio da regi\u00e3o.<\/p>\n\n\n\n<figure class=\"wp-block-image\"><img decoding=\"async\" src=\"http:\/\/agenciabrasilia.df.gov.br\/wp-conteudo\/uploads\/2022\/06\/9.6.-Setor-Bancario-Sul.-Foto-Divulgacao-Seduh-300x168.png\" alt=\"\" class=\"wp-image-414740\"\/><figcaption>\u00c1rea ter\u00e1 16.495 m2 de novas cal\u00e7adas, al\u00e9m de rampas; foco \u00e9 a acessibilidade | Foto: Divulga\u00e7\u00e3o\/Seduh<\/figcaption><\/figure>\n\n\n\n<blockquote class=\"wp-block-quote is-layout-flow wp-block-quote-is-layout-flow\"><p>\u201cO projeto traz ganhos importantes, especialmente para pessoas com mobilidade reduzida\u201dGabriela Ten\u00f3rio, integrante do Conplan<\/p><\/blockquote>\n\n\n\n<p>Elaborado pela Secretaria de Desenvolvimento Urbano e Habita\u00e7\u00e3o (Seduh), o projeto contou com a parceria do Centro de Espa\u00e7os P\u00fablicos da Faculdade Arquitetura e Urbanismo da Universidade de Bras\u00edlia (UnB), na avalia\u00e7\u00e3o do diagn\u00f3stico do setor.<\/p>\n\n\n\n<p>O trabalho, coordenado pela arquiteta e professora Gabriela Ten\u00f3rio, tamb\u00e9m integrante do Conplan, avaliou os espa\u00e7os p\u00fablicos do SBS, assim como as condi\u00e7\u00f5es de acesso, deslocamento e perman\u00eancia da popula\u00e7\u00e3o que frequenta o local. \u201cO projeto traz ganhos importantes para a popula\u00e7\u00e3o de Bras\u00edlia, especialmente para pessoas com mobilidade reduzida, al\u00e9m de favorecer a conex\u00e3o com os setores pr\u00f3ximos e a circula\u00e7\u00e3o de pedestres no centro da cidade\u201d, afirma Gabriela.<\/p>\n\n\n\n<p><strong>\u00c1rea movimentada<\/strong><\/p>\n\n\n\n<p>De acordo com o diretor de Espa\u00e7o P\u00fablico e Qualifica\u00e7\u00e3o Urbana da Seduh, Cl\u00e9cio Rezende, a proposta restringiu-se \u00e0s quadras 1 e 2 por ter sido identificado nesse trecho o maior fluxo de pedestres no setor, por onde passam mais de 16 mil pessoas por dia.<\/p>\n\n\n\n<p>\u201cO objetivo \u00e9 atender as demandas por acessibilidade no local, e para isso ser\u00e3o constru\u00eddos&nbsp;16.495 m<sup>2<\/sup>&nbsp;de novas cal\u00e7adas, al\u00e9m de rampas, facilitando o acesso para cadeirantes, idosos, pessoas com defici\u00eancia ou com dificuldade de locomo\u00e7\u00e3o\u201d , explica o gestor.<\/p>\n\n\n\n<p>Para garantir mais pontos de acesso \u00e0 \u00e1rea, ser\u00e3o instaladas plataformas elevadas nos principais pontos de travessia para interligar o SBS aos setores vizinhos \u2013 como os de Autarquias Sul, Comercial Sul e Cultural Sul \u2013, facilitando o tr\u00e2nsito dos &nbsp;pedestres.<\/p>\n\n\n\n<p>J\u00e1 a arboriza\u00e7\u00e3o do setor contar\u00e1 com novas esp\u00e9cies nativas de cerrado e mais de 7 mil m<sup>2<\/sup>&nbsp;de \u00e1rea verde e forra\u00e7\u00f5es resilientes para qualificar os percursos dos pedestres e torn\u00e1-los, al\u00e9m de acess\u00edveis, mais sombreados e agrad\u00e1veis.<\/p>\n\n\n\n<p><strong>Pr\u00f3ximo passo<\/strong><\/p>\n\n\n\n<p>Encerrada a etapa do Conplan, o projeto precisa ser aprovado por portaria e publicado no&nbsp;<em>Di\u00e1rio Oficial do Distrito Federal<\/em>&nbsp;(DODF). Em seguida, ser\u00e1 encaminhado \u00e0 Secretaria de Obras para a elabora\u00e7\u00e3o dos projetos complementares, como drenagem, ilumina\u00e7\u00e3o e sinaliza\u00e7\u00e3o vi\u00e1ria.<\/p>\n\n\n\n<p>*<em>Com informa\u00e7\u00f5es da Secretaria de Desenvolvimento Urbano e Habita\u00e7\u00e3o<\/em><\/p>\n","protected":false},"excerpt":{"rendered":"<p>Obras ser\u00e3o feitas nas quadras 1 e 2, por onde passam diariamente 16 mil pessoas Ag\u00eancia Bras\u00edlia* | Edi\u00e7\u00e3o Chico Neto&nbsp;O Conselho de Planejamento Territorial e Urbano do DF (Conplan) aprovou em reuni\u00e3o virtual, nesta quinta-feira (9), o projeto de reforma das quadras 1 e 2 do Setor Banc\u00e1rio Sul (SBS). Entre as melhorias previstas, [&hellip;]<\/p>\n","protected":false},"author":1,"featured_media":0,"comment_status":"open","ping_status":"open","sticky":false,"template":"","format":"standard","meta":{"footnotes":""},"categories":[],"tags":[],"class_list":["post-5687","post","type-post","status-publish","format-standard","hentry"],"_links":{"self":[{"href":"https:\/\/aguaslindasnoticias.com.br\/index.php\/wp-json\/wp\/v2\/posts\/5687","targetHints":{"allow":["GET"]}}],"collection":[{"href":"https:\/\/aguaslindasnoticias.com.br\/index.php\/wp-json\/wp\/v2\/posts"}],"about":[{"href":"https:\/\/aguaslindasnoticias.com.br\/index.php\/wp-json\/wp\/v2\/types\/post"}],"author":[{"embeddable":true,"href":"https:\/\/aguaslindasnoticias.com.br\/index.php\/wp-json\/wp\/v2\/users\/1"}],"replies":[{"embeddable":true,"href":"https:\/\/aguaslindasnoticias.com.br\/index.php\/wp-json\/wp\/v2\/comments?post=5687"}],"version-history":[{"count":0,"href":"https:\/\/aguaslindasnoticias.com.br\/index.php\/wp-json\/wp\/v2\/posts\/5687\/revisions"}],"wp:attachment":[{"href":"https:\/\/aguaslindasnoticias.com.br\/index.php\/wp-json\/wp\/v2\/media?parent=5687"}],"wp:term":[{"taxonomy":"category","embeddable":true,"href":"https:\/\/aguaslindasnoticias.com.br\/index.php\/wp-json\/wp\/v2\/categories?post=5687"},{"taxonomy":"post_tag","embeddable":true,"href":"https:\/\/aguaslindasnoticias.com.br\/index.php\/wp-json\/wp\/v2\/tags?post=5687"}],"curies":[{"name":"wp","href":"https:\/\/api.w.org\/{rel}","templated":true}]}}