{"id":5686,"date":"2023-01-04T10:14:40","date_gmt":"2023-01-04T13:14:40","guid":{"rendered":"https:\/\/aguaslindasnoticias.com.br\/index.php\/2023\/01\/04\/sqs-202-recebe-quadra-de-tenis-reformada\/"},"modified":"2023-01-04T10:14:40","modified_gmt":"2023-01-04T13:14:40","slug":"sqs-202-recebe-quadra-de-tenis-reformada","status":"publish","type":"post","link":"https:\/\/aguaslindasnoticias.com.br\/index.php\/2023\/01\/04\/sqs-202-recebe-quadra-de-tenis-reformada\/","title":{"rendered":"SQS 202 recebe quadra de t\u00eanis reformada"},"content":{"rendered":"\n<p>Com investimento de R$ 168 mil, espa\u00e7o teve reforma do piso, troca da tela do alambrado, pinturas e manuten\u00e7\u00e3o de cal\u00e7adas ao redor. Tamb\u00e9m foi feita entrega de hastes e redes de t\u00eanis<\/p>\n\n\n\n<p>Ag\u00eancia Bras\u00edlia* | Edi\u00e7\u00e3o: Carolina Lobo&nbsp;O Dia do Tenista, comemorado nesta quinta-feira (9), p\u00f4de ser celebrado com alegria pelos praticantes do esporte na Asa Sul. Nesta semana foi feita a inaugura\u00e7\u00e3o da quadra de t\u00eanis localizada na SQS 202, reformada pela Administra\u00e7\u00e3o Regional do Plano Piloto, com investimento de R$ 168.022,40.<\/p>\n\n\n\n<p>A quadra recebeu a manuten\u00e7\u00e3o completa, com reforma do piso, troca da tela do alambrado, pinturas e manuten\u00e7\u00e3o de cal\u00e7adas ao redor. Tamb\u00e9m foi feita a entrega de hastes e redes de t\u00eanis.<\/p>\n\n\n\n<figure class=\"wp-block-image\"><img decoding=\"async\" src=\"http:\/\/agenciabrasilia.df.gov.br\/wp-conteudo\/uploads\/2022\/06\/52127519593_47355b5c97_o.jpg\" alt=\"\" class=\"wp-image-414824\"\/><figcaption>Inaugurada a quadra de t\u00eanis da SQS 202, reformada pela Administra\u00e7\u00e3o Regional do Plano Piloto | Foto: Divulga\u00e7\u00e3o<\/figcaption><\/figure>\n\n\n\n<p>A prefeita da quadra, Lourdes Baldez, agradeceu o empenho da administra\u00e7\u00e3o em devolver o espa\u00e7o esportivo \u00e0 popula\u00e7\u00e3o. \u201cO esfor\u00e7o conjunto da equipe para entender as especifica\u00e7\u00f5es do Plano Piloto e captar recursos que h\u00e1 muito tempo n\u00e3o eram alocados para a nossa RA foi um grande acerto do GDF e estamos colhendo os frutos disso\u201d, comemorou.<\/p>\n\n\n\n<p>\u201cEssa quadra estava muito abandonada, assim como a maioria dos equipamentos p\u00fablicos do Plano Piloto. Foi um compromisso meu e do governador Ibaneis Rocha cuidar melhor do Plano Piloto, voltando a alocar mais recursos nessa regi\u00e3o administrativa\u201d, disse a administradora do Plano Piloto, Ilka Teodoro.<\/p>\n\n\n\n<p><em>*Com informa\u00e7\u00f5es da Administra\u00e7\u00e3o Regional do Plano Piloto do DF<\/em><\/p>\n","protected":false},"excerpt":{"rendered":"<p>Com investimento de R$ 168 mil, espa\u00e7o teve reforma do piso, troca da tela do alambrado, pinturas e manuten\u00e7\u00e3o de cal\u00e7adas ao redor. Tamb\u00e9m foi feita entrega de hastes e redes de t\u00eanis Ag\u00eancia Bras\u00edlia* | Edi\u00e7\u00e3o: Carolina Lobo&nbsp;O Dia do Tenista, comemorado nesta quinta-feira (9), p\u00f4de ser celebrado com alegria pelos praticantes do esporte [&hellip;]<\/p>\n","protected":false},"author":1,"featured_media":0,"comment_status":"open","ping_status":"open","sticky":false,"template":"","format":"standard","meta":{"footnotes":""},"categories":[],"tags":[],"class_list":["post-5686","post","type-post","status-publish","format-standard","hentry"],"_links":{"self":[{"href":"https:\/\/aguaslindasnoticias.com.br\/index.php\/wp-json\/wp\/v2\/posts\/5686","targetHints":{"allow":["GET"]}}],"collection":[{"href":"https:\/\/aguaslindasnoticias.com.br\/index.php\/wp-json\/wp\/v2\/posts"}],"about":[{"href":"https:\/\/aguaslindasnoticias.com.br\/index.php\/wp-json\/wp\/v2\/types\/post"}],"author":[{"embeddable":true,"href":"https:\/\/aguaslindasnoticias.com.br\/index.php\/wp-json\/wp\/v2\/users\/1"}],"replies":[{"embeddable":true,"href":"https:\/\/aguaslindasnoticias.com.br\/index.php\/wp-json\/wp\/v2\/comments?post=5686"}],"version-history":[{"count":0,"href":"https:\/\/aguaslindasnoticias.com.br\/index.php\/wp-json\/wp\/v2\/posts\/5686\/revisions"}],"wp:attachment":[{"href":"https:\/\/aguaslindasnoticias.com.br\/index.php\/wp-json\/wp\/v2\/media?parent=5686"}],"wp:term":[{"taxonomy":"category","embeddable":true,"href":"https:\/\/aguaslindasnoticias.com.br\/index.php\/wp-json\/wp\/v2\/categories?post=5686"},{"taxonomy":"post_tag","embeddable":true,"href":"https:\/\/aguaslindasnoticias.com.br\/index.php\/wp-json\/wp\/v2\/tags?post=5686"}],"curies":[{"name":"wp","href":"https:\/\/api.w.org\/{rel}","templated":true}]}}