{"id":5685,"date":"2023-01-04T10:14:40","date_gmt":"2023-01-04T13:14:40","guid":{"rendered":"https:\/\/aguaslindasnoticias.com.br\/index.php\/2023\/01\/04\/profissionais-defendem-presenca-de-dentistas-em-utis-e-hospitais-do-df\/"},"modified":"2023-01-04T10:14:40","modified_gmt":"2023-01-04T13:14:40","slug":"profissionais-defendem-presenca-de-dentistas-em-utis-e-hospitais-do-df","status":"publish","type":"post","link":"https:\/\/aguaslindasnoticias.com.br\/index.php\/2023\/01\/04\/profissionais-defendem-presenca-de-dentistas-em-utis-e-hospitais-do-df\/","title":{"rendered":"Profissionais defendem presen\u00e7a de dentistas em UTIs e hospitais do DF"},"content":{"rendered":"\n<p>Foto: Renan Lisboa (estagi\u00e1rio)\/CLDF<\/p>\n\n\n\n<figure class=\"wp-block-image\"><img decoding=\"async\" src=\"https:\/\/www.cl.df.gov.br\/documents\/10162\/25873858\/2211319RL+%28105%29.jpg\/8aafa194-5324-9e60-74ab-a37de7335e0f?t=1654874968271\" alt=\"Representantes dos odont\u00f3logos argumentam que a presen\u00e7a dos profissionais nas UTIs economiza custos hospitalares e reduz tempo de interna\u00e7\u00e3o\"\/><\/figure>\n\n\n\n<figure class=\"wp-block-image size-large\"><img decoding=\"async\" src=\"http:\/\/claricegulyas.com.br\/wp-content\/uploads\/2022\/06\/julia-lucy-.jpg\" alt=\"\" class=\"wp-image-10365\"\/><\/figure>\n\n\n\n<p>A presen\u00e7a dos dentistas nas Unidades de Tratamento Intensivo (UTIs) e hospitais do Distrito Federal foi debatida em audi\u00eancia p\u00fablica da C\u00e2mara Legislativa nesta sexta-feira (10). A autora da iniciativa, deputada J\u00falia Lucy (Uni\u00e3o Brasil), defendeu investimento \u201curgente\u201d da Secretaria de Sa\u00fade do DF em pessoal e equipamentos. \u201cA n\u00e3o oferta de servi\u00e7os odontol\u00f3gicos, ao lado da n\u00e3o oferta de servi\u00e7o de pediatria, s\u00e3o os dois maiores problemas que n\u00f3s constatamos sempre\u201d, afirmou.<\/p>\n\n\n\n<p>Para a distrital, o problema n\u00e3o \u00e9 falta de recursos j\u00e1 que, segundo ela, a pasta conta com R$ 9 bilh\u00f5es em caixa. \u201c\u00c9 muito urgente que a gente consiga mobilizar as autoridades para focar no investimento odontol\u00f3gico\u201d, frisou.<\/p>\n\n\n\n<p>Representando o presidente do Conselho Federal de Odontologia do DF, Juliano do Vale, o cirurgi\u00e3o-dentista Samir Najjar ressaltou a Lei 5744\/2016, de Reginaldo Veras (PDT), que assegura presen\u00e7a de cirugi\u00e3o-dentista em UTIs da rede p\u00fablica. \u201cAcho que \u00e9 o DF \u00e9 o \u00fanico estado que tem na rede p\u00fablica e nos hospitais privados dentistas na UTI, mas poucos atendem na parte de interna\u00e7\u00e3o\u201d, ponderou.<\/p>\n\n\n\n<p><img decoding=\"async\" width=\"502\" src=\"https:\/\/www.cl.df.gov.br\/documents\/10162\/25873858\/2211319RL+%2834%29.jpg\/235cf328-ccd7-e685-a9e3-270dfb273fa8?t=1654874966771\">Presidente do Conselho Regional de Odontologia do DF, o dentista Marco Ant\u00f4nio dos Santos defendeu maior participa\u00e7\u00e3o pol\u00edtica dos profissionais. Entre os desafios, ele frisou a necessidade de \u201cconscientizar a Ag\u00eancia Nacional de Sa\u00fade Suplementar (ANS)\u201d sobre a amplia\u00e7\u00e3o de cobertura de procedimentos odontol\u00f3gicos. De acordo com ele, a presen\u00e7a dos dentistas nos ambulat\u00f3rios \u201cajuda bastante na quest\u00e3o da preven\u00e7\u00e3o de sa\u00fade bucal e problemas de infec\u00e7\u00f5es\u201d. J\u00falia Lucy tamb\u00e9m defendeu a inclus\u00e3o dos procedimentos odontol\u00f3gicos na lista da ANS: \u201cse n\u00e3o estiver, os planos de sa\u00fade n\u00e3o v\u00e3o cobrir estes custos\u201d.<\/p>\n\n\n\n<p>A gerente de Odontologia da Secretaria de Sa\u00fade, cirurgi\u00e3-dentista Alessandra Fernanda de Castro, reconheceu o d\u00e9ficit de dentistas na pasta, mas disse que h\u00e1 concurso em andamento com previs\u00e3o de 50 nomea\u00e7\u00f5es.\u201cN\u00f3s temos consci\u00eancia das nossas limita\u00e7\u00f5es, temos brigado muito, revisto alguns conceitos e parametriza\u00e7\u00f5es que j\u00e1 n\u00e3o nos cabe mais, temos tentado de todas as formas poss\u00edveis ampliar a carga hor\u00e1ria n\u00e3o s\u00f3 de cirurgi\u00e3o-dentista, mas de t\u00e9cnico em sa\u00fade bucal, e vamos continuar brigando por uma odontologia de excel\u00eancia na Secretaria de Sa\u00fade do DF\u201d, afirmou.<\/p>\n\n\n\n<p>A gerente-geral de regula\u00e7\u00e3o assistencial de produtos da ANS, Ana Cristina Mota, explicou que o rol de procedimentos \u00e9 atualizado constantemente a partir da demanda da sociedade e com a inclus\u00e3o pelo SUS. Segundo ela, o plano odontol\u00f3gico \u00e9 ambulatorial e o plano hospitalar prev\u00ea a cobertura do custo com a estrutura do hospital para tratamento odontol\u00f3gico. O paciente, neste caso, deve custear os honor\u00e1rios com o dentista e os materiais utilizados.<\/p>\n\n\n\n<p>Segundo a mestre em terapia intensiva e professora da Uniceplac, cirurgi\u00e3-dentista Cl\u00e1udia Baisaredo, a presen\u00e7a de odont\u00f3logos em UTIs economiza custos hospitalares e reduz tempo de interna\u00e7\u00e3o. \u201cO paciente que adquire uma pneumonia associada a ventila\u00e7\u00e3o por falta de assist\u00eancia odontol\u00f3gica di\u00e1ria tem o tempo de interna\u00e7\u00e3o aumentado em cerca de 12 dias, custo de R$ 30 mil a R$ 36 mil por paciente\u201d, ressaltou.<\/p>\n\n\n\n<p>Sobre o rol da ANS, Baisaredo destacou que \u00e9 preciso ampliar os procedimentos cir\u00fargicos previstos: \u201cEstamos falando de diagn\u00f3stico, de preven\u00e7\u00e3o de pneumonia aspirativa, preven\u00e7\u00e3o de pneumonia associada a ventila\u00e7\u00e3o mec\u00e2nica, ent\u00e3o vai muito al\u00e9m do que est\u00e1 no rol dos planos odontol\u00f3gicos\u201d.<\/p>\n\n\n\n<p>Ao defender a odontologia hospitalar, o cirurgi\u00e3o-dentista J\u00falio C\u00e9sar destacou que 40% das endocardites (inflama\u00e7\u00e3o das estruturas internas do cora\u00e7\u00e3o) tem como causas doen\u00e7as da boca e, desse total, 20% v\u00e3o a \u00f3bito. Ele parabenizou a deputada pela iniciativa da audi\u00eancia: \u201cEu fico extremamente feliz porque n\u00f3s estamos dando um pontap\u00e9 muito importante nessa jogada, que \u00e9 transformar a odontologia\u201d.<\/p>\n\n\n\n<p>Segundo a dentista e gerente das a\u00e7\u00f5es de planejamento familiar da Procuradoria Especial da Mulher da CLDF, Ana Cristina, 50% dos partos prematuros s\u00e3o provocados por doen\u00e7a periodontal. \u201cN\u00f3s estamos trabalhando hoje com planejamento reprodutivo, mas o nosso foco \u00e9 trabalhar odontologia junto a essas mulheres\u201d, afirmou.<br>&nbsp;<\/p>\n\n\n\n<figure class=\"wp-block-image\"><img decoding=\"async\" src=\"https:\/\/www.cl.df.gov.br\/documents\/10162\/25873858\/2211319RL+%2886%29.jpg\/bc63c672-81e8-65fd-01ad-3bd3a2eb7611?t=1654874967959\" alt=\"\"\/><\/figure>\n\n\n\n<p>Ao final da audi\u00eancia, J\u00falia Lucy se comprometeu a apresentar projeto de lei para ampliar a obriga\u00e7\u00e3o de dentistas tamb\u00e9m nos hospitais da rede privada.<\/p>\n\n\n\n<p><strong>Mario Espinheira &#8211; Ag\u00eancia CLDF<\/strong><\/p>\n","protected":false},"excerpt":{"rendered":"<p>Foto: Renan Lisboa (estagi\u00e1rio)\/CLDF A presen\u00e7a dos dentistas nas Unidades de Tratamento Intensivo (UTIs) e hospitais do Distrito Federal foi debatida em audi\u00eancia p\u00fablica da C\u00e2mara Legislativa nesta sexta-feira (10). A autora da iniciativa, deputada J\u00falia Lucy (Uni\u00e3o Brasil), defendeu investimento \u201curgente\u201d da Secretaria de Sa\u00fade do DF em pessoal e equipamentos. \u201cA n\u00e3o oferta [&hellip;]<\/p>\n","protected":false},"author":1,"featured_media":0,"comment_status":"open","ping_status":"open","sticky":false,"template":"","format":"standard","meta":{"footnotes":""},"categories":[],"tags":[],"class_list":["post-5685","post","type-post","status-publish","format-standard","hentry"],"_links":{"self":[{"href":"https:\/\/aguaslindasnoticias.com.br\/index.php\/wp-json\/wp\/v2\/posts\/5685","targetHints":{"allow":["GET"]}}],"collection":[{"href":"https:\/\/aguaslindasnoticias.com.br\/index.php\/wp-json\/wp\/v2\/posts"}],"about":[{"href":"https:\/\/aguaslindasnoticias.com.br\/index.php\/wp-json\/wp\/v2\/types\/post"}],"author":[{"embeddable":true,"href":"https:\/\/aguaslindasnoticias.com.br\/index.php\/wp-json\/wp\/v2\/users\/1"}],"replies":[{"embeddable":true,"href":"https:\/\/aguaslindasnoticias.com.br\/index.php\/wp-json\/wp\/v2\/comments?post=5685"}],"version-history":[{"count":0,"href":"https:\/\/aguaslindasnoticias.com.br\/index.php\/wp-json\/wp\/v2\/posts\/5685\/revisions"}],"wp:attachment":[{"href":"https:\/\/aguaslindasnoticias.com.br\/index.php\/wp-json\/wp\/v2\/media?parent=5685"}],"wp:term":[{"taxonomy":"category","embeddable":true,"href":"https:\/\/aguaslindasnoticias.com.br\/index.php\/wp-json\/wp\/v2\/categories?post=5685"},{"taxonomy":"post_tag","embeddable":true,"href":"https:\/\/aguaslindasnoticias.com.br\/index.php\/wp-json\/wp\/v2\/tags?post=5685"}],"curies":[{"name":"wp","href":"https:\/\/api.w.org\/{rel}","templated":true}]}}