{"id":5684,"date":"2023-01-04T10:14:40","date_gmt":"2023-01-04T13:14:40","guid":{"rendered":"https:\/\/aguaslindasnoticias.com.br\/index.php\/2023\/01\/04\/comeca-a-temporada-de-ipes-enchendo-de-cor-e-beleza-todo-o-df\/"},"modified":"2023-01-04T10:14:40","modified_gmt":"2023-01-04T13:14:40","slug":"comeca-a-temporada-de-ipes-enchendo-de-cor-e-beleza-todo-o-df","status":"publish","type":"post","link":"https:\/\/aguaslindasnoticias.com.br\/index.php\/2023\/01\/04\/comeca-a-temporada-de-ipes-enchendo-de-cor-e-beleza-todo-o-df\/","title":{"rendered":"Come\u00e7a a temporada de ip\u00eas, enchendo de cor e beleza todo o DF"},"content":{"rendered":"\n<p>\u00c1rvore \u00e9 considerada s\u00edmbolo da capital federal, se destacando em meio \u00e0 paisagem do per\u00edodo seco; em 2021, foram plantados pelo GDF 30 mil ip\u00eas de diferentes cores em todas as regi\u00f5es administrativas<\/p>\n\n\n\n<p>Kamila Farias, da Ag\u00eancia Bras\u00edlia | Edi\u00e7\u00e3o: Rosualdo Rodrigues&nbsp;Chegou a \u00e9poca em que os brasilienses andam pelas ruas e os olhos se enchem de muita beleza e cor. J\u00e1 \u00e9 poss\u00edvel ver a flora\u00e7\u00e3o dos ip\u00eas \u2013 atualmente, os roxos \u2013 e, mesmo que essas flores apare\u00e7am anualmente, n\u00e3o h\u00e1 como n\u00e3o se animar e fazer uma foto para registrar o momento.<\/p>\n\n\n\n<figure class=\"wp-block-image\"><img decoding=\"async\" src=\"http:\/\/www.agenciabrasilia.df.gov.br\/wp-conteudo\/uploads\/2022\/06\/Foto-Joel-Rodrigues_Agenia-Brasilia-2.jpeg\" alt=\"\" class=\"wp-image-413875\"\/><figcaption>Liliane Santos trabalha na Esplanada e todos os dias, na hora de almo\u00e7o, d\u00e1 uma volta pela regi\u00e3o para contemplar os ip\u00eas | Fotos: Joel Rodrigues\/Ag\u00eancia Bras\u00edlia<\/figcaption><\/figure>\n\n\n\n<p>O ip\u00ea-roxo \u00e9 o primeiro que floresce no Distrito Federal, nos meses de junho e julho. De acordo com o diretor do Departamento de Parques e Jardins da Novacap, Raimundo Silva, em alguns casos, o ip\u00ea-roxo pode florir duas vezes no ano na mesma \u00e1rvore, diferentemente dos demais.<\/p>\n\n\n\n<blockquote class=\"wp-block-quote is-layout-flow wp-block-quote-is-layout-flow\"><p>O ip\u00ea-roxo \u00e9 o primeiro que aparece no DF e pode florir duas vezes no ano na mesma \u00e1rvore, diferentemente dos demais<\/p><\/blockquote>\n\n\n\n<p>\u201cAl\u00e9m disso, ele \u00e9 um dos que mais mant\u00eam a florada, dura de 20 a 30 dias. O branco, por exemplo, dura de tr\u00eas a oito dias. \u00c9 um per\u00edodo de f\u00e1cil aprecia\u00e7\u00e3o, pois existem cerca de 230 mil unidades no DF\u201d, destaca Raimundo Silva.<\/p>\n\n\n\n<p>A Novacap pretende plantar, ainda neste ano, mais 40 mil mudas de cores variadas. No ano passado, foram plantadas 30 mil. \u201cAs planta\u00e7\u00f5es ocorrem no per\u00edodo de chuva, de abril a outubro, de todas as esp\u00e9cies e em todas as regi\u00f5es administrativas\u201d, explica Raimundo Silva. Depois da flora\u00e7\u00e3o do ip\u00ea roxo, vem a dos ip\u00eas-amarelos, em seguida dos brancos, depois verdes e, por fim, do ip\u00ea-rosa.<\/p>\n\n\n\n<p>Para a professora Cristiane Vaz, os ip\u00eas s\u00e3o muito importantes, principalmente o ip\u00ea-amarelo, que floresce na \u00e9poca do seu anivers\u00e1rio. \u201cTenho um ip\u00ea tatuado nas minhas costas. Fiz a tatuagem quando eu passava por um momento muito delicado. Estava perdida e precisava descobrir de novo quem eu era\u201d, conta.<\/p>\n\n\n\n<p>\u201cAmo ip\u00eas, especialmente os amarelos. O que acho mais lindo \u00e9 que eles ficam l\u00e1 o ano todo, passam at\u00e9 despercebidos. Mas quando o clima est\u00e1 no auge da seca, da poeira, e tudo fica ressecado e feio, eles explodem com muita cor e beleza\u201d, ressalta Cristiane.<\/p>\n\n\n\n<figure class=\"wp-block-image\"><img decoding=\"async\" src=\"http:\/\/www.agenciabrasilia.df.gov.br\/wp-conteudo\/uploads\/2022\/06\/Foto-Arquiv-pessoal-Cristiane-Vaz.jpeg\" alt=\"\" class=\"wp-image-413882\"\/><figcaption>Cristiane Vaz gosta tanto de ip\u00eas que fez deles tatuagens | Foto: Arquivo pessoal<\/figcaption><\/figure>\n\n\n\n<p><strong>Beleza anual<\/strong><\/p>\n\n\n\n<p>Liliane Santos \u00e9 servidora p\u00fablica e trabalha na Esplanada dos Minist\u00e9rios. De segunda a sexta, em seu hor\u00e1rio de almo\u00e7o, ela d\u00e1 uma volta pela regi\u00e3o para contemplar a chegada dos ip\u00eas. \u201cTodos os dias saio para apreciar e, mesmo eles aparecendo todos os anos, fico encantada, como se nunca tivesse visto. O que mais gosto \u00e9 o amarelo, sempre aparece um lindo perto da Rodovi\u00e1ria\u201d, conta. Detalhe interessante \u00e9 que a tela do celular de Liliane \u00e9 uma foto de um ip\u00ea que ela tirou no ano passado.<\/p>\n\n\n\n<p>O jornalista S\u00e9rgio Lopes tamb\u00e9m passa pela Esplanada dos Minist\u00e9rios todos os dias e, ainda assim, ele para e tira foto de algum ip\u00ea que ache bonito. \u201cNo meio da seca nasce uma planta t\u00e3o bonita. Isso chama muito minha aten\u00e7\u00e3o. Todos os anos eu fa\u00e7o o registro deles em meu celular\u201d, comenta.<\/p>\n\n\n\n<figure class=\"wp-block-image\"><img decoding=\"async\" src=\"http:\/\/www.agenciabrasilia.df.gov.br\/wp-conteudo\/uploads\/2022\/06\/Foto-Joel-Rodrigues_Agenia-Brasilia-4.jpeg\" alt=\"\" class=\"wp-image-413884\"\/><figcaption>\u201cNo meio da seca nasce uma planta t\u00e3o bonita. Isso chama muito minha aten\u00e7\u00e3o. Todos os anos fa\u00e7o o registro em meu celular\u201d, observa o jornalista S\u00e9rgio Lopes<\/figcaption><\/figure>\n\n\n\n<p>Um local que os brasilienses est\u00e3o ansiosos para fotografar \u00e9 a Estrada Parque Taguatinga (EPTG) e a pista do J\u00f3quei Clube. Segundo o diretor do Departamento de Parques e Jardins da Novacap, as \u00e1reas, quando come\u00e7arem a florir, ser\u00e3o bem atrativas.<\/p>\n\n\n\n<p>\u201cNo ano passado plantamos tr\u00eas mil mudas na EPTG, por faixa de cores, e 1,5 mil na pista do J\u00f3quei, que v\u00e3o ficar \u00e1reas lindas. A EPTG, por exemplo, j\u00e1 est\u00e1 sendo chamada de \u2018IpeTG\u2019, por causa desse plantio feito l\u00e1\u201d, ressalta Raimundo Silva.<\/p>\n\n\n\n<p>Apesar da beleza das \u00e1rvores, o diretor faz um alerta e pede para que as pessoas busquem orienta\u00e7\u00e3o na Novacap antes de fazer um plantio em \u00e1rea p\u00fablica. \u201cNesta \u00e9poca, todo mundo quer plantar um ip\u00ea. No entanto, o per\u00edodo n\u00e3o \u00e9 ideal, \u00e9 muito seco, \u00e9 jogar muda fora. \u00c9 necess\u00e1rio esperar o per\u00edodo de chuva\u201d, esclarece.<\/p>\n\n\n\n<p>Acredita-se que no pr\u00f3ximo ano as \u00e1rvores da EPTG e do J\u00f3quei j\u00e1 estejam floridas, pois, conforme Raimundo Silva, os ip\u00eas demoram, em m\u00e9dia, tr\u00eas anos para come\u00e7ar a florescer. Os amarelos, explica ele, s\u00e3o mais r\u00e1pidos e costumam apresentar flores ap\u00f3s dois anos de plantados.<\/p>\n\n\n\n<p>\u201cOutro alerta \u00e9 em rela\u00e7\u00e3o ao plantio em \u00e1rea p\u00fablica, que precisa de orienta\u00e7\u00e3o e autoriza\u00e7\u00e3o da Novacap, pois 90% das \u00e1rvores que ca\u00edram s\u00e3o de plantios feitos sem autoriza\u00e7\u00e3o\u201d, destaca o diretor.<\/p>\n\n\n\n<figure class=\"wp-block-image\"><img decoding=\"async\" src=\"http:\/\/agenciabrasilia.df.gov.br\/wp-conteudo\/uploads\/2022\/06\/image0-1.jpeg\" alt=\"\" class=\"wp-image-414395\"\/><\/figure>\n","protected":false},"excerpt":{"rendered":"<p>\u00c1rvore \u00e9 considerada s\u00edmbolo da capital federal, se destacando em meio \u00e0 paisagem do per\u00edodo seco; em 2021, foram plantados pelo GDF 30 mil ip\u00eas de diferentes cores em todas as regi\u00f5es administrativas Kamila Farias, da Ag\u00eancia Bras\u00edlia | Edi\u00e7\u00e3o: Rosualdo Rodrigues&nbsp;Chegou a \u00e9poca em que os brasilienses andam pelas ruas e os olhos se [&hellip;]<\/p>\n","protected":false},"author":1,"featured_media":0,"comment_status":"open","ping_status":"open","sticky":false,"template":"","format":"standard","meta":{"footnotes":""},"categories":[],"tags":[],"class_list":["post-5684","post","type-post","status-publish","format-standard","hentry"],"_links":{"self":[{"href":"https:\/\/aguaslindasnoticias.com.br\/index.php\/wp-json\/wp\/v2\/posts\/5684","targetHints":{"allow":["GET"]}}],"collection":[{"href":"https:\/\/aguaslindasnoticias.com.br\/index.php\/wp-json\/wp\/v2\/posts"}],"about":[{"href":"https:\/\/aguaslindasnoticias.com.br\/index.php\/wp-json\/wp\/v2\/types\/post"}],"author":[{"embeddable":true,"href":"https:\/\/aguaslindasnoticias.com.br\/index.php\/wp-json\/wp\/v2\/users\/1"}],"replies":[{"embeddable":true,"href":"https:\/\/aguaslindasnoticias.com.br\/index.php\/wp-json\/wp\/v2\/comments?post=5684"}],"version-history":[{"count":0,"href":"https:\/\/aguaslindasnoticias.com.br\/index.php\/wp-json\/wp\/v2\/posts\/5684\/revisions"}],"wp:attachment":[{"href":"https:\/\/aguaslindasnoticias.com.br\/index.php\/wp-json\/wp\/v2\/media?parent=5684"}],"wp:term":[{"taxonomy":"category","embeddable":true,"href":"https:\/\/aguaslindasnoticias.com.br\/index.php\/wp-json\/wp\/v2\/categories?post=5684"},{"taxonomy":"post_tag","embeddable":true,"href":"https:\/\/aguaslindasnoticias.com.br\/index.php\/wp-json\/wp\/v2\/tags?post=5684"}],"curies":[{"name":"wp","href":"https:\/\/api.w.org\/{rel}","templated":true}]}}