{"id":5683,"date":"2023-01-04T10:14:40","date_gmt":"2023-01-04T13:14:40","guid":{"rendered":"https:\/\/aguaslindasnoticias.com.br\/index.php\/2023\/01\/04\/brasilia-tera-um-megashopping-ao-lado-do-aeroporto-ate-2024\/"},"modified":"2023-01-04T10:14:40","modified_gmt":"2023-01-04T13:14:40","slug":"brasilia-tera-um-megashopping-ao-lado-do-aeroporto-ate-2024","status":"publish","type":"post","link":"https:\/\/aguaslindasnoticias.com.br\/index.php\/2023\/01\/04\/brasilia-tera-um-megashopping-ao-lado-do-aeroporto-ate-2024\/","title":{"rendered":"Bras\u00edlia ter\u00e1 um megashopping ao lado do aeroporto at\u00e9 2024"},"content":{"rendered":"\n<p>A constru\u00e7\u00e3o do centro de compras est\u00e1 prevista para come\u00e7ar j\u00e1 no primeiro trimestre de 2023, com investimento de R$ 700 milh\u00f5es e gerando 3,5 mil empregos na capital<\/p>\n\n\n\n<p>L\u00edvio di Ara\u00fajo, da Ag\u00eancia Bras\u00edlia | Edi\u00e7\u00e3o: Rosualdo Rodrigues&nbsp;Um empreendimento de R$ 700 milh\u00f5es, com previs\u00e3o de gerar mais de 3,5 mil empregos diretos, est\u00e1 chegando a Bras\u00edlia. Na noite de quarta-feira (8), foi lan\u00e7ado o projeto de shopping que ocupar\u00e1 cerca de 61 mil m\u00b2 de \u00e1rea constru\u00edda, ao lado do Aeroporto Internacional de Bras\u00edlia \u2013 hoje, o segundo maior aeroporto do pa\u00eds, por onde passam 40 mil passageiros por dia \u2013, ao qual o centro de compras e lazer ser\u00e1 integrado.<\/p>\n\n\n\n<figure class=\"wp-block-image\"><img decoding=\"async\" src=\"http:\/\/www.agenciabrasilia.df.gov.br\/wp-conteudo\/uploads\/2022\/06\/Foto-Jaqueline-Husni-_-Agencia-Brasilia-5.jpeg\" alt=\"\" class=\"wp-image-414541\"\/><figcaption>No evento, o vice-governador Paco Britto lembrou que o governo Ibaneis Rocha valoriza e respeita os empres\u00e1rios que investem na capital | Fotos: Jaqueline Husni\/Ag\u00eancia Bras\u00edlia<\/figcaption><\/figure>\n\n\n\n<p>O&nbsp;Partage Shopping Bras\u00edlia foi apresentado em uma cerim\u00f4nia para investidores, empres\u00e1rios e convidados. \u201cSer\u00e1 um espa\u00e7o extraordin\u00e1rio, de vanguarda, e este \u00e9 um dos projetos mais importantes da Am\u00e9rica Latina\u201d, assegurou o diretor comercial e novos neg\u00f3cios da empresa idealizadora do empreendimento, Adriano Capobianco.<\/p>\n\n\n\n<blockquote class=\"wp-block-quote is-layout-flow wp-block-quote-is-layout-flow\"><p>\u201cAqui existe um governo, comandado por Ibaneis Rocha, que valoriza o empres\u00e1rio, o gerador de emprego, de impostos e de renda\u201dVice-governador Paco Britto<\/p><\/blockquote>\n\n\n\n<p>Presente ao evento, o vice-governador Paco Britto parabenizou os respons\u00e1veis pelo projeto e lembrou que o Governo do Distrito Federal (GDF) valoriza e respeita todos os empres\u00e1rios que investem na capital. \u201cObrigado por terem escolhido Bras\u00edlia para este empreendimento e um investimento t\u00e3o significativo, com gera\u00e7\u00e3o de emprego t\u00e3o expressiva\u201d, afirmou Paco. \u201cAqui existe um governo, comandado por Ibaneis Rocha, que valoriza o empres\u00e1rio, o gerador de emprego, de impostos e de renda\u201d, completou.<\/p>\n\n\n\n<p>Com previs\u00e3o de ser inaugurado at\u00e9 2024, o novo shopping vai abrigar 137 lojas, seis restaurantes, sete salas de cinema, academia, e contar com 3 mil vagas de estacionamento. A previs\u00e3o \u00e9 de que as obras comecem j\u00e1 no primeiro trimestre de 2023 \u2013 tr\u00eas parques tem\u00e1ticos que fazem parte do complexo ser\u00e3o as primeiras constru\u00e7\u00f5es erguidas.<\/p>\n\n\n\n<figure class=\"wp-block-image\"><img decoding=\"async\" src=\"http:\/\/www.agenciabrasilia.df.gov.br\/wp-conteudo\/uploads\/2022\/06\/Foto-Jaqueline-Husni-_-Agencia-Brasilia-3.jpeg\" alt=\"\" class=\"wp-image-414548\"\/><figcaption>A previs\u00e3o \u00e9 de que as obras comecem j\u00e1 no primeiro trimestre de 2023<\/figcaption><\/figure>\n\n\n\n<p><strong>Conex\u00e3o com as pessoas<\/strong><\/p>\n\n\n\n<p>\u201cEsse empreendimento tem a miss\u00e3o de aproximar o aeroporto das pessoas, da cidade\u201d, acredita o diretor de Assuntos Corporativos da Infram\u00e9rica \u2013 empresa que h\u00e1 10 anos administra o aeroporto de Bras\u00edlia \u2013, Rog\u00e9rio Coimbra. \u201cO aeroporto \u00e9 o cart\u00e3o de visitas da cidade. \u00c9 um lugar de conex\u00e3o de pessoas, polo gerador de empregos, o aeroporto \u00e9 um equipamento fundamental para o desenvolvimento econ\u00f4mico da cidade\u201d, ressaltou Coimbra.<\/p>\n\n\n\n<p>O ministro da Infraestrutura, Marcelo Sampaio Cunha Filho, destaca no projeto a previs\u00e3o de investimento do setor privado na cidade. \u201cSensacional ver a ideia de empreendedores que acreditaram na cidade para um projeto desta magnitude, mas que s\u00f3 \u00e9 assim porque \u00e9 sensacional ter um governo como o de Ibaneis Rocha, com essa vis\u00e3o pr\u00f3-business, como o vice-governador acabou de demonstrar.\u201d<\/p>\n\n\n\n<p>O espa\u00e7o tamb\u00e9m ter\u00e1 parques, \u00e1reas de entretenimento, shows, arvorismo e uma academia integrada ao parque nativo existente, centro de eventos e at\u00e9 hotel. \u201cA ideia \u00e9 criar um destino. Onde a pessoa n\u00e3o venha apenas para fazer compras, mas que passe o dia todo aqui\u201d, pontuou o diretor comercial e de Novos Neg\u00f3cios da Infram\u00e9rica, Ian Joels.<\/p>\n","protected":false},"excerpt":{"rendered":"<p>A constru\u00e7\u00e3o do centro de compras est\u00e1 prevista para come\u00e7ar j\u00e1 no primeiro trimestre de 2023, com investimento de R$ 700 milh\u00f5es e gerando 3,5 mil empregos na capital L\u00edvio di Ara\u00fajo, da Ag\u00eancia Bras\u00edlia | Edi\u00e7\u00e3o: Rosualdo Rodrigues&nbsp;Um empreendimento de R$ 700 milh\u00f5es, com previs\u00e3o de gerar mais de 3,5 mil empregos diretos, est\u00e1 [&hellip;]<\/p>\n","protected":false},"author":1,"featured_media":0,"comment_status":"open","ping_status":"open","sticky":false,"template":"","format":"standard","meta":{"footnotes":""},"categories":[],"tags":[],"class_list":["post-5683","post","type-post","status-publish","format-standard","hentry"],"_links":{"self":[{"href":"https:\/\/aguaslindasnoticias.com.br\/index.php\/wp-json\/wp\/v2\/posts\/5683","targetHints":{"allow":["GET"]}}],"collection":[{"href":"https:\/\/aguaslindasnoticias.com.br\/index.php\/wp-json\/wp\/v2\/posts"}],"about":[{"href":"https:\/\/aguaslindasnoticias.com.br\/index.php\/wp-json\/wp\/v2\/types\/post"}],"author":[{"embeddable":true,"href":"https:\/\/aguaslindasnoticias.com.br\/index.php\/wp-json\/wp\/v2\/users\/1"}],"replies":[{"embeddable":true,"href":"https:\/\/aguaslindasnoticias.com.br\/index.php\/wp-json\/wp\/v2\/comments?post=5683"}],"version-history":[{"count":0,"href":"https:\/\/aguaslindasnoticias.com.br\/index.php\/wp-json\/wp\/v2\/posts\/5683\/revisions"}],"wp:attachment":[{"href":"https:\/\/aguaslindasnoticias.com.br\/index.php\/wp-json\/wp\/v2\/media?parent=5683"}],"wp:term":[{"taxonomy":"category","embeddable":true,"href":"https:\/\/aguaslindasnoticias.com.br\/index.php\/wp-json\/wp\/v2\/categories?post=5683"},{"taxonomy":"post_tag","embeddable":true,"href":"https:\/\/aguaslindasnoticias.com.br\/index.php\/wp-json\/wp\/v2\/tags?post=5683"}],"curies":[{"name":"wp","href":"https:\/\/api.w.org\/{rel}","templated":true}]}}