{"id":5679,"date":"2023-01-04T10:14:40","date_gmt":"2023-01-04T13:14:40","guid":{"rendered":"https:\/\/aguaslindasnoticias.com.br\/index.php\/2023\/01\/04\/escolas-publicas-do-df-receberao-mais-400-educadores-sociais-voluntarios\/"},"modified":"2023-01-04T10:14:40","modified_gmt":"2023-01-04T13:14:40","slug":"escolas-publicas-do-df-receberao-mais-400-educadores-sociais-voluntarios","status":"publish","type":"post","link":"https:\/\/aguaslindasnoticias.com.br\/index.php\/2023\/01\/04\/escolas-publicas-do-df-receberao-mais-400-educadores-sociais-voluntarios\/","title":{"rendered":"Escolas p\u00fablicas do DF receber\u00e3o mais 400 educadores sociais volunt\u00e1rios"},"content":{"rendered":"\n<p>Portaria publicada nesta quinta (2) fortalece o quadro para atender aos estudantes da Educa\u00e7\u00e3o em Tempo Integral, da Educa\u00e7\u00e3o Infantil, do Ensino Fundamental e da Educa\u00e7\u00e3o Especial<\/p>\n\n\n\n<p>Ag\u00eancia Bras\u00edlia* | Edi\u00e7\u00e3o: Carolina Lobo<\/p>\n\n\n\n<p>A secret\u00e1ria de Educa\u00e7\u00e3o do Distrito Federal, H\u00e9lvia Paranagu\u00e1, assinou a Portaria n\u00ba 552, que disponibiliza mais 400 educadores sociais volunt\u00e1rios (ESVs) para atender as unidades escolares. O texto, publicado no Di\u00e1rio Oficial do Distrito Federal (DODF) desta quinta-feira (2), tamb\u00e9m estabeleceu que o quantitativo de educadores para atender aos estudantes da Educa\u00e7\u00e3o em Tempo Integral, da Educa\u00e7\u00e3o Infantil, do Ensino Fundamental e da Educa\u00e7\u00e3o Especial, ser\u00e1 distribu\u00eddo por Coordena\u00e7\u00e3o Regional de Ensino, seguindo a&nbsp;<a href=\"http:\/\/agenciabrasilia.df.gov.br\/wp-conteudo\/uploads\/2022\/06\/portaria_552_1junho2022_esv.pdf\" target=\"_blank\" rel=\"noreferrer noopener\">tabela do DODF<\/a>.<\/p>\n\n\n\n<blockquote class=\"wp-block-quote is-layout-flow wp-block-quote-is-layout-flow\"><p>Na primeira etapa, foram disponibilizados, da listagem oficial, 2.667 educadores. Na segunda, 1.433 e, hoje, mais 400 para contemplar aqueles estudantes que, nas etapas anteriores, n\u00e3o estavam na rede ou estavam em processo de avalia\u00e7\u00e3o<\/p><\/blockquote>\n\n\n\n<p>De acordo com a subsecret\u00e1ria de Planejamento, Acompanhamento e Avalia\u00e7\u00e3o, Mara Gomes, a programa\u00e7\u00e3o da Secretaria de Educa\u00e7\u00e3o (SEEDF) para a distribui\u00e7\u00e3o dos ESVs em 2022 foi elaborada com base no quantitativo de pessoas com defici\u00eancia registrado no I-Educar. \u201cFoi realizado um chamamento global, registrado em sistema e um escalonamento para que as coordena\u00e7\u00f5es regionais tivessem tempo de verificar, escola por escola, a necessidade local\u201d, pontuou.<\/p>\n\n\n\n<figure class=\"wp-block-image\"><img decoding=\"async\" src=\"http:\/\/agenciabrasilia.df.gov.br\/wp-conteudo\/uploads\/2022\/06\/Educador-Social-Voluntario-Foto-Wladimir-Luz.jpg\" alt=\"\" class=\"wp-image-412079\"\/><figcaption>Os educadores devem, exclusivamente, auxiliar em atividades cotidianas dos estudantes com defici\u00eancia ou com Transtorno do Espectro Autista (TEA) | Foto: Wladimir Luz\/SEEDF<\/figcaption><\/figure>\n\n\n\n<p>Na primeira etapa, foram disponibilizados, da listagem oficial, 2.667 educadores. Na segunda, 1.433 e, hoje, mais 400 para contemplar aqueles estudantes que, nas etapas anteriores, n\u00e3o estavam na rede ou estavam em processo de avalia\u00e7\u00e3o. \u201cCom essa portaria se encerra o ciclo de chamamento de educadores sociais volunt\u00e1rios, pois esses \u00faltimos ser\u00e3o encaminhados para resolver os casos pontuais\u201d, concluiu Mara.<\/p>\n\n\n\n<p><strong>Apoio aos estudantes<\/strong><\/p>\n\n\n\n<p>A atua\u00e7\u00e3o dos ESVs dentro das escolas regulares deve acontecer exclusivamente para auxiliar em atividades cotidianas, como alimenta\u00e7\u00e3o, locomo\u00e7\u00e3o e higieniza\u00e7\u00e3o dos estudantes com defici\u00eancia ou com Transtorno do Espectro Autista (TEA). Atuam, ainda, no contraturno das escolas de tempo integral, nos momentos de refei\u00e7\u00e3o e de atividades pedag\u00f3gicas.<\/p>\n\n\n\n<p>O educador social volunt\u00e1rio recebe R$ 30 por dia, em quatro horas de atua\u00e7\u00e3o, como ressarcimento exclusivo para alimenta\u00e7\u00e3o e transporte. Com isso, esse ressarcimento pode chegar a R$ 600 por m\u00eas ou a R$ 1,2 mil para quem tem dois termos de colabora\u00e7\u00e3o firmados. Para evitar a contrata\u00e7\u00e3o de apadrinhados, a Secretaria de Educa\u00e7\u00e3o determinou que a escolha dos candidatos se desse mediante uma pontua\u00e7\u00e3o a partir da an\u00e1lise dos curr\u00edculos, sem que os recrutadores pudessem ver o nome do candidato, s\u00f3 revelado ap\u00f3s ele ser selecionado.<\/p>\n\n\n\n<p><em>*Com informa\u00e7\u00f5es da Secretaria de Educa\u00e7\u00e3o<\/em><\/p>\n","protected":false},"excerpt":{"rendered":"<p>Portaria publicada nesta quinta (2) fortalece o quadro para atender aos estudantes da Educa\u00e7\u00e3o em Tempo Integral, da Educa\u00e7\u00e3o Infantil, do Ensino Fundamental e da Educa\u00e7\u00e3o Especial Ag\u00eancia Bras\u00edlia* | Edi\u00e7\u00e3o: Carolina Lobo A secret\u00e1ria de Educa\u00e7\u00e3o do Distrito Federal, H\u00e9lvia Paranagu\u00e1, assinou a Portaria n\u00ba 552, que disponibiliza mais 400 educadores sociais volunt\u00e1rios (ESVs) [&hellip;]<\/p>\n","protected":false},"author":1,"featured_media":0,"comment_status":"open","ping_status":"open","sticky":false,"template":"","format":"standard","meta":{"footnotes":""},"categories":[],"tags":[],"class_list":["post-5679","post","type-post","status-publish","format-standard","hentry"],"_links":{"self":[{"href":"https:\/\/aguaslindasnoticias.com.br\/index.php\/wp-json\/wp\/v2\/posts\/5679","targetHints":{"allow":["GET"]}}],"collection":[{"href":"https:\/\/aguaslindasnoticias.com.br\/index.php\/wp-json\/wp\/v2\/posts"}],"about":[{"href":"https:\/\/aguaslindasnoticias.com.br\/index.php\/wp-json\/wp\/v2\/types\/post"}],"author":[{"embeddable":true,"href":"https:\/\/aguaslindasnoticias.com.br\/index.php\/wp-json\/wp\/v2\/users\/1"}],"replies":[{"embeddable":true,"href":"https:\/\/aguaslindasnoticias.com.br\/index.php\/wp-json\/wp\/v2\/comments?post=5679"}],"version-history":[{"count":0,"href":"https:\/\/aguaslindasnoticias.com.br\/index.php\/wp-json\/wp\/v2\/posts\/5679\/revisions"}],"wp:attachment":[{"href":"https:\/\/aguaslindasnoticias.com.br\/index.php\/wp-json\/wp\/v2\/media?parent=5679"}],"wp:term":[{"taxonomy":"category","embeddable":true,"href":"https:\/\/aguaslindasnoticias.com.br\/index.php\/wp-json\/wp\/v2\/categories?post=5679"},{"taxonomy":"post_tag","embeddable":true,"href":"https:\/\/aguaslindasnoticias.com.br\/index.php\/wp-json\/wp\/v2\/tags?post=5679"}],"curies":[{"name":"wp","href":"https:\/\/api.w.org\/{rel}","templated":true}]}}