{"id":5677,"date":"2023-01-04T10:14:32","date_gmt":"2023-01-04T13:14:32","guid":{"rendered":"https:\/\/aguaslindasnoticias.com.br\/index.php\/2023\/01\/04\/treinamento-coloca-motoristas-de-onibus-no-lugar-de-ciclistas\/"},"modified":"2023-01-04T10:14:32","modified_gmt":"2023-01-04T13:14:32","slug":"treinamento-coloca-motoristas-de-onibus-no-lugar-de-ciclistas","status":"publish","type":"post","link":"https:\/\/aguaslindasnoticias.com.br\/index.php\/2023\/01\/04\/treinamento-coloca-motoristas-de-onibus-no-lugar-de-ciclistas\/","title":{"rendered":"Treinamento coloca motoristas de \u00f4nibus no lugar de ciclistas"},"content":{"rendered":"\n<p>Cerca de mil condutores experimentaram, na quinta-feira (2), como \u00e9 andar de bicicleta na mesma via de circula\u00e7\u00e3o de ve\u00edculos pesados e mais velozes&nbsp;<\/p>\n\n\n\n<p>Ag\u00eancia Bras\u00edlia* I Edi\u00e7\u00e3o: D\u00e9bora Cronemberger<\/p>\n\n\n\n<blockquote class=\"wp-block-quote is-layout-flow wp-block-quote-is-layout-flow\"><p>\u201cAchamos importante que os condutores de \u00f4nibus sintam a mesma sensa\u00e7\u00e3o que o ciclista tem quando um ve\u00edculo passa muito pr\u00f3ximo. Com esse treinamento, entendemos que os motoristas v\u00e3o aumentar a sua conscientiza\u00e7\u00e3o de respeito aos ciclistas no tr\u00e2nsito\u201dValter Casimiro, secret\u00e1rio de Transporte e Mobilidade<\/p><\/blockquote>\n\n\n\n<p>As empresas de \u00f4nibus do DF v\u00e3o oferecer treinamento aos seus motoristas para que dirijam com respeito e cuidado com os ciclistas. A medida \u00e9 recomendada pela Secretaria de Transporte e Mobilidade (Semob) e consiste em demonstra\u00e7\u00f5es pr\u00e1ticas com simula\u00e7\u00e3o de tr\u00e2nsito, al\u00e9m de aulas te\u00f3ricas e palestras abordando a legisla\u00e7\u00e3o e a conviv\u00eancia com os ciclistas nas vias da capital.<\/p>\n\n\n\n<p>Cerca de mil motoristas da empresa Piracicabana passaram pelo treinamento nesta quinta-feira (2). O exerc\u00edcio foi feito na garagem da empresa, com uso de bicicletas de alta performance e a simula\u00e7\u00e3o de uma via de tr\u00e2nsito, em que os \u00f4nibus passam muito perto da pista por onde circulam as bikes. No lugar dos ciclistas, os motoristas puderam sentir como \u00e9 pedalar ao lado de ve\u00edculos pesados e mais velozes.<\/p>\n\n\n\n<figure class=\"wp-block-image\"><img decoding=\"async\" src=\"http:\/\/www.agenciabrasilia.df.gov.br\/wp-conteudo\/uploads\/2022\/06\/motorista-Luciano-Antonio-Ribeiro.jpeg\" alt=\"\" class=\"wp-image-412405\"\/><figcaption>\u201cAqui a gente sente a import\u00e2ncia de tomar os cuidados no dia a dia, mantendo a dist\u00e2ncia para prote\u00e7\u00e3o dos ciclistas\u201d, comentou o motorista Luciano Ant\u00f4nio Ribeiro (\u00e0 frente) | Fotos: Divulga\u00e7\u00e3o\/Semob<\/figcaption><\/figure>\n\n\n\n<p>\u201cAchamos importante que os condutores de \u00f4nibus sintam a mesma sensa\u00e7\u00e3o que o ciclista tem quando um ve\u00edculo passa muito pr\u00f3ximo\u201d, explicou o secret\u00e1rio Valter Casimiro. O titular da Semob lembrou que \u00e9 um direito do ciclista andar na mesma via dos ve\u00edculos. \u201cCom esse treinamento, entendemos que os motoristas v\u00e3o aumentar a sua conscientiza\u00e7\u00e3o de respeito aos ciclistas no tr\u00e2nsito.\u201d<\/p>\n\n\n\n<p>O motorista Luciano Ant\u00f4nio Ribeiro participou da aula pr\u00e1tica. Para ele, foi importante se colocar no lugar do ciclista, mesmo sendo em uma situa\u00e7\u00e3o de simula\u00e7\u00e3o do tr\u00e2nsito. \u201cAqui a gente sente a import\u00e2ncia de tomar os cuidados no dia a dia, mantendo a dist\u00e2ncia para prote\u00e7\u00e3o dos ciclistas. A partir de agora, vamos tomar mais cuidado ainda, porque vimos que essa conscientiza\u00e7\u00e3o \u00e9 importante para salvar vidas\u201d, disse.<\/p>\n\n\n\n<figure class=\"wp-block-image\"><img decoding=\"async\" src=\"http:\/\/www.agenciabrasilia.df.gov.br\/wp-conteudo\/uploads\/2022\/06\/WhatsApp-Image-2022-06-02-at-15.35.54-1.jpeg\" alt=\"\" class=\"wp-image-412410\"\/><figcaption>Treinamento realizado nesta quinta-feira (2), na empresa Piracicabana, teve a participa\u00e7\u00e3o de cerca de mil motoristas<\/figcaption><\/figure>\n\n\n\n<p>De acordo com dados da Federa\u00e7\u00e3o Metropolitana de Ciclismo do Distrito Federal (FMC-DF), o DF conta com mais de 1,1 milh\u00e3o de bicicletas e cerca de 500 mil ciclistas ativos. A capital \u00e9 a segunda do pa\u00eds em extens\u00e3o da malha ciclovi\u00e1ria, com 633,496 km de ciclovias. Segundo o presidente da FMC, J\u00falio C\u00e9sar Rieder, conhecido como Japa da Bike, o treinamento promove uma aproxima\u00e7\u00e3o dos motoristas de \u00f4nibus com os ciclistas.<\/p>\n\n\n\n<figure class=\"wp-block-image\"><img decoding=\"async\" src=\"http:\/\/www.agenciabrasilia.df.gov.br\/wp-conteudo\/uploads\/2022\/06\/Julio-Cesar-Rieder-Japa-da-Bike-300x225.jpeg\" alt=\"\" class=\"wp-image-412412\"\/><figcaption>O presidente da Federa\u00e7\u00e3o Metropolitana de Ciclismo do Distrito Federal, J\u00falio C\u00e9sar Rieder, participou do treinamento<\/figcaption><\/figure>\n\n\n\n<p>\u201cEstamos aqui a convite da empresa para prestar uma s\u00e9rie de informa\u00e7\u00f5es aos motoristas. Uma delas \u00e9 que o ciclista de alta performance \u00e9 proibido de andar na ciclovia devido \u00e0 sua velocidade, ent\u00e3o ele vai dividir a pista com os ve\u00edculos e com os \u00f4nibus. Numa ciclovia comum, a velocidade m\u00e1xima da bicicleta \u00e9 de 20 km\/h, enquanto o atleta atinge at\u00e9 50 km\/h\u201d, explicou.<\/p>\n\n\n\n<p>A Piracicabana informou que promove diversas reuni\u00f5es e treinamentos nos quais os motoristas recebem informa\u00e7\u00f5es sobre a import\u00e2ncia do respeito no tr\u00e2nsito. Segundo o diretor da empresa, Fausto Mansur, a partir de agora, o treinamento recomendado pela Semob ser\u00e1 permanente.<\/p>\n\n\n\n<p>O instrutor de motoristas da Piracicabana, Airton Lopes da Silva, disse que a meta da empresa ao oferecer o treinamento \u00e9 contribuir para reduzir ou at\u00e9 mesmo zerar os acidentes envolvendo \u00f4nibus e bicicletas.<\/p>\n\n\n\n<p>\u201cA gente mostra a diferen\u00e7a entre uma pessoa que \u00e9 educada e aquela que n\u00e3o tem educa\u00e7\u00e3o no tr\u00e2nsito, e buscamos melhorar o relacionamento entre os motoristas e os ciclistas. O principal objetivo \u00e9 mostrar a import\u00e2ncia da vida. N\u00e3o \u00e9 respeitar somente a m\u00e1quina, \u00e9 respeitar a vida, porque n\u00e3o existe nenhuma m\u00e1quina andando por a\u00ed sem uma vida no seu comando\u201d, afirmou.<\/p>\n\n\n\n<p><em>*Com informa\u00e7\u00f5es da Semob<\/em><\/p>\n","protected":false},"excerpt":{"rendered":"<p>Cerca de mil condutores experimentaram, na quinta-feira (2), como \u00e9 andar de bicicleta na mesma via de circula\u00e7\u00e3o de ve\u00edculos pesados e mais velozes&nbsp; Ag\u00eancia Bras\u00edlia* I Edi\u00e7\u00e3o: D\u00e9bora Cronemberger \u201cAchamos importante que os condutores de \u00f4nibus sintam a mesma sensa\u00e7\u00e3o que o ciclista tem quando um ve\u00edculo passa muito pr\u00f3ximo. Com esse treinamento, entendemos [&hellip;]<\/p>\n","protected":false},"author":1,"featured_media":0,"comment_status":"open","ping_status":"open","sticky":false,"template":"","format":"standard","meta":{"footnotes":""},"categories":[],"tags":[],"class_list":["post-5677","post","type-post","status-publish","format-standard","hentry"],"_links":{"self":[{"href":"https:\/\/aguaslindasnoticias.com.br\/index.php\/wp-json\/wp\/v2\/posts\/5677","targetHints":{"allow":["GET"]}}],"collection":[{"href":"https:\/\/aguaslindasnoticias.com.br\/index.php\/wp-json\/wp\/v2\/posts"}],"about":[{"href":"https:\/\/aguaslindasnoticias.com.br\/index.php\/wp-json\/wp\/v2\/types\/post"}],"author":[{"embeddable":true,"href":"https:\/\/aguaslindasnoticias.com.br\/index.php\/wp-json\/wp\/v2\/users\/1"}],"replies":[{"embeddable":true,"href":"https:\/\/aguaslindasnoticias.com.br\/index.php\/wp-json\/wp\/v2\/comments?post=5677"}],"version-history":[{"count":0,"href":"https:\/\/aguaslindasnoticias.com.br\/index.php\/wp-json\/wp\/v2\/posts\/5677\/revisions"}],"wp:attachment":[{"href":"https:\/\/aguaslindasnoticias.com.br\/index.php\/wp-json\/wp\/v2\/media?parent=5677"}],"wp:term":[{"taxonomy":"category","embeddable":true,"href":"https:\/\/aguaslindasnoticias.com.br\/index.php\/wp-json\/wp\/v2\/categories?post=5677"},{"taxonomy":"post_tag","embeddable":true,"href":"https:\/\/aguaslindasnoticias.com.br\/index.php\/wp-json\/wp\/v2\/tags?post=5677"}],"curies":[{"name":"wp","href":"https:\/\/api.w.org\/{rel}","templated":true}]}}