{"id":5676,"date":"2023-01-04T10:14:32","date_gmt":"2023-01-04T13:14:32","guid":{"rendered":"https:\/\/aguaslindasnoticias.com.br\/index.php\/2023\/01\/04\/selecionados-28-artistas-para-colorir-paradas-de-onibus-na-w3-norte\/"},"modified":"2023-01-04T10:14:32","modified_gmt":"2023-01-04T13:14:32","slug":"selecionados-28-artistas-para-colorir-paradas-de-onibus-na-w3-norte","status":"publish","type":"post","link":"https:\/\/aguaslindasnoticias.com.br\/index.php\/2023\/01\/04\/selecionados-28-artistas-para-colorir-paradas-de-onibus-na-w3-norte\/","title":{"rendered":"Selecionados 28 artistas para colorir paradas de \u00f4nibus na W3 Norte"},"content":{"rendered":"\n<p>Resultado final da a\u00e7\u00e3o, que faz parte do projeto W3 Arte Urbana e contou com investimento de R$ 84 mil, foi publicado no Di\u00e1rio Oficial do DF desta sexta (3)<\/p>\n\n\n\n<p>Ag\u00eancia Bras\u00edlia* I Edi\u00e7\u00e3o: D\u00e9bora Cronemberger&nbsp;Chegou a vez de a arte urbana do DF levar suas cores para a W3 Norte. O resultado final do <a href=\"https:\/\/www.cultura.df.gov.br\/wp-conteudo\/uploads\/2022\/06\/SEI_GDF-87852640-Edital.pdf\" target=\"_blank\" rel=\"noreferrer noopener\">Edital n\u00b0 3\/2022<\/a>, promovido pela Secretaria de Cultura e Economia Criativa (Secec), foi divulgado no&nbsp;<em>Di\u00e1rio Oficial do Distrito Federal<\/em>&nbsp;(DODF) nesta sexta-feira (3), revelando os 28 artistas selecionados para fazer interven\u00e7\u00f5es de grafite, mural ou t\u00e9cnica similar nas paradas de \u00f4nibus da W3 Norte.<\/p>\n\n\n\n<p>A a\u00e7\u00e3o \u00e9 uma continuidade do projeto W3 Arte Urbana e teve um aporte de R$ 84 mil, montante do qual R$ 3 mil ser\u00e3o destinados a cada artista selecionado. Ao todo, foram 122 candidatos inscritos, apresentando suas propostas art\u00edsticas e uma justificativa para os conceitos elaborados.<\/p>\n\n\n\n<figure class=\"wp-block-image\"><img decoding=\"async\" src=\"http:\/\/www.agenciabrasilia.df.gov.br\/wp-conteudo\/uploads\/2022\/06\/Graffiti-Buriti-02.jpg\" alt=\"\" class=\"wp-image-412450\"\/><figcaption>Resultado assegurou vagas para artistas mulheres e pessoas com defici\u00eancia, incentivando a diversidade no acesso \u00e0s a\u00e7\u00f5es e aos incentivos culturais | Foto: Divulga\u00e7\u00e3o\/Secec<\/figcaption><\/figure>\n\n\n\n<p>Os artistas selecionados devem apresentar, no prazo de cinco dias \u00fateis a contar da data da publica\u00e7\u00e3o do resultado final, os documentos listados no Item 1\u00ba do edital. Se, no momento da emiss\u00e3o da nota de empenho ou assinatura do contrato, algum dos documentos estiver vencido ou inadimplente, o artista ser\u00e1 desclassificado, dando lugar \u00e0 proposta subsequente, conforme a lista de classifica\u00e7\u00e3o.<\/p>\n\n\n\n<p>Entre os crit\u00e9rios para a sele\u00e7\u00e3o estava o impedimento da contrata\u00e7\u00e3o dos artistas que j\u00e1 haviam sido contemplados anteriormente, no edital que realizou as interven\u00e7\u00f5es pela W3 Sul. Atento para a import\u00e2ncia da inclus\u00e3o e da equidade de g\u00eanero, o resultado trouxe 32% das vagas destinadas a artistas mulheres e duas vagas para pessoas com defici\u00eancia (PCDs), incentivando a acessibilidade \u00e0s a\u00e7\u00f5es e aos incentivos culturais.<\/p>\n\n\n\n<p>\u201cDepois do sucesso do resultado do edital para a W3 Sul, agora a Secec est\u00e1 ampliando esse projeto, para colorir tamb\u00e9m a W3 Norte. A a\u00e7\u00e3o \u00e9 parte de um conjunto de incentivos para a valoriza\u00e7\u00e3o dos artistas urbanos do DF, que agora est\u00e3o tendo essa importante oportunidade de ocupar com cultura e arte os espa\u00e7os urbanos da cidade\u201d, destacou a subsecret\u00e1ria de Economia Criativa da Secec, Angela In\u00e1cio.<\/p>\n\n\n\n<p><em>*Com informa\u00e7\u00f5es da Secec<\/em><\/p>\n","protected":false},"excerpt":{"rendered":"<p>Resultado final da a\u00e7\u00e3o, que faz parte do projeto W3 Arte Urbana e contou com investimento de R$ 84 mil, foi publicado no Di\u00e1rio Oficial do DF desta sexta (3) Ag\u00eancia Bras\u00edlia* I Edi\u00e7\u00e3o: D\u00e9bora Cronemberger&nbsp;Chegou a vez de a arte urbana do DF levar suas cores para a W3 Norte. O resultado final do [&hellip;]<\/p>\n","protected":false},"author":1,"featured_media":0,"comment_status":"open","ping_status":"open","sticky":false,"template":"","format":"standard","meta":{"footnotes":""},"categories":[],"tags":[],"class_list":["post-5676","post","type-post","status-publish","format-standard","hentry"],"_links":{"self":[{"href":"https:\/\/aguaslindasnoticias.com.br\/index.php\/wp-json\/wp\/v2\/posts\/5676","targetHints":{"allow":["GET"]}}],"collection":[{"href":"https:\/\/aguaslindasnoticias.com.br\/index.php\/wp-json\/wp\/v2\/posts"}],"about":[{"href":"https:\/\/aguaslindasnoticias.com.br\/index.php\/wp-json\/wp\/v2\/types\/post"}],"author":[{"embeddable":true,"href":"https:\/\/aguaslindasnoticias.com.br\/index.php\/wp-json\/wp\/v2\/users\/1"}],"replies":[{"embeddable":true,"href":"https:\/\/aguaslindasnoticias.com.br\/index.php\/wp-json\/wp\/v2\/comments?post=5676"}],"version-history":[{"count":0,"href":"https:\/\/aguaslindasnoticias.com.br\/index.php\/wp-json\/wp\/v2\/posts\/5676\/revisions"}],"wp:attachment":[{"href":"https:\/\/aguaslindasnoticias.com.br\/index.php\/wp-json\/wp\/v2\/media?parent=5676"}],"wp:term":[{"taxonomy":"category","embeddable":true,"href":"https:\/\/aguaslindasnoticias.com.br\/index.php\/wp-json\/wp\/v2\/categories?post=5676"},{"taxonomy":"post_tag","embeddable":true,"href":"https:\/\/aguaslindasnoticias.com.br\/index.php\/wp-json\/wp\/v2\/tags?post=5676"}],"curies":[{"name":"wp","href":"https:\/\/api.w.org\/{rel}","templated":true}]}}