{"id":5675,"date":"2023-01-04T10:14:32","date_gmt":"2023-01-04T13:14:32","guid":{"rendered":"https:\/\/aguaslindasnoticias.com.br\/index.php\/2023\/01\/04\/governo-investe-r-1-milhao-na-compra-de-produtos-da-agricultura-familiar\/"},"modified":"2023-01-04T10:14:32","modified_gmt":"2023-01-04T13:14:32","slug":"governo-investe-r-1-milhao-na-compra-de-produtos-da-agricultura-familiar","status":"publish","type":"post","link":"https:\/\/aguaslindasnoticias.com.br\/index.php\/2023\/01\/04\/governo-investe-r-1-milhao-na-compra-de-produtos-da-agricultura-familiar\/","title":{"rendered":"Governo investe R$ 1 milh\u00e3o na compra de produtos da agricultura familiar"},"content":{"rendered":"\n<p>Lan\u00e7ado edital do Papa-DF para aquisi\u00e7\u00e3o de mais de 200 toneladas de alimentos; cestas ser\u00e3o destinadas a pessoas em situa\u00e7\u00e3o de vulnerabilidade<\/p>\n\n\n\n<p>Ag\u00eancia Bras\u00edlia* I Edi\u00e7\u00e3o: D\u00e9bora Cronemberger&nbsp;Edital de chamada p\u00fablica do Programa de Aquisi\u00e7\u00e3o da Produ\u00e7\u00e3o da Agricultura (Papa-DF) destina o valor de R$ 1 milh\u00e3o para a compra de produtos da agricultura familiar. O Governo do Distrito Federal (GDF) vai adquirir mais de 200 toneladas de alimentos com essa chamada p\u00fablica, beneficiando 70 agricultores familiares.<\/p>\n\n\n\n<figure class=\"wp-block-image\"><img decoding=\"async\" src=\"http:\/\/www.agenciabrasilia.df.gov.br\/wp-conteudo\/uploads\/2022\/06\/Papa-DF-3.jpeg\" alt=\"\" class=\"wp-image-412477\"\/><figcaption>Alimentos adquiridos pela chamada p\u00fablica ser\u00e3o destinados a pessoas em situa\u00e7\u00e3o de vulnerabilidade alimentar e social | Foto: Divulga\u00e7\u00e3o\/Seagri<\/figcaption><\/figure>\n\n\n\n<p>O edital foi publicado no&nbsp;<em>Di\u00e1rio Oficial do DF<\/em>&nbsp;(DODF) nesta quinta-feira (2). Os volumes ser\u00e3o definidos previamente pela Secretaria da Agricultura (Seagri) em cada entrega, atendendo as demandas dos sistemas de seguran\u00e7a alimentar e nutricional. A cesta apresenta grande diversidade de frutas, legumes e verduras, para melhor atendimento das demandas nutricionais.<\/p>\n\n\n\n<blockquote class=\"wp-block-quote is-layout-flow wp-block-quote-is-layout-flow\"><p>\u201cO governo Ibaneis investiu na compra direta dos produtos da agricultura familiar para atender, ao mesmo tempo, o pequeno produtor e a fam\u00edlia carente que precisava de alimento\u201dCandido Teles, secret\u00e1rio de Agricultura<\/p><\/blockquote>\n\n\n\n<p>Os alimentos adquiridos ser\u00e3o destinados a pessoas em situa\u00e7\u00e3o de vulnerabilidade alimentar e social, atendidas por institui\u00e7\u00f5es socioassistenciais cadastradas no Banco de Alimentos da Ceasa e no programa Mesa Brasil Sesc.&nbsp;O Papa-DF \u00e9 um programa de compras institucionais do governo que fomenta a comercializa\u00e7\u00e3o de produtos da agricultura familiar e promove a seguran\u00e7a alimentar e nutricional.<\/p>\n\n\n\n<p>O secret\u00e1rio de Agricultura, Candido Teles, ressalta a import\u00e2ncia dessa iniciativa do GDF, em especial no contexto da pandemia: \u201cQuando viu o produtor sem ter para quem vender o seu produto, e do outro lado fam\u00edlias passando necessidade, o governo Ibaneis investiu na compra direta dos produtos da agricultura familiar, para atender, ao mesmo tempo, o pequeno produtor e a fam\u00edlia carente que precisava de alimento\u201d.<\/p>\n\n\n\n<p>Segundo o diretor de Compras Institucionais da Seagri, L\u00facio Fl\u00e1vio da Silva, a aquisi\u00e7\u00e3o por meio do Papa-DF contribui para o desenvolvimento socioecon\u00f4mico da agricultura familiar e para a seguran\u00e7a alimentar da popula\u00e7\u00e3o mais necessitada.<\/p>\n\n\n\n<p>\u201cAs compras institucionais apoiam a agricultura familiar em sua \u00faltima etapa de produ\u00e7\u00e3o, aquela que justifica todo o seu esfor\u00e7o, que \u00e9 a venda de seus produtos. Isto propicia o exerc\u00edcio de cidadania e a gera\u00e7\u00e3o de emprego e renda no campo\u201d, afirma L\u00facio.<\/p>\n\n\n\n<p>Vai at\u00e9 1\u00ba de julho o prazo para as organiza\u00e7\u00f5es e os agricultores familiares interessados em fornecer as cestas de alimentos encaminharem ao setor de Protocolo da Seagri, localizado no&nbsp;<a href=\"https:\/\/www.agricultura.df.gov.br\/atendimento-ao-publico\/\" target=\"_blank\" rel=\"noreferrer noopener\">edif\u00edcio-sede da secretaria,&nbsp;<\/a>os documentos de habilita\u00e7\u00e3o e a proposta de venda.<\/p>\n\n\n\n<p><a href=\"https:\/\/www.agricultura.df.gov.br\/chamada-publica-01-2022-documentos\/\">Confira aqui<\/a>&nbsp;os documentos relacionados \u00e0 chamada p\u00fablica Papa-DF 01\/2022.<\/p>\n\n\n\n<p><em>*Com informa\u00e7\u00f5es da Seagri<\/em><\/p>\n","protected":false},"excerpt":{"rendered":"<p>Lan\u00e7ado edital do Papa-DF para aquisi\u00e7\u00e3o de mais de 200 toneladas de alimentos; cestas ser\u00e3o destinadas a pessoas em situa\u00e7\u00e3o de vulnerabilidade Ag\u00eancia Bras\u00edlia* I Edi\u00e7\u00e3o: D\u00e9bora Cronemberger&nbsp;Edital de chamada p\u00fablica do Programa de Aquisi\u00e7\u00e3o da Produ\u00e7\u00e3o da Agricultura (Papa-DF) destina o valor de R$ 1 milh\u00e3o para a compra de produtos da agricultura familiar. [&hellip;]<\/p>\n","protected":false},"author":1,"featured_media":0,"comment_status":"open","ping_status":"open","sticky":false,"template":"","format":"standard","meta":{"footnotes":""},"categories":[],"tags":[],"class_list":["post-5675","post","type-post","status-publish","format-standard","hentry"],"_links":{"self":[{"href":"https:\/\/aguaslindasnoticias.com.br\/index.php\/wp-json\/wp\/v2\/posts\/5675","targetHints":{"allow":["GET"]}}],"collection":[{"href":"https:\/\/aguaslindasnoticias.com.br\/index.php\/wp-json\/wp\/v2\/posts"}],"about":[{"href":"https:\/\/aguaslindasnoticias.com.br\/index.php\/wp-json\/wp\/v2\/types\/post"}],"author":[{"embeddable":true,"href":"https:\/\/aguaslindasnoticias.com.br\/index.php\/wp-json\/wp\/v2\/users\/1"}],"replies":[{"embeddable":true,"href":"https:\/\/aguaslindasnoticias.com.br\/index.php\/wp-json\/wp\/v2\/comments?post=5675"}],"version-history":[{"count":0,"href":"https:\/\/aguaslindasnoticias.com.br\/index.php\/wp-json\/wp\/v2\/posts\/5675\/revisions"}],"wp:attachment":[{"href":"https:\/\/aguaslindasnoticias.com.br\/index.php\/wp-json\/wp\/v2\/media?parent=5675"}],"wp:term":[{"taxonomy":"category","embeddable":true,"href":"https:\/\/aguaslindasnoticias.com.br\/index.php\/wp-json\/wp\/v2\/categories?post=5675"},{"taxonomy":"post_tag","embeddable":true,"href":"https:\/\/aguaslindasnoticias.com.br\/index.php\/wp-json\/wp\/v2\/tags?post=5675"}],"curies":[{"name":"wp","href":"https:\/\/api.w.org\/{rel}","templated":true}]}}