{"id":5673,"date":"2023-01-04T10:14:32","date_gmt":"2023-01-04T13:14:32","guid":{"rendered":"https:\/\/aguaslindasnoticias.com.br\/index.php\/2023\/01\/04\/gdf-saude-tem-abrangencia-ampliada\/"},"modified":"2023-01-04T10:14:32","modified_gmt":"2023-01-04T13:14:32","slug":"gdf-saude-tem-abrangencia-ampliada","status":"publish","type":"post","link":"https:\/\/aguaslindasnoticias.com.br\/index.php\/2023\/01\/04\/gdf-saude-tem-abrangencia-ampliada\/","title":{"rendered":"GDF Sa\u00fade tem abrang\u00eancia ampliada"},"content":{"rendered":"\n<p>Nova lei sancionada nesta sexta-feira (3) estende o plano de assist\u00eancia a mais categorias de trabalhadores do governo<\/p>\n\n\n\n<p>Ag\u00eancia Bras\u00edlia* | Edi\u00e7\u00e3o: Chico Neto<\/p>\n\n\n\n<figure class=\"wp-block-image\"><img decoding=\"async\" src=\"http:\/\/agenciabrasilia.df.gov.br\/wp-conteudo\/uploads\/2022\/06\/3.6.-Inas.-Foto-Divulgacao-Agencia-Brasilia2-300x300.jpeg\" alt=\"\" class=\"wp-image-412588\"\/><figcaption>Arte: Ag\u00eancia Sa\u00fade<\/figcaption><\/figure>\n\n\n\n<p>O governador Ibaneis Rocha sancionou, nesta sexta (3), a Lei n\u00ba 7.152, alterando o dispositivo que criou o Instituto de Assist\u00eancia \u00e0 Sa\u00fade dos Servidores do DF (Inas).<\/p>\n\n\n\n<blockquote class=\"wp-block-quote is-layout-flow wp-block-quote-is-layout-flow\"><p>\u201cO GDF Sa\u00fade era um sonho e agora \u00e9 uma realidade que atrai cada vez mais servidores\u201dNey Ferraz, presidente do Inas<\/p><\/blockquote>\n\n\n\n<p>Com a mudan\u00e7a, tamb\u00e9m poder\u00e3o aderir ao plano integrantes Pol\u00edcia Militar do Distrito Federal (PMDF), Corpo de Bombeiros Militar do Distrito Federal (CBMDF) e Pol\u00edcia Civil do Distrito Federal (PCDF); servidores ativos e inativos da C\u00e2mara Legislativa do Distrito Federal (CLDF) e do Tribunal de Contas do Distrito Federal (TCDF); empregados e servidores ativos, inativos, comissionados, contratados temporariamente e benefici\u00e1rios de pens\u00e3o dos servidores ativos e inativos da administra\u00e7\u00e3o indireta do DF; empregados do Hospital da Crian\u00e7a de Bras\u00edlia Jos\u00e9 Alencar e empregados do Instituto de Gest\u00e3o Estrat\u00e9gica de Sa\u00fade do Distrito Federal (Iges-DF).<\/p>\n\n\n\n<p>\u201cAo sancionar a Lei n\u00ba 7.152, o governador Ibaneis cria as condi\u00e7\u00f5es para que o GDF Sa\u00fade possa acolher mais servidores do Distrito Federal\u201d, ressalta o presidente do Inas, Ney Ferraz J\u00fanior. \u201cO GDF Sa\u00fade era um sonho e agora \u00e9 uma realidade que atrai cada vez mais servidores.\u201d<\/p>\n\n\n\n<blockquote class=\"wp-block-quote is-layout-flow wp-block-quote-is-layout-flow\"><p>Plano de sa\u00fade do GDF tem rede composta por 37 hospitais e mais de 2,3 mil prestadores de servi\u00e7os<\/p><\/blockquote>\n\n\n\n<p>A lei sancionada tamb\u00e9m altera a estrutura administrativa do Inas e estabelece o prazo de 90 dias para que seja encaminhado \u00e0 C\u00e2mara Legislativa do Distrito Federal (CLDF) projeto de lei para a cria\u00e7\u00e3o do plano de carreira, cargos e remunera\u00e7\u00e3o do quadro de pessoal do instituto. \u201cO objetivo \u00e9 estruturar o Inas de modo a atender a demanda crescente dos servidores pelo GDF Sa\u00fade\u201d, explica Ney Ferraz.<\/p>\n\n\n\n<p>De acordo com a nova lei, as ades\u00f5es ao GDF Sa\u00fade poder\u00e3o ser feitas mediante a celebra\u00e7\u00e3o de contrato ou conv\u00eanio entre as institui\u00e7\u00f5es ou entidades representativas de seus empregados e servidores com o Inas. Tamb\u00e9m fica estabelecido que o aporte mensal m\u00ednimo a ser feito por essas institui\u00e7\u00f5es para custeio do plano de sa\u00fade \u00e9 de 1,5%, calculado sobre o valor mensal total da folha de pagamento de seus empregados ou servidores.<\/p>\n\n\n\n<p>Atualmente, o plano GDF Sa\u00fade oferece aos benefici\u00e1rios atendimento em rede local composta por 37 hospitais e mais de 2,3 mil prestadores de servi\u00e7os de cl\u00ednicas, laborat\u00f3rios, associa\u00e7\u00f5es e uma cooperativa.<\/p>\n\n\n\n<p>*<em>Com informa\u00e7\u00f5es da Secretaria de Economia<\/em><\/p>\n","protected":false},"excerpt":{"rendered":"<p>Nova lei sancionada nesta sexta-feira (3) estende o plano de assist\u00eancia a mais categorias de trabalhadores do governo Ag\u00eancia Bras\u00edlia* | Edi\u00e7\u00e3o: Chico Neto O governador Ibaneis Rocha sancionou, nesta sexta (3), a Lei n\u00ba 7.152, alterando o dispositivo que criou o Instituto de Assist\u00eancia \u00e0 Sa\u00fade dos Servidores do DF (Inas). \u201cO GDF Sa\u00fade [&hellip;]<\/p>\n","protected":false},"author":1,"featured_media":0,"comment_status":"open","ping_status":"open","sticky":false,"template":"","format":"standard","meta":{"footnotes":""},"categories":[],"tags":[],"class_list":["post-5673","post","type-post","status-publish","format-standard","hentry"],"_links":{"self":[{"href":"https:\/\/aguaslindasnoticias.com.br\/index.php\/wp-json\/wp\/v2\/posts\/5673","targetHints":{"allow":["GET"]}}],"collection":[{"href":"https:\/\/aguaslindasnoticias.com.br\/index.php\/wp-json\/wp\/v2\/posts"}],"about":[{"href":"https:\/\/aguaslindasnoticias.com.br\/index.php\/wp-json\/wp\/v2\/types\/post"}],"author":[{"embeddable":true,"href":"https:\/\/aguaslindasnoticias.com.br\/index.php\/wp-json\/wp\/v2\/users\/1"}],"replies":[{"embeddable":true,"href":"https:\/\/aguaslindasnoticias.com.br\/index.php\/wp-json\/wp\/v2\/comments?post=5673"}],"version-history":[{"count":0,"href":"https:\/\/aguaslindasnoticias.com.br\/index.php\/wp-json\/wp\/v2\/posts\/5673\/revisions"}],"wp:attachment":[{"href":"https:\/\/aguaslindasnoticias.com.br\/index.php\/wp-json\/wp\/v2\/media?parent=5673"}],"wp:term":[{"taxonomy":"category","embeddable":true,"href":"https:\/\/aguaslindasnoticias.com.br\/index.php\/wp-json\/wp\/v2\/categories?post=5673"},{"taxonomy":"post_tag","embeddable":true,"href":"https:\/\/aguaslindasnoticias.com.br\/index.php\/wp-json\/wp\/v2\/tags?post=5673"}],"curies":[{"name":"wp","href":"https:\/\/api.w.org\/{rel}","templated":true}]}}