{"id":5670,"date":"2023-01-04T10:14:32","date_gmt":"2023-01-04T13:14:32","guid":{"rendered":"https:\/\/aguaslindasnoticias.com.br\/index.php\/2023\/01\/04\/cldf-inaugura-galeria-fotografica-das-21-deputadas-que-fizeram-historia-no-legislativo-local\/"},"modified":"2023-01-04T10:14:32","modified_gmt":"2023-01-04T13:14:32","slug":"cldf-inaugura-galeria-fotografica-das-21-deputadas-que-fizeram-historia-no-legislativo-local","status":"publish","type":"post","link":"https:\/\/aguaslindasnoticias.com.br\/index.php\/2023\/01\/04\/cldf-inaugura-galeria-fotografica-das-21-deputadas-que-fizeram-historia-no-legislativo-local\/","title":{"rendered":"CLDF inaugura galeria fotogr\u00e1fica das 21 deputadas que fizeram hist\u00f3ria no Legislativo local"},"content":{"rendered":"\n<p>Foto: Renan Lisboa (estagi\u00e1rio)\/CLDF<\/p>\n\n\n\n<figure class=\"wp-block-image\"><img decoding=\"async\" src=\"https:\/\/www.cl.df.gov.br\/documents\/10162\/25848515\/2211303RL+-+31.05+%2870%29.jpg\/925ea89e-e581-5dd0-34ba-2e0d33d90396?t=1654031514784\" alt=\"Inaugura\u00e7\u00e3o da galeria no foyer do plen\u00e1rio faz parte da programa\u00e7\u00e3o da 3\u00aa Semana Legislativa pela Mulher\"\/><\/figure>\n\n\n\n<figure class=\"wp-block-image size-large\"><img decoding=\"async\" src=\"http:\/\/claricegulyas.com.br\/wp-content\/uploads\/2022\/06\/2211303RL-31.05-70.jpg\" alt=\"\" class=\"wp-image-10316\"\/><\/figure>\n\n\n\n<p>Na abertura da&nbsp;<a href=\"https:\/\/www.cl.df.gov.br\/-\/cldf-promove-semana-legislativa-pela-mulher\">3\u00aa Semana Legislativa pela Mulher<\/a>, nesta ter\u00e7a-feira (31), a C\u00e2mara Legislativa inaugurou galeria de fotografias das 21 deputadas que passaram pela Casa de 1991 \u00e0 legislatura atual. Os rostos e nomes retratados representam parte da hist\u00f3ria de protagonismo pol\u00edtico e luta por representatividade e participa\u00e7\u00e3o democr\u00e1tica feminina direta no Distrito Federal. Instalada no foyer do plen\u00e1rio, a Galeria das Parlamentares \u00e9 permanente e ser\u00e1 atualizada \u00e0 medida que mais mulheres tomarem assento no Legislativo local.<\/p>\n\n\n\n<p>\u201cAp\u00f3s 90 anos da conquista do direito ao voto, ainda carecemos de meios para alcan\u00e7ar a equidade pol\u00edtica entre homens e mulheres\u201d, destacou Patr\u00edcia Nogueira Andrade, diretora da Escola do Legislativo da CLDF (Elegis), uma das realizadoras do evento. \u201cEssa galeria est\u00e1 composta por 21 mulheres de muita coragem, que abdicaram, muitas vezes, de suas vidas pessoais em prol da sociedade\u201d, completou.<\/p>\n\n\n\n<p>Respons\u00e1vel pela curadoria e montagem da galeria, a presidenta do Conselho Curador de Cultura da CLDF, Jane Marrocos, disse estar emocionada com a inaugura\u00e7\u00e3o, que contou com a presen\u00e7a de 14 das 21 retratadas. \u201cVer as tr\u00eas parlamentares constituintes aqui me arrepia. N\u00e3o foram s\u00f3 deputadas, tiveram uma representatividade incr\u00edvel para as mulheres\u201d, afirmou. As deputadas distritais pioneiras foram: Maria de Lourdes Abadia (1991-94); Rose Mary Miranda (1991-94) e L\u00facia Carvalho (1991-2002).<\/p>\n\n\n\n<p>Em seu terceiro mandato, a deputada Arlete Sampaio (PT) \u2013 2003-2006; 2011-2014, e 2019-2022 \u2013 apontou que, atualmente, as mulheres ocupam tr\u00eas cadeiras na CLDF. \u00c9 o mesmo n\u00famero da primeira legislatura, observou. \u201cNesse per\u00edodo, tivemos avan\u00e7os e retrocessos. Por que raz\u00e3o, sendo maioria da popula\u00e7\u00e3o, seguimos sendo uma minoria brutal na Casa?\u201d, refletiu. \u201cSeguiremos brigando para que mais mulheres possam se fazer representar\u201d, emendou. A distrital lembrou, ainda, que L\u00facia Carvalho foi a primeira mulher a presidir o Legislativo local, e que Maria de Lourdes Abadia foi a primeira a governar o DF.<\/p>\n\n\n\n<p>Abadia, relatou J\u00falia Lucy (Uni\u00e3o Brasil), ocupa um lugar especial na mem\u00f3ria da distrital: \u201cQuando crian\u00e7a, recebi um panfleto de suas m\u00e3os\u201d. Procuradora especial da Mulher da CLDF, Lucy disse: \u201cSempre me incomodou ver poucas mulheres em cargos de dire\u00e7\u00e3o. Algumas conseguiram romper, e isso serve de exemplo para outras. Essa galeria mostra ser poss\u00edvel\u201d. Ela refor\u00e7ou ser importante valorizar cada mulher que passou pela pol\u00edtica e asseverou que todas as pautas pertencem ao segmento feminino, sejam assuntos sociais, economia ou seguran\u00e7a.<br>&nbsp;<\/p>\n\n\n\n<figure class=\"wp-block-image\"><img decoding=\"async\" src=\"https:\/\/www.cl.df.gov.br\/documents\/10162\/25848515\/2211304IA+-+31+%28208%29.jpg\/100599e1-56fa-ad9d-5519-7e5fdee885de?t=1654031517706\" alt=\"\"\/><\/figure>\n\n\n\n<p>Al\u00e9m de algumas tem\u00e1ticas e pautas ainda serem tidas como \u201cmasculinas\u201d, o sistema pol\u00edtico atual \u2013 dominado por homens \u2013 carrega outro preconceito maior: que a pol\u00edtica seria um espa\u00e7o de homem. A ex-distrital Telma Rufino, uma das autoras da lei que criou a Semana Legislativa pela Mulher, contou ter vivido muita discrimina\u00e7\u00e3o em sua trajet\u00f3ria pol\u00edtica: \u201cCheguei a ouvir que lugar de mulher era no tanque\u201d.&nbsp;<\/p>\n\n\n\n<p>A ex-distrital e hoje deputada federal Celina Le\u00e3o (PP\/DF) coordena a bancada feminina da C\u00e2mara dos Deputados, composta por 79 parlamentares. \u201cS\u00e3o deputadas da esquerda, da direita e do centro, e cada uma de n\u00f3s tem muito a contribuir. E o que cada uma passou foi uma grande batalha\u201d, afirmou. Ela lamentou, ainda, que cerca de mil assembleias legislativas e c\u00e2maras municipais n\u00e3o tenham sequer uma representante feminina.<br>&nbsp;<\/p>\n\n\n\n<figure class=\"wp-block-image\"><img decoding=\"async\" src=\"https:\/\/www.cl.df.gov.br\/documents\/10162\/25848515\/2211304IA+-+31+%2844%29.jpg\/f926ffdf-bc88-c2ef-cbc8-677761d629ab?t=1654031516143\" alt=\"\"\/><\/figure>\n\n\n\n<p>Por sua vez, a deputada Jaqueline Silva (Agir) refor\u00e7ou a \u201cluta di\u00e1ria\u201d das mulheres no Parlamento local e resumiu: \u201cMais importante que a homenagem \u00e9 o respeito \u00e0 nossa atua\u00e7\u00e3o\u201d.<\/p>\n\n\n\n<p>Por fim, o presidente da CLDF, Rafael Prudente (MDB), disse que a Galeria das Parlamentares \u201cliga um sinal de alerta\u201d: \u201cEm 30 anos, temos apenas 21 mulheres estampadas\u201d. E o segundo-secret\u00e1rio da Casa, Rob\u00e9rio Negreiros (PSD), defendeu uma propor\u00e7\u00e3o maior de mandat\u00e1rias, em conson\u00e2ncia com o n\u00famero de mulheres na sociedade.&nbsp;<\/p>\n\n\n\n<p><strong>Parlamentares presentes<\/strong><br><br>Das 21 retratadas, 14 estiveram presentes na solenidade de inaugura\u00e7\u00e3o da galeria:<\/p>\n\n\n\n<p>Maria de Lourdes Abadia (1991-94)<br>Rose Mary Miranda (1991-94)&nbsp;<br>L\u00facia Carvalho (1991-2002)<br>Maria Jos\u00e9 Maninha (1995-2002)<br>Ivelise Longhi (2003-2006)<br>Jaqueline Roriz (2007-2010)<br>Rejane Pitanga (2011-2012)<br>Celina Le\u00e3o (2011-2018)<br>Sandra Faraj (2015-2018)<br>Telma Rufino (2015-2018 \/ 2019 \/ 2021)<br>Kelly Bolsonaro (2019)<br>Professora Maria Antonia (2021-2022)<br>Jaqueline Silva (2019-2022)<br>J\u00falia Lucy (2019-2022)<br>Arlete Sampaio (2003-2006 \/ 2011-2014 \/ 2019-2022)<\/p>\n\n\n\n<p><a href=\"https:\/\/www.flickr.com\/photos\/150593541@N02\/albums\/72177720299417927\">Para mais fotos acesse o Flickr da Ag\u00eancia CLDF<\/a><\/p>\n\n\n\n<p><a href=\"https:\/\/www.cl.df.gov.br\/documents\/4156490\/25806331\/3a+Semana+Legislativa+pela+Mulher+-+Programa%C3%A7%C3%A3o.pdf\/3a382087-5218-2f8b-9934-7034593184e5?t=1652978723378\">Confira a programa\u00e7\u00e3o da 3\u00aa Semana Legislativa pela Mulher&nbsp;<\/a><\/p>\n\n\n\n<p><strong>Denise Caputo &#8211; Ag\u00eancia CLDF<\/strong><\/p>\n","protected":false},"excerpt":{"rendered":"<p>Foto: Renan Lisboa (estagi\u00e1rio)\/CLDF Na abertura da&nbsp;3\u00aa Semana Legislativa pela Mulher, nesta ter\u00e7a-feira (31), a C\u00e2mara Legislativa inaugurou galeria de fotografias das 21 deputadas que passaram pela Casa de 1991 \u00e0 legislatura atual. Os rostos e nomes retratados representam parte da hist\u00f3ria de protagonismo pol\u00edtico e luta por representatividade e participa\u00e7\u00e3o democr\u00e1tica feminina direta no [&hellip;]<\/p>\n","protected":false},"author":1,"featured_media":0,"comment_status":"open","ping_status":"open","sticky":false,"template":"","format":"standard","meta":{"footnotes":""},"categories":[],"tags":[],"class_list":["post-5670","post","type-post","status-publish","format-standard","hentry"],"_links":{"self":[{"href":"https:\/\/aguaslindasnoticias.com.br\/index.php\/wp-json\/wp\/v2\/posts\/5670","targetHints":{"allow":["GET"]}}],"collection":[{"href":"https:\/\/aguaslindasnoticias.com.br\/index.php\/wp-json\/wp\/v2\/posts"}],"about":[{"href":"https:\/\/aguaslindasnoticias.com.br\/index.php\/wp-json\/wp\/v2\/types\/post"}],"author":[{"embeddable":true,"href":"https:\/\/aguaslindasnoticias.com.br\/index.php\/wp-json\/wp\/v2\/users\/1"}],"replies":[{"embeddable":true,"href":"https:\/\/aguaslindasnoticias.com.br\/index.php\/wp-json\/wp\/v2\/comments?post=5670"}],"version-history":[{"count":0,"href":"https:\/\/aguaslindasnoticias.com.br\/index.php\/wp-json\/wp\/v2\/posts\/5670\/revisions"}],"wp:attachment":[{"href":"https:\/\/aguaslindasnoticias.com.br\/index.php\/wp-json\/wp\/v2\/media?parent=5670"}],"wp:term":[{"taxonomy":"category","embeddable":true,"href":"https:\/\/aguaslindasnoticias.com.br\/index.php\/wp-json\/wp\/v2\/categories?post=5670"},{"taxonomy":"post_tag","embeddable":true,"href":"https:\/\/aguaslindasnoticias.com.br\/index.php\/wp-json\/wp\/v2\/tags?post=5670"}],"curies":[{"name":"wp","href":"https:\/\/api.w.org\/{rel}","templated":true}]}}