{"id":5668,"date":"2023-01-04T10:14:32","date_gmt":"2023-01-04T13:14:32","guid":{"rendered":"https:\/\/aguaslindasnoticias.com.br\/index.php\/2023\/01\/04\/deusa-do-forro-rn-e-atracao-do-operarias-das-artes-na-casa-do-cantador\/"},"modified":"2023-01-04T10:14:32","modified_gmt":"2023-01-04T13:14:32","slug":"deusa-do-forro-rn-e-atracao-do-operarias-das-artes-na-casa-do-cantador","status":"publish","type":"post","link":"https:\/\/aguaslindasnoticias.com.br\/index.php\/2023\/01\/04\/deusa-do-forro-rn-e-atracao-do-operarias-das-artes-na-casa-do-cantador\/","title":{"rendered":"Deusa do forr\u00f3 (RN) \u00e9 atra\u00e7\u00e3o do Oper\u00e1rias das Artes, na Casa do Cantador"},"content":{"rendered":"\n<figure class=\"wp-block-image size-large\"><img decoding=\"async\" src=\"http:\/\/claricegulyas.com.br\/wp-content\/uploads\/2022\/05\/163304414_288636982622340_7138575850286766115_n.jpg\" alt=\"\" class=\"wp-image-10308\"\/><\/figure>\n\n\n\n<p><em>Na 2\u00aa edi\u00e7\u00e3o do Oper\u00e1rias das Artes, uma seleta mistura de ritmos e talentos com&nbsp;produ\u00e7\u00f5es culturais protagonizadas por mulheres, na Casa do Cantador<\/em><\/p>\n\n\n\n<p>O Oper\u00e1rias das Artes 2\u00aa edi\u00e7\u00e3o mostra que o Projeto veio para ficar e a Casa do Cantador (QNN Quadra 32 \u00c1rea Especial G &#8211; Ceil\u00e2ndia) foi o lugar escolhido para que preciosas e poderosas\u00a0produ\u00e7\u00f5es culturais protagonizadas por mulheres subam ao palco neste s\u00e1bado (28\/05), a partir das 16h40 e no domingo (29\/05), a partir das 16h.\u00a0<strong>Deusa do Forr\u00f3 (RN), Mulmaba (SP),\u00a0Atitude Feminina, Chinelo de Couro, Ogum P\u00e1, Lina Rehem, Soul\u00a0+Eu, Marg\u00f4 Oliveira, Josiane Ara\u00fajo,\u00a0<\/strong>entre outras, num total de 12 apresenta\u00e7\u00f5es entre m\u00fasica, teatro e poesia (abaixo a programa\u00e7\u00e3o completa).\u00a0\u00a0Tudo aberto e gratuito com Censura Indicativa de 14 anos.\u00a0Projeto realizado por meio de um Termo de Fomento da Secretaria de Estado de Cultura e Economia Criativa, do GDF.<br><br>&#8220;Nossa segunda edi\u00e7\u00e3o veio com for\u00e7a total e agora, felizmente, com apresenta\u00e7\u00f5es presenciais. A poesia, teatro e m\u00fasica continuam firmes e fortes a ser utilizados no Distrito Federal como poderosos instrumentos de est\u00edmulo \u00e0 cria\u00e7\u00e3o de uma nova cultura de equidade de g\u00eanero&#8221;, afirma a idealizadora do projeto, \u00a0Nanci Ara\u00fajo.<br><br><strong>LIBRAS E AUDIODESCRI\u00c7\u00c3O<\/strong><br>O projeto contar\u00e1 com int\u00e9rpretes em LIBRAS em TODAS as apresenta\u00e7\u00f5es. Al\u00e9m disso, tamb\u00e9m ser\u00e1 feito um compacto de todas as apresenta\u00e7\u00f5es com Audiodescri\u00e7\u00e3o.<\/p>\n\n\n\n<p><strong>Programa\u00e7\u00e3o<\/strong><\/p>\n\n\n\n<figure class=\"wp-block-table\"><table><tbody><tr><td><strong>S\u00e1bado<\/strong><\/td><td><strong>28\/05\/2022<\/strong><\/td><\/tr><tr><td><strong>Marg\u00f4 Oliveira<\/strong><\/td><td><strong>16h40<\/strong><\/td><\/tr><tr><td><strong>Soul + Eu<\/strong><\/td><td><strong>17h30<\/strong><\/td><\/tr><tr><td><strong>Lene Matos<\/strong><\/td><td><strong>18h20<\/strong><\/td><\/tr><tr><td><strong>Chinelo de Couro<\/strong><\/td><td><strong>19h10<\/strong><\/td><\/tr><tr><td><strong>Atitude Feminina<\/strong><\/td><td><strong>20h<\/strong><\/td><\/tr><tr><td><strong>Deusa do Forr\u00f3 (RN)<\/strong><\/td><td><strong>20h50<\/strong><\/td><\/tr><\/tbody><\/table><\/figure>\n\n\n\n<figure class=\"wp-block-table\"><table><tbody><tr><td><strong>Domingo<\/strong><\/td><td><strong>29\/05\/2022<\/strong><\/td><\/tr><tr><td><strong>Jirlene Pascoal<\/strong><\/td><td><strong>16h<\/strong><\/td><\/tr><tr><td><strong>Lina Rehem<\/strong><\/td><td><strong>16h40<\/strong><\/td><\/tr><tr><td><strong>Mulamba (SP)<\/strong><\/td><td><strong>17h30<\/strong><\/td><\/tr><tr><td><strong>Rejane Pitanga<\/strong><\/td><td><strong>18h20<\/strong><\/td><\/tr><tr><td><strong>Josiane Ara\u00fajo<\/strong><\/td><td><strong>19h10&nbsp;<\/strong><\/td><\/tr><tr><td><strong>Ogum P\u00e1<\/strong><\/td><td><strong>20h<\/strong><\/td><\/tr><\/tbody><\/table><\/figure>\n\n\n\n<p><strong>S\u00e1bado &#8211;\u00a0 28\/05\/202216h40 &#8211; Marg\u00f4 Oliveira\u00a0<\/strong>\u00e9 poeta e realiza performances po\u00e9tico-teatrais, se apresentando em in\u00fameros teatros, palcos e bares do Distrito Federal. Acompanhada dos m\u00fasicos Ronaldo Alencar (viol\u00e3o de 6 e 12 cordas) e Cleb\u00e9rson Marques (percuss\u00e3o e voz), ela apresentar\u00e1 um musical po\u00e9tico que homenagear\u00e1 as mulheres.<strong>17h30 &#8211;\u00a0Soul + Eu &#8211;\u00a0\u00a0<\/strong>Criada em 2021 e formada por artistas e instrumentistas ligados \u00e0 musicalidade negra. Traz um toque de originalidade com grandes nomes da m\u00fasica preta brasileira e internacional. A resist\u00eancia da arte como um todo \u00e9 o forte da banda, black music, soul, jazz e samba comp\u00f5e repert\u00f3rios inesquec\u00edveis para o p\u00fablico de todas as idades<br><br><strong>18h20-\u00a0Lene Matos\u00a0<\/strong>\u00e9 uma cantora vers\u00e1til com influ\u00eancias de cantores e mestres da m\u00fasica brasileira como Elis Regina, Milton Nascimento, Jo\u00e3o Bosco, Ivan Lins entre outros, e grandes nomes da m\u00fasica internacional de destaque como Ella Fitzgerald, Billie Holiday, Sharon Jones, Sara Vaughan e outras divas do jazz.\u00a0 Em 2019, Lene Matos se apresentou no 1o de Maio, como atra\u00e7\u00e3o local, abrindo o show de Vanessa da Mata e Odair Jos\u00e9. Em 2020, abre a live de Arnaldo Antunes e faz um debate sobre Racismo Estrutural com o rapper GoG. Agora a artista al\u00e7a novos voos nos palcos de lives pelo pa\u00eds.<br><br><strong>19h10- Chinelo de Couro<\/strong>\u00a0\u00e9 formada por Julia Carvalho (vocal e percuss\u00e3o), Let\u00edcia Fialho (vocal, guitarra ac\u00fastica e viol\u00e3o) e Shaira (percuss\u00e3o e voz). O grupo conta com convidades solistas na maioria das apresenta\u00e7\u00f5es, enriquecendo com a sanfona ou flauta doce. Com uma pesquisa que permeia o imagin\u00e1rio cultural brasileiro, o repert\u00f3rio do grupo \u00e9 vasto e de ra\u00edzes, ganhando asas nos fortes e harmoniosos vocais femininos &#8211; caracter\u00edstica marcante da banda, al\u00e9m da percussividade e inova\u00e7\u00e3o. O repert\u00f3rio da banda \u00e9 recheado de forr\u00f3 , passando por ritmos como o coco, ciranda e cantos de trabalho. Entre outros ritmos populares, s\u00e3o executadas tamb\u00e9m can\u00e7\u00f5es autorais e composi\u00e7\u00f5es de artistas brasilienses. Mas a urbanidade tamb\u00e9m faz parte das caracter\u00edsticas do grupo, podendo incluir a guitarra ac\u00fastica nas apresenta\u00e7\u00f5es.Em 2016, o Chinelo de Couro lan\u00e7a seu primeiro CD, Cantos Brasileiros, gravado com apoio do Fundo de Apoio \u00e0 Cultura do Distrito Federal, com dire\u00e7\u00e3o de Marcus Moraes e participa\u00e7\u00e3o de Mestre Z\u00e9 do Pife, Martinha do Coco, Filhos de Dona Maria, entre outros artistas da cidade.&#8221; Participou do Sofar Sounds Bras\u00edlia e do Sonora No Quadrado, mostra da produ\u00e7\u00e3o musical das mulheres no DF.\u00a0<br><br><strong>20h &#8211; Atitude Feminina<\/strong>\u00a0\u00e9 um grupo formado pelas rappers Hellen Rosa Silva e Ana Cec\u00edlia dos Santos. O grupo j\u00e1 possui uma carreira bem s\u00f3lida e conta com mais de 20 anos de exist\u00eancia no DF. O grupo\u00a0 notabilizou-se pelo engajamento contra a viol\u00eancia dom\u00e9stica e discrimina\u00e7\u00e3o das mulheres de classes mais humildes da sociedade, temas sempre destacados nas letras das m\u00fasicas. Antes do 1\u00ba CD, o grupo j\u00e1 tinha quatro can\u00e7\u00f5es executadas em v\u00e1rias r\u00e1dios comunit\u00e1rias e programas especializados de grandes FMs do DF e Entorno. Entre os sucessos, \u201cRosas\u201d, sobre viol\u00eancia dom\u00e9stica e conscientiza\u00e7\u00e3o dos direitos das mulheres, e \u201cDe qu\u00ea vale o crime?\u201d, que aborda a escolha do caminho pela criminalidade. A partir de 2017 o grupo gravou um projeto paralelo chamado &#8220;AFPX&#8221;, um trabalho junto com o grupo &#8220;Prov\u00e9rbio X&#8221;. A primeira m\u00fasica de trabalho junto com o videoclipe intitulado &#8220;Sobreviver Primeiro&#8221; foi lan\u00e7ada dia 8 de mar\u00e7o de 2018 e o novo \u00e1lbum intitulado &#8220;Tipo Criminoso&#8221; j\u00e1 est\u00e1 dispon\u00edvel em todas as plataformas digitais. Em 2020 fizeram a Live comemorando os 20 anos de carreira do grupo. Em 2021 lan\u00e7aram o videoclipe ac\u00fastico da m\u00fasica Rosas e o grupo come\u00e7a o projeto: \u201cAtitude Feminina canta\u201d regravando a m\u00fasica \u201cFa\u00e7a por Amor\u201d de Cr\u00f4nica Mendes. A m\u00fasica j\u00e1 est\u00e1 em todas as plataformas digitais e o videoclipe est\u00e1 dispon\u00edvel no YouTube. Em 2022 o grupo ir\u00e1 lan\u00e7ar Atitude Feminina Sebastianas, ac\u00fastico gravado em S\u00e3o Sebasti\u00e3o DF na biblioteca Exu do Absurdo.<br><br><strong>20h50 &#8211; Deusa do Forr\u00f3 (RN) &#8211;\u00a0<\/strong>Iranilda Albuquerque, A DEUSA NORDESTINA DO FORR\u00d3, artista potiguar, de Acari e radicada em Parnamirim (RN),\u00a0 possui 35 anos de carreira art\u00edstica dedicados \u00e0 aut\u00eantica m\u00fasica regional nordestina. A DEUSA NORDESTINA DO FORR\u00d3 vem, ao longo desse tempo dando um brilho especial com suas interpreta\u00e7\u00f5es \u00e0s m\u00fasicas do cancioneiro nordestino, de Luiz Gonzaga, Dominguinhos, Jackson do Pandeiro, Jorge de Altinho, Fl\u00e1vio Leandro, e tantos outros, e principalmente, dando continuidade ao legado do trabalho de Marin\u00eas.<\/p>\n\n\n\n<p><strong>Domingo &#8211; 29\/05\/2022\u00a0<\/strong><br><strong>16h &#8211;\u00a0Jirlene Pascoal (atriz)\u00a0<\/strong>participa de v\u00e1rios saraus de Bras\u00edlia, como mestre de cerim\u00f4nias e declamando poemas. Os poemas por ela recitados na sua maioria poemas de mulheres, que falam de suas dores, alegrias e tristezas de forma l\u00fadica , fazendo um resgate da alma feminina, com isso e fortalecendo a luta da mulher na sociedade.<strong>16h40- Lina Renhem<\/strong>\u00a0\u00e9 compositora e cantora e j\u00e1 percorreu a trilha musical h\u00e1 algumas d\u00e9cadas (1980). Apresentar\u00e1 composi\u00e7\u00f5es pr\u00f3prias, num lindo show, \u00a0com m\u00fasicas, tamb\u00e9m , de alguns amigos, e, de nomes j\u00e1 \u00a0consagrados da nossa velha e boa MPB.<br><br><strong>17h30 &#8211;\u00a0Mulamba (SP)\u00a0<\/strong>\u00a0Atualmente baseada em S\u00e3o Paulo (SP), a banda curitibana completa cerca de sete anos produzindo e rodando pelo cen\u00e1rio da m\u00fasica independente brasileira. Formada por Amanda Pac\u00edfico, Cacau de S\u00e1, \u00c9rica Silva, Fer Koppe, Na\u00edra Deb\u00e9rtolis e Caro Pisco, a banda ganhou destaque e aten\u00e7\u00e3o de festivais independentes e importantes casas de shows Brasil afora ap\u00f3s o lan\u00e7amento do disco de estreia,\u00a0Mulamba\u00a0(2018). De l\u00e1 para c\u00e1 rodaram o pa\u00eds com um show impactante e fizeram uma pequena pausa durante o per\u00edodo pand\u00eamico entre os anos 2020 e 2021, quando aproveitaram o momento para conceber o segundo disco de in\u00e9ditas da carreira, que ser\u00e1 lan\u00e7ado por completo pelos pr\u00f3ximos meses.\u00a0\u00a0<br><br><strong>18h20 &#8211; Rejane Pitanga\u00a0<\/strong>\u00e9 baiana de Salvador e professora aposentada da Secretaria de Educa\u00e7\u00e3o.Foi dirigente sindical atuando no Sindicato dos Professores e presidiu a Central \u00danica dos Trabalhadores no DF. Sempre atuou no fortalecimento e incentivo \u00e0 cultura com a mesma paix\u00e3o que defende a justi\u00e7a social e a luta em defesa dos direitos das mulheres e contra todas as formas de viol\u00eancia. Teve participa\u00e7\u00e3o em projetos como o Feira Cultural de Ceil\u00e2ndia, Estradas e Terreiros e v\u00e1rias apresenta\u00e7\u00f5es com outras cantoras em bares e espa\u00e7os culturais. Tem uma forte liga\u00e7\u00e3o com a MPB e se sente muito feliz em cantar em um projeto como o Oper\u00e1rias das Artes que d\u00e1 visibilidade ao trabalho art\u00edstico de v\u00e1rias mulheres.<br><br><strong>19h10-\u00a0Josiane Ara\u00fajo\u00a0&#8211;<\/strong>\u00a0M\u00fasica: respiro isso!!!\u00a0 \u00c9 o que diz Josiane Ara\u00fajo quando perguntam o que a m\u00fasica significa para ela. Desde muito nova a m\u00fasica sempre esteve presente em sua vida. A pegada nordestina \u00e9 heran\u00e7a de seu av\u00f4: nascido no Piau\u00ed, autodidata que entoava can\u00e7\u00f5es de Luiz Gonzaga \u2013 O rei do bai\u00e3o \u2013 em seu acordeom. Cresceu convivendo com m\u00fasicos regionais. Aos dez anos de idade, em 1987 estreia nos palcos de Bras\u00edlia no Teatro da Novacap (empresa contratada para a constru\u00e7\u00e3o da nova capital do pa\u00eds), sob os cuidados do Maestro Rai Melodia, onde interpreta a can\u00e7\u00e3o \u201cCuitelinho&#8221;, de dom\u00ednio p\u00fablico. Aos vinte resolve sentir o gostinho dos festivais de M.P.B dentro e fora do Distrito Federal. Desponta na noite candanga se apresentando em bares, casas noturnas, pizzarias, restaurantes, bailes de carnaval, festas juninas, anivers\u00e1rio de Bras\u00edlia, pra\u00e7as&#8230; Curta o melhor do Xote, do Bai\u00e3o, do Boi do Maranh\u00e3o, do Forr\u00f3 P\u00e9 de Serra com Josiane Ara\u00fajo. Banda: voz e tri\u00e2ngulo, Magoo Vale Rio; Viol\u00e3o, Beto Nascimento; Contrabaixo,Luiz Coelho &#8211; Percuss\u00e3o e Vav\u00e1 Ara\u00e7\u00e1 &#8211; Sanfona.<br><br><strong>20h &#8211; Ogum P\u00e1<\/strong>\u00a0 &#8211; O Afox\u00e9 Ogum P\u00e1 \u00e9 dedicado ao Orix\u00e1 Ogum Mej\u00ea, formado dentro de uma casa de candombl\u00e9 de na\u00e7\u00e3o Ketu, o Il\u00ea Ax\u00e9 T\u2019Oju Lab\u00e1, em Santa Maria (DF). A idealizadora e respons\u00e1vel pelo Afox\u00e9 \u00e9 a Iyalorix\u00e1 M\u00e3e Dora de Oy\u00e1.\u00a0 O Afox\u00e9 Ogum P\u00e1 \u00e9 afilhado do tradicional Afox\u00e9 Alafin Oy\u00f3, de Olinda (PE), e desde 2017 tem colocado o candombl\u00e9 e a cultura de matriz africana nas ruas de Bras\u00edlia. Com cerca de 30 integrantes nas alas de canto, percuss\u00e3o e bal\u00e9, o Afox\u00e9 Ogum P\u00e1 possui um repert\u00f3rio de m\u00fasicas populares e autorais tradicionais do ritmo Ijex\u00e1. Ao longo de tempo, o Afox\u00e9 fez apresenta\u00e7\u00f5es em casas de samba e em diversos eventos no Museu Nacional, Cidade Ocidental, Instituto Federal de Bras\u00edlia \u2013 IFB, bem como eventos promovidos pelo Il\u00ea Ax\u00e9 T\u2019Oju Lab\u00e1, como a tradicional feijoada da casa, e o Ensaio Aberto que acontece mensalmente na Feira da Torre de Bras\u00edlia, em parceria com a Associa\u00e7\u00e3o dos Artes\u00e3os. O trabalho do Afox\u00e9 tem sido reconhecido fora do Distrito Federal. Em julho de 2019, participou do 39\u00b0 Festival Internacional del Caribe, em Santiago de Cuba; e em agosto\u00a0daquele mesmo ano, apresentou-se no Aparelha Luzia (SP) e no Sesc Pompeia (SP).<\/p>\n\n\n\n<p><strong>Servi\u00e7o<\/strong><\/p>\n\n\n\n<p>O qu\u00ea: <strong>Projeto Oper\u00e1ria das Artes &#8211; 2\u00aa edi\u00e7\u00e3o com\u00a0Deusa do Forr\u00f3 (RN),\u00a0Atitude Feminina, Mulamba (SP), Chinelo de Couro, Ogum P\u00e1, Lina Rehem, Soul\u00a0+Eu, Marg\u00f4 Oliveira, Josiane Ara\u00fajo,<\/strong>\u00a0entre outras, num total de 12 apresenta\u00e7\u00f5es entre m\u00fasica, teatro e poesia.\u00a0<br>Quando: \u00a0<strong>S\u00e1bado (28\/05), a partir das 16h40 e domingo (29\/05), a partir das 15h<\/strong><br>Onde:<strong> Casa do Cantador (QNN Quadra 32 \u00c1rea Especial G &#8211; Ceil\u00e2ndia)<\/strong><br>Tudo aberto e gratuito com Censura Indicativa de 14 anos.\u00a0<br><strong>Projeto realizado por meio de um Termo de Fomento da Secretaria de Estado de Cultura e Economia Criativa, do GDF.<\/strong><br><strong>V\u00eddeos de algumas atra\u00e7\u00f5es:<\/strong><\/p>\n\n\n\n<p><strong>Deusa do Forr\u00f3<\/strong><\/p>\n\n\n\n<figure class=\"wp-block-embed-youtube wp-block-embed is-type-video is-provider-youtube wp-embed-aspect-16-9 wp-has-aspect-ratio\"><div class=\"wp-block-embed__wrapper\">\n<iframe title=\"1\u00ba DVD AO VIVO   DEUSA DO FORR\u00d3\" width=\"640\" height=\"360\" src=\"https:\/\/www.youtube.com\/embed\/fyGRr8U0u_s?feature=oembed\" frameborder=\"0\" allow=\"accelerometer; autoplay; clipboard-write; encrypted-media; gyroscope; picture-in-picture; web-share\" referrerpolicy=\"strict-origin-when-cross-origin\" allowfullscreen><\/iframe>\n<\/div><\/figure>\n\n\n\n<p><strong>Atitude Feminina<\/strong><\/p>\n\n\n\n<figure class=\"wp-block-embed-youtube wp-block-embed is-type-video is-provider-youtube wp-embed-aspect-16-9 wp-has-aspect-ratio\"><div class=\"wp-block-embed__wrapper\">\n<iframe title=\"Atitude Feminina - DVD Nossa Historia\" width=\"640\" height=\"360\" src=\"https:\/\/www.youtube.com\/embed\/bqHjEYXopsM?feature=oembed\" frameborder=\"0\" allow=\"accelerometer; autoplay; clipboard-write; encrypted-media; gyroscope; picture-in-picture; web-share\" referrerpolicy=\"strict-origin-when-cross-origin\" allowfullscreen><\/iframe>\n<\/div><\/figure>\n\n\n\n<p><strong>Ogum P\u00e1 <\/strong>&#8211; V\u00eddeoSauda\u00e7\u00e3o aos Tambores &#8211; Afox\u00e9 Ogum P\u00e1 &#8211; I Festival Magia Negra<br><a href=\"https:\/\/www.youtube.com\/watch?v=W3RFTeCwgDA\" target=\"_blank\" rel=\"noreferrer noopener\">https:\/\/www.youtube.com\/watch?v=W3RFTeCwgDA<\/a><\/p>\n\n\n\n<p>Outras informa\u00e7\u00f5es pelo telefone: (61) 99909-6390<\/p>\n\n\n\n<p><strong>Redes sociais:<\/strong><\/p>\n\n\n\n<figure class=\"wp-block-embed\"><div class=\"wp-block-embed__wrapper\">\nhttps:\/\/www.instagram.com\/operarias.dasartes\/\n<\/div><\/figure>\n\n\n\n<figure class=\"wp-block-embed\"><div class=\"wp-block-embed__wrapper\">\nhttps:\/\/www.facebook.com\/Oper%C3%A1rias-das-Artes-e-Cultura-110978498050361\/\n<\/div><\/figure>\n\n\n\n<p>YouTube:&nbsp;<a href=\"https:\/\/www.youtube.com\/channel\/UCb-VT3WcQJKfOGDGBDv7BlA\" target=\"_blank\" rel=\"noreferrer noopener\">https:\/\/www.youtube.com\/channel\/UCb-VT3WcQJKfOGDGBDv7BlA<\/a><\/p>\n","protected":false},"excerpt":{"rendered":"<p>Na 2\u00aa edi\u00e7\u00e3o do Oper\u00e1rias das Artes, uma seleta mistura de ritmos e talentos com&nbsp;produ\u00e7\u00f5es culturais protagonizadas por mulheres, na Casa do Cantador O Oper\u00e1rias das Artes 2\u00aa edi\u00e7\u00e3o mostra que o Projeto veio para ficar e a Casa do Cantador (QNN Quadra 32 \u00c1rea Especial G &#8211; Ceil\u00e2ndia) foi o lugar escolhido para que [&hellip;]<\/p>\n","protected":false},"author":1,"featured_media":0,"comment_status":"open","ping_status":"open","sticky":false,"template":"","format":"standard","meta":{"footnotes":""},"categories":[],"tags":[],"class_list":["post-5668","post","type-post","status-publish","format-standard","hentry"],"_links":{"self":[{"href":"https:\/\/aguaslindasnoticias.com.br\/index.php\/wp-json\/wp\/v2\/posts\/5668","targetHints":{"allow":["GET"]}}],"collection":[{"href":"https:\/\/aguaslindasnoticias.com.br\/index.php\/wp-json\/wp\/v2\/posts"}],"about":[{"href":"https:\/\/aguaslindasnoticias.com.br\/index.php\/wp-json\/wp\/v2\/types\/post"}],"author":[{"embeddable":true,"href":"https:\/\/aguaslindasnoticias.com.br\/index.php\/wp-json\/wp\/v2\/users\/1"}],"replies":[{"embeddable":true,"href":"https:\/\/aguaslindasnoticias.com.br\/index.php\/wp-json\/wp\/v2\/comments?post=5668"}],"version-history":[{"count":0,"href":"https:\/\/aguaslindasnoticias.com.br\/index.php\/wp-json\/wp\/v2\/posts\/5668\/revisions"}],"wp:attachment":[{"href":"https:\/\/aguaslindasnoticias.com.br\/index.php\/wp-json\/wp\/v2\/media?parent=5668"}],"wp:term":[{"taxonomy":"category","embeddable":true,"href":"https:\/\/aguaslindasnoticias.com.br\/index.php\/wp-json\/wp\/v2\/categories?post=5668"},{"taxonomy":"post_tag","embeddable":true,"href":"https:\/\/aguaslindasnoticias.com.br\/index.php\/wp-json\/wp\/v2\/tags?post=5668"}],"curies":[{"name":"wp","href":"https:\/\/api.w.org\/{rel}","templated":true}]}}