{"id":5667,"date":"2023-01-04T10:14:32","date_gmt":"2023-01-04T13:14:32","guid":{"rendered":"https:\/\/aguaslindasnoticias.com.br\/index.php\/2023\/01\/04\/exposicao-que-retrata-brasilia-em-cores-vibrantes-prossegue-em-junho-na-cldf\/"},"modified":"2023-01-04T10:14:32","modified_gmt":"2023-01-04T13:14:32","slug":"exposicao-que-retrata-brasilia-em-cores-vibrantes-prossegue-em-junho-na-cldf","status":"publish","type":"post","link":"https:\/\/aguaslindasnoticias.com.br\/index.php\/2023\/01\/04\/exposicao-que-retrata-brasilia-em-cores-vibrantes-prossegue-em-junho-na-cldf\/","title":{"rendered":"Exposi\u00e7\u00e3o que retrata Bras\u00edlia em cores vibrantes prossegue em junho na CLDF"},"content":{"rendered":"\n<p>Foto: Fabr\u00edcio Veloso\/CLDF<\/p>\n\n\n\n<figure class=\"wp-block-image\"><img decoding=\"async\" src=\"https:\/\/www.cl.df.gov.br\/documents\/10162\/25827807\/WhatsApp+Image+2022-05-23+at+18.21.58.jpeg\/1a7ba00d-b403-a9db-ddac-f11fd5a2d7b2?t=1653341004130\" alt=\"A exposi\u00e7\u00e3o \u201cBras\u00edlia, um atelier ao livre\u201d, de Otoniel Fernandes, lan\u00e7a olhares diversos sobre monumentos e s\u00edtios de interesse tur\u00edstico e cultural \"\/><\/figure>\n\n\n\n<figure class=\"wp-block-image size-large\"><img decoding=\"async\" src=\"http:\/\/claricegulyas.com.br\/wp-content\/uploads\/2022\/05\/1bb.jpeg\" alt=\"\" class=\"wp-image-10299\"\/><\/figure>\n\n\n\n<p>As telas de Otoniel Fernandes \u2013 que retratam aspectos da Capital em suas formas arquitet\u00f4nicas e naturais, com a aplica\u00e7\u00e3o de cores vibrantes \u2013 prosseguir\u00e3o expostas na C\u00e2mara Legislativa do Distrito Federal durante o m\u00eas de junho. A prorroga\u00e7\u00e3o da exposi\u00e7\u00e3o \u201cBras\u00edlia, um atelier ao livre\u201d \u00e9 mais uma oportunidade para conhecer a obra do artista, que chegou ao DF no in\u00edcio dos anos 1970 e especializou-se em pintar edif\u00edcios e a paisagem brasiliense a partir de pontos de vista inusuais.<\/p>\n\n\n\n<p>Para isso, Otoniel Fernandes costuma levar seus materiais e instalar-se sob as \u00e1rvores ou at\u00e9 dentro de embarca\u00e7\u00f5es. O resultado s\u00e3o quadros que, embora apresentem monumentos e s\u00edtios de interesse tur\u00edstico, lan\u00e7am olhares diversos sobre lugares, supostamente, j\u00e1 bem conhecidos da cidade. Al\u00e9m disso, ele aplica em algumas \u00e1reas das telas camadas de tinta a \u00f3leo que conferem \u201cmaterialidade\u201d \u00e0 pintura, dando-lhe uma apar\u00eancia \u201ctridimensional\u201d.<\/p>\n\n\n\n<p>Cearense de Fortaleza, o artista, que cursou Licenciatura em Artes Pl\u00e1sticas na Universidade de Bras\u00edlia, realizou sua primeira mostra individual, em 1982, aos 18 anos de idade.<\/p>\n\n\n\n<p>Desde ent\u00e3o, Otoniel Fernandes n\u00e3o parou de expor e, a partir de meados da d\u00e9cada de 1990, passou a dedicar-se a exposi\u00e7\u00f5es tem\u00e1ticas, com \u00eanfase na pintura ao ar livre, que originaram mais de uma dezena de livros, entre eles, \u201cVelho Chico Ilustrado\u201d, sobre o rio S\u00e3o Francisco, e \u201cImpress\u00f5es da Serra da Capivara\u201d.<\/p>\n\n\n\n<p><strong>Exposi\u00e7\u00e3o &#8220;Bras\u00edlia, um atelier ao ar livre&#8221;<\/strong><\/p>\n\n\n\n<p><strong>Pinturas a \u00f3leo de Otoniel Fernandes<\/strong><\/p>\n\n\n\n<p>Foyer do Plen\u00e1rio da C\u00e2mara Legislativa do Distrito Federal<\/p>\n\n\n\n<p>Visita\u00e7\u00e3o: at\u00e9 30 de junho de 2022<\/p>\n\n\n\n<p>Hor\u00e1rio: 9 \u00e0s 19h, segunda a sexta-feira<\/p>\n\n\n\n<p>Classifica\u00e7\u00e3o indicativa livre<\/p>\n\n\n\n<p><strong>Marco T\u00falio Alencar &#8211; Ag\u00eancia CLDF<\/strong><\/p>\n","protected":false},"excerpt":{"rendered":"<p>Foto: Fabr\u00edcio Veloso\/CLDF As telas de Otoniel Fernandes \u2013 que retratam aspectos da Capital em suas formas arquitet\u00f4nicas e naturais, com a aplica\u00e7\u00e3o de cores vibrantes \u2013 prosseguir\u00e3o expostas na C\u00e2mara Legislativa do Distrito Federal durante o m\u00eas de junho. A prorroga\u00e7\u00e3o da exposi\u00e7\u00e3o \u201cBras\u00edlia, um atelier ao livre\u201d \u00e9 mais uma oportunidade para conhecer [&hellip;]<\/p>\n","protected":false},"author":1,"featured_media":0,"comment_status":"open","ping_status":"open","sticky":false,"template":"","format":"standard","meta":{"footnotes":""},"categories":[],"tags":[],"class_list":["post-5667","post","type-post","status-publish","format-standard","hentry"],"_links":{"self":[{"href":"https:\/\/aguaslindasnoticias.com.br\/index.php\/wp-json\/wp\/v2\/posts\/5667","targetHints":{"allow":["GET"]}}],"collection":[{"href":"https:\/\/aguaslindasnoticias.com.br\/index.php\/wp-json\/wp\/v2\/posts"}],"about":[{"href":"https:\/\/aguaslindasnoticias.com.br\/index.php\/wp-json\/wp\/v2\/types\/post"}],"author":[{"embeddable":true,"href":"https:\/\/aguaslindasnoticias.com.br\/index.php\/wp-json\/wp\/v2\/users\/1"}],"replies":[{"embeddable":true,"href":"https:\/\/aguaslindasnoticias.com.br\/index.php\/wp-json\/wp\/v2\/comments?post=5667"}],"version-history":[{"count":0,"href":"https:\/\/aguaslindasnoticias.com.br\/index.php\/wp-json\/wp\/v2\/posts\/5667\/revisions"}],"wp:attachment":[{"href":"https:\/\/aguaslindasnoticias.com.br\/index.php\/wp-json\/wp\/v2\/media?parent=5667"}],"wp:term":[{"taxonomy":"category","embeddable":true,"href":"https:\/\/aguaslindasnoticias.com.br\/index.php\/wp-json\/wp\/v2\/categories?post=5667"},{"taxonomy":"post_tag","embeddable":true,"href":"https:\/\/aguaslindasnoticias.com.br\/index.php\/wp-json\/wp\/v2\/tags?post=5667"}],"curies":[{"name":"wp","href":"https:\/\/api.w.org\/{rel}","templated":true}]}}