{"id":5662,"date":"2023-01-04T10:14:32","date_gmt":"2023-01-04T13:14:32","guid":{"rendered":"https:\/\/aguaslindasnoticias.com.br\/index.php\/2023\/01\/04\/jaqueline-silva-comemora-asfaltamento-do-residencial-paraiso-no-gama\/"},"modified":"2023-01-04T10:14:32","modified_gmt":"2023-01-04T13:14:32","slug":"jaqueline-silva-comemora-asfaltamento-do-residencial-paraiso-no-gama","status":"publish","type":"post","link":"https:\/\/aguaslindasnoticias.com.br\/index.php\/2023\/01\/04\/jaqueline-silva-comemora-asfaltamento-do-residencial-paraiso-no-gama\/","title":{"rendered":"Jaqueline Silva comemora asfaltamento do Residencial Para\u00edso, no Gama"},"content":{"rendered":"\n<p><br><br>Moradores do Residencial Para\u00edso, na Ponte Alta Norte, no Gama, comemoram o asfaltamento da regi\u00e3o.<br><br>A a\u00e7\u00e3o s\u00f3 foi poss\u00edvel gra\u00e7as \u00e0 uma indica\u00e7\u00e3o da deputada distrital Jaqueline Silva. Foi a partir das frequentes reclama\u00e7\u00f5es de moradores e relatos de como era dif\u00edcil lidar com a poeira e lama, que a parlamentar solicitou o asfaltamento nas vias residenciais \u00e0 Novacap.<br><br>Segundo ela, a falta de pavimenta\u00e7\u00e3o asf\u00e1ltica dificultava a circula\u00e7\u00e3o segura de ve\u00edculos, motos, bicicletas e pessoas. No per\u00edodo de seca, o excesso de poeira junto com ar seco do DF, causam as doen\u00e7as respirat\u00f3rias, principalmente em crian\u00e7as e idosos. No per\u00edodo chuvoso, \u00e9 a lama que impede o transito de ve\u00edculos.<br><br>S\u00e9rgio Carlos dos Santos, 42 anos, conta que, at\u00e9 pouco tempo, as ruas do condom\u00ednio estavam intransit\u00e1veis. \u201cJ\u00e1 sofremos muito com buracos e lama. Quando chove, a \u00e1gua leva tudo. At\u00e9 os carros tinham dificuldade de passar\u201d, conta.<br><br>A pavimenta\u00e7\u00e3o j\u00e1 foi conclu\u00edda e ser\u00e1 feita a sinaliza\u00e7\u00e3o do asfalto e a coloca\u00e7\u00e3o de meios-fios em breve.<br><br>A comunidade j\u00e1 est\u00e1 satisfeita com execu\u00e7\u00e3o da benfeitoria. \u201cJ\u00e1 est\u00e1 \u00f3timo, e nos contaram que vai ficar melhor ainda\u201d, afirma S\u00e9rgio Campos, morador da regi\u00e3o.<\/p>\n","protected":false},"excerpt":{"rendered":"<p>Moradores do Residencial Para\u00edso, na Ponte Alta Norte, no Gama, comemoram o asfaltamento da regi\u00e3o. A a\u00e7\u00e3o s\u00f3 foi poss\u00edvel gra\u00e7as \u00e0 uma indica\u00e7\u00e3o da deputada distrital Jaqueline Silva. Foi a partir das frequentes reclama\u00e7\u00f5es de moradores e relatos de como era dif\u00edcil lidar com a poeira e lama, que a parlamentar solicitou o asfaltamento [&hellip;]<\/p>\n","protected":false},"author":1,"featured_media":0,"comment_status":"open","ping_status":"open","sticky":false,"template":"","format":"standard","meta":{"footnotes":""},"categories":[],"tags":[],"class_list":["post-5662","post","type-post","status-publish","format-standard","hentry"],"_links":{"self":[{"href":"https:\/\/aguaslindasnoticias.com.br\/index.php\/wp-json\/wp\/v2\/posts\/5662","targetHints":{"allow":["GET"]}}],"collection":[{"href":"https:\/\/aguaslindasnoticias.com.br\/index.php\/wp-json\/wp\/v2\/posts"}],"about":[{"href":"https:\/\/aguaslindasnoticias.com.br\/index.php\/wp-json\/wp\/v2\/types\/post"}],"author":[{"embeddable":true,"href":"https:\/\/aguaslindasnoticias.com.br\/index.php\/wp-json\/wp\/v2\/users\/1"}],"replies":[{"embeddable":true,"href":"https:\/\/aguaslindasnoticias.com.br\/index.php\/wp-json\/wp\/v2\/comments?post=5662"}],"version-history":[{"count":0,"href":"https:\/\/aguaslindasnoticias.com.br\/index.php\/wp-json\/wp\/v2\/posts\/5662\/revisions"}],"wp:attachment":[{"href":"https:\/\/aguaslindasnoticias.com.br\/index.php\/wp-json\/wp\/v2\/media?parent=5662"}],"wp:term":[{"taxonomy":"category","embeddable":true,"href":"https:\/\/aguaslindasnoticias.com.br\/index.php\/wp-json\/wp\/v2\/categories?post=5662"},{"taxonomy":"post_tag","embeddable":true,"href":"https:\/\/aguaslindasnoticias.com.br\/index.php\/wp-json\/wp\/v2\/tags?post=5662"}],"curies":[{"name":"wp","href":"https:\/\/api.w.org\/{rel}","templated":true}]}}