{"id":5659,"date":"2023-01-04T10:14:32","date_gmt":"2023-01-04T13:14:32","guid":{"rendered":"https:\/\/aguaslindasnoticias.com.br\/index.php\/2023\/01\/04\/parques-recebem-r-21-milhoes-para-iluminacao-e-guaritas\/"},"modified":"2023-01-04T10:14:32","modified_gmt":"2023-01-04T13:14:32","slug":"parques-recebem-r-21-milhoes-para-iluminacao-e-guaritas","status":"publish","type":"post","link":"https:\/\/aguaslindasnoticias.com.br\/index.php\/2023\/01\/04\/parques-recebem-r-21-milhoes-para-iluminacao-e-guaritas\/","title":{"rendered":"Parques recebem R$ 2,1 milh\u00f5es para ilumina\u00e7\u00e3o e guaritas"},"content":{"rendered":"\n<p>Reformas em seis unidades de conserva\u00e7\u00e3o ser\u00e3o executadas este ano e v\u00e3o incluir novos banheiros e estacionamentos<\/p>\n\n\n\n<p>Adriana Izel, da Ag\u00eancia Bras\u00edlia I Edi\u00e7\u00e3o: D\u00e9bora Cronemberger<\/p>\n\n\n\n<p>Seis unidades de conserva\u00e7\u00e3o do Distrito Federal passar\u00e3o por reformas neste ano. Executados pelo contrato de compensa\u00e7\u00e3o ambiental, os servi\u00e7os consistem na implanta\u00e7\u00e3o de guaritas e em outras melhorias, como ilumina\u00e7\u00e3o e estacionamento. O investimento previsto \u00e9 de mais de R$ 2,1 milh\u00f5es, de acordo com o Instituto Bras\u00edlia Ambiental.<\/p>\n\n\n\n<p>As seis unidades s\u00e3o o Parque Distrital das Copa\u00edbas, o Parque Ecol\u00f3gico de Santa Maria, o Parque Ecol\u00f3gico Anfiteatro Natural, o Arie do Bosque, o Parque Ecol\u00f3gico das Sucupiras e o Parque Distrital de S\u00e3o Sebasti\u00e3o.<\/p>\n\n\n\n<figure class=\"wp-block-image\"><img decoding=\"async\" src=\"http:\/\/www.agenciabrasilia.df.gov.br\/wp-conteudo\/uploads\/2022\/05\/52084482979_414e65a1b4_h.jpg\" alt=\"\" class=\"wp-image-407625\"\/><figcaption>O Parque Ecol\u00f3gico Anfiteatro Natural, no Lago Sul, ter\u00e1 duas guaritas com vigil\u00e2ncia | Foto: Paulo H. Carvalho\/Ag\u00eancia Bras\u00edlia<\/figcaption><\/figure>\n\n\n\n<p>\u201cGuarita e cercamento s\u00e3o medidas de prote\u00e7\u00e3o para o frequentador. Teremos guarita, por exemplo, no Copa\u00edbas, um parque distrital mais restrito, que s\u00f3 tem trilhas r\u00fasticas. Ser\u00e1 uma guarita com vigil\u00e2ncia\u201d, adianta a gestora das Unidades de Conserva\u00e7\u00e3o do Bras\u00edlia Ambiental, Rejane Pieratti.<\/p>\n\n\n\n<p>No Parque Distrital das Copa\u00edbas, ser\u00e3o implantados uma guarita com vigil\u00e2ncia e banheiros, al\u00e9m de pergolado ao ar livre, conjunto de lixeiras e bancos de concreto. O valor estimado desse servi\u00e7o \u00e9 R$ 230 mil. No Parque Ecol\u00f3gico de Santa Maria, ser\u00e3o investidos R$ 205 mil para a coloca\u00e7\u00e3o de uma guarita com p\u00f3rtico.<\/p>\n\n\n\n<figure class=\"wp-block-image\"><img decoding=\"async\" src=\"http:\/\/www.agenciabrasilia.df.gov.br\/wp-conteudo\/uploads\/2022\/05\/52084265528_dcb61babd4_k.jpg\" alt=\"\" class=\"wp-image-407627\"\/><figcaption>Parque Ecol\u00f3gico de Santa Maria | Foto: Tony Oliveira\/Ag\u00eancia Bras\u00edlia<\/figcaption><\/figure>\n\n\n\n<p>O Parque Ecol\u00f3gico Anfiteatro Natural, no Lago Sul, ter\u00e1 duas guaritas com vigil\u00e2ncia, trabalho que demanda um investimento de R$ 450 mil. Tamb\u00e9m nessa mesma regi\u00e3o administrativa, a Arie do Bosque ganha uma guarita com vigil\u00e2ncia e banheiros. Al\u00e9m disso, o parque vai ganhar um estacionamento. Para essa unidade, ser\u00e3o investidos R$ 560 mil.<\/p>\n\n\n\n<p>No Sudoeste, o Parque Ecol\u00f3gico das Sucupiras ganhar\u00e1 duas guaritas. A implanta\u00e7\u00e3o foi autorizada judicialmente. Ainda n\u00e3o h\u00e1 estimativa do valor a ser investido. No caso do Distrital de S\u00e3o Sebasti\u00e3o, os trabalhos contar\u00e3o com a reforma do anfiteatro e da Escola da Natureza e a instala\u00e7\u00e3o da ilumina\u00e7\u00e3o. Os servi\u00e7os s\u00e3o estimados em R$ 700 mil.<\/p>\n\n\n\n<p>A capital federal tem 82 unidades de conserva\u00e7\u00e3o. Dessas, 28 s\u00e3o abertas para visita\u00e7\u00e3o do p\u00fablico, que pode aproveitar o espa\u00e7o para praticar atividades esportivas e de lazer. A 29\u00aa unidade ser\u00e1 inaugurada em breve, no Noroeste. Confira no site&nbsp;<a href=\"https:\/\/www.euamocerrado.com.br\/#\/parques\" target=\"_blank\" rel=\"noreferrer noopener\">Eu Amo Cerrado \u2013 Educa\u00e7\u00e3o Ambiental<\/a>&nbsp;os parques ecol\u00f3gicos do DF.<\/p>\n","protected":false},"excerpt":{"rendered":"<p>Reformas em seis unidades de conserva\u00e7\u00e3o ser\u00e3o executadas este ano e v\u00e3o incluir novos banheiros e estacionamentos Adriana Izel, da Ag\u00eancia Bras\u00edlia I Edi\u00e7\u00e3o: D\u00e9bora Cronemberger Seis unidades de conserva\u00e7\u00e3o do Distrito Federal passar\u00e3o por reformas neste ano. Executados pelo contrato de compensa\u00e7\u00e3o ambiental, os servi\u00e7os consistem na implanta\u00e7\u00e3o de guaritas e em outras melhorias, [&hellip;]<\/p>\n","protected":false},"author":1,"featured_media":0,"comment_status":"open","ping_status":"open","sticky":false,"template":"","format":"standard","meta":{"footnotes":""},"categories":[],"tags":[],"class_list":["post-5659","post","type-post","status-publish","format-standard","hentry"],"_links":{"self":[{"href":"https:\/\/aguaslindasnoticias.com.br\/index.php\/wp-json\/wp\/v2\/posts\/5659","targetHints":{"allow":["GET"]}}],"collection":[{"href":"https:\/\/aguaslindasnoticias.com.br\/index.php\/wp-json\/wp\/v2\/posts"}],"about":[{"href":"https:\/\/aguaslindasnoticias.com.br\/index.php\/wp-json\/wp\/v2\/types\/post"}],"author":[{"embeddable":true,"href":"https:\/\/aguaslindasnoticias.com.br\/index.php\/wp-json\/wp\/v2\/users\/1"}],"replies":[{"embeddable":true,"href":"https:\/\/aguaslindasnoticias.com.br\/index.php\/wp-json\/wp\/v2\/comments?post=5659"}],"version-history":[{"count":0,"href":"https:\/\/aguaslindasnoticias.com.br\/index.php\/wp-json\/wp\/v2\/posts\/5659\/revisions"}],"wp:attachment":[{"href":"https:\/\/aguaslindasnoticias.com.br\/index.php\/wp-json\/wp\/v2\/media?parent=5659"}],"wp:term":[{"taxonomy":"category","embeddable":true,"href":"https:\/\/aguaslindasnoticias.com.br\/index.php\/wp-json\/wp\/v2\/categories?post=5659"},{"taxonomy":"post_tag","embeddable":true,"href":"https:\/\/aguaslindasnoticias.com.br\/index.php\/wp-json\/wp\/v2\/tags?post=5659"}],"curies":[{"name":"wp","href":"https:\/\/api.w.org\/{rel}","templated":true}]}}