{"id":5658,"date":"2023-01-04T10:14:24","date_gmt":"2023-01-04T13:14:24","guid":{"rendered":"https:\/\/aguaslindasnoticias.com.br\/index.php\/2023\/01\/04\/homenagem-ao-dia-do-coracao-aquecido-lembra-surgimento-da-igreja-metodista\/"},"modified":"2023-01-04T10:14:24","modified_gmt":"2023-01-04T13:14:24","slug":"homenagem-ao-dia-do-coracao-aquecido-lembra-surgimento-da-igreja-metodista","status":"publish","type":"post","link":"https:\/\/aguaslindasnoticias.com.br\/index.php\/2023\/01\/04\/homenagem-ao-dia-do-coracao-aquecido-lembra-surgimento-da-igreja-metodista\/","title":{"rendered":"Homenagem ao \u201cDia do Cora\u00e7\u00e3o Aquecido\u201d lembra surgimento da Igreja Metodista"},"content":{"rendered":"\n<p>Foto: Rinaldo Morelli\/CLDF<\/p>\n\n\n\n<figure class=\"wp-block-image size-large\"><img decoding=\"async\" src=\"http:\/\/claricegulyas.com.br\/wp-content\/uploads\/2022\/05\/SS_Cora\u00e7\u00e3o-Aquecido4.jpg\" alt=\"\" class=\"wp-image-10271\"\/><figcaption>Foto: Rinaldo Morelli\/CLDF<\/figcaption><\/figure>\n\n\n\n<figure class=\"wp-block-image\"><img decoding=\"async\" src=\"https:\/\/www.cl.df.gov.br\/documents\/10162\/25821484\/SS_Cora%C3%A7%C3%A3o+Aquecido4.jpg\/76055d18-241c-f010-495e-fdbac05fab38?t=1653062536167\" alt=\"Em 24 de maio de 1738, em Londres, o fundador da Igreja Metodista, John Wesley, vivenciou uma forte experi\u00eancia com Deus, a qual foi chamada de \u201ccora\u00e7\u00e3o aquecido\u201d\"\/><\/figure>\n\n\n\n<p>A C\u00e2mara Legislativa do Distrito Federal realizou sess\u00e3o solene nesta sexta-feira (20) em homenagem ao \u201cDia do Cora\u00e7\u00e3o Aquecido\u201d. A data, celebrada pelos metodistas em 24 de maio, marca o nascimento do metodismo. Atualmente, o Brasil abriga 1,4 mil igrejas dessa congrega\u00e7\u00e3o e cerca de 300 mil seguidores.<\/p>\n\n\n\n<p>\u00c0 frente da celebra\u00e7\u00e3o, o deputado Jo\u00e3o Cardoso (Avante) defendeu a import\u00e2ncia da \u201cevangeliza\u00e7\u00e3o\u201d e da \u201cuni\u00e3o dos crist\u00e3os\u201d em prol da sociedade em geral. Ele elogiou, tamb\u00e9m, a atua\u00e7\u00e3o social do movimento metodista.<\/p>\n\n\n\n<p>\u201cEmbora a Igreja Metodista tenha mais de 150 anos no Brasil, aqui na nossa regi\u00e3o, ela tem apenas seis anos de organiza\u00e7\u00e3o\u201d, disse a bispa Hideide Brito, da 8\u00aa regi\u00e3o eclesi\u00e1stica, a qual representa Goi\u00e1s, Mato Grosso, Tocantins e o DF. A religiosa agradeceu a homenagem feita pela CLDF: \u201c\u00c9 um incentivo ao que temos feito e ao que temos a fazer, aumentando a nossa responsabilidade\u201d.<\/p>\n\n\n\n<p>A hist\u00f3ria da Igreja Metodista foi lembrada pelo pastor Levy Silvestre, da 8\u00aa regi\u00e3o eclesi\u00e1stica. Segundo contou, em 24 de maio de 1738, em Londres, seu fundador John Wesley vivenciou uma forte experi\u00eancia com Deus, a qual foi chamada de \u201ccora\u00e7\u00e3o aquecido\u201d. \u201cA partir de uma experi\u00eancia de f\u00e9, ele foi movido em dire\u00e7\u00e3o \u00e0s fronteiras, al\u00e9m do pr\u00f3prio lugar de fala e de f\u00e9\u201d, disse.<\/p>\n\n\n\n<p>De acordo com o pastor, Wesley era cl\u00e9rigo da Igreja Anglicana, professor de grego e novo testamento em Oxford, e \u201cabriu m\u00e3o de tudo isso para iniciar uma caminhada de alteridade, de corpo a corpo, na rela\u00e7\u00e3o com homens, mulheres e crian\u00e7as que estavam nas fronteiras\u201d.&nbsp;<\/p>\n\n\n\n<p>Essa guinada na vida de Wesley, explicou Levy Silvestre, resultou da experi\u00eancia do \u201ccora\u00e7\u00e3o aquecido\u201d: \u201cEle era membro da elite dominante. Movido pelo cora\u00e7\u00e3o aquecido, passou a fazer parte da vida do povo, instru\u00eda os simples, reivindicava direitos e justi\u00e7a quando necess\u00e1rio\u201d. E concluiu: \u201cPrecisamos hoje de experi\u00eancias como a de Wesley, precisamos de cora\u00e7\u00f5es aquecidos. Talvez esse seja o grande desafio\u201d.<\/p>\n\n\n\n<p>Outros representantes do movimento metodista tamb\u00e9m fizeram reflex\u00f5es sobre o significado do \u201ccora\u00e7\u00e3o aquecido\u201d. \u201cQuando falamos disso, falamos de nosso impacto n\u00e3o s\u00f3 espiritual, mas social\u201d, observou a pastora Luciana de Oliveira Dias. J\u00e1 a presidenta da Federa\u00e7\u00e3o de Mulheres da 8\u00aa regi\u00e3o eclesi\u00e1stica, Magaly Nicolau, apontou: \u201cNosso lema \u00e9 viver para servir\u2019\u201d.<\/p>\n\n\n\n<p><strong>Denise Caputo &#8211; Ag\u00eancia CLDF<\/strong>Previous<\/p>\n\n\n\n<figure class=\"wp-block-image\"><img decoding=\"async\" src=\"https:\/\/www.cl.df.gov.br\/documents\/10162\/25821484\/SS_Cora%C3%A7%C3%A3o+Aquecido6.jpg\/d10b722c-6519-a24f-fbe5-bd24f314f6fd?t=1653062835793\" alt=\"\"\/><figcaption>20\/05\/2022 13h07<\/figcaption><\/figure>\n\n\n\n<figure class=\"wp-block-image\"><img decoding=\"async\" src=\"https:\/\/www.cl.df.gov.br\/documents\/10162\/25821484\/SS_Cora%C3%A7%C3%A3o+Aquecido5.jpg\/9b53bbdf-4eeb-3f17-4b32-7940d5f393b6?t=1653062836200\" alt=\"\"\/><figcaption>20\/05\/2022 13h07<\/figcaption><\/figure>\n\n\n\n<figure class=\"wp-block-image\"><img decoding=\"async\" src=\"https:\/\/www.cl.df.gov.br\/documents\/10162\/25821484\/SS_Cora%C3%A7%C3%A3o+Aquecido+1.jpg\/31aa2a98-ab8e-b171-94de-4a789ff3a4a4?t=1653062534839\" alt=\"\"\/><figcaption>20\/05\/2022 13h02<\/figcaption><\/figure>\n\n\n\n<figure class=\"wp-block-image\"><img decoding=\"async\" src=\"https:\/\/www.cl.df.gov.br\/documents\/10162\/25821484\/SS_Cora%C3%A7%C3%A3o+Aquecido+2.jpg\/4113f502-ff1e-39ed-7c7e-93b696f4545d?t=1653062535261\" alt=\"\"\/><figcaption>20\/05\/2022 13h02<\/figcaption><\/figure>\n\n\n\n<figure class=\"wp-block-image\"><img decoding=\"async\" src=\"https:\/\/www.cl.df.gov.br\/documents\/10162\/25821484\/SS_Cora%C3%A7%C3%A3o+Aquecido6.jpg\/d10b722c-6519-a24f-fbe5-bd24f314f6fd?t=1653062835793\" alt=\"\"\/><figcaption>20\/05\/2022 13h07<\/figcaption><\/figure>\n\n\n\n<figure class=\"wp-block-image\"><img decoding=\"async\" src=\"https:\/\/www.cl.df.gov.br\/documents\/10162\/25821484\/SS_Cora%C3%A7%C3%A3o+Aquecido5.jpg\/9b53bbdf-4eeb-3f17-4b32-7940d5f393b6?t=1653062836200\" alt=\"\"\/><figcaption>20\/05\/2022 13h07<\/figcaption><\/figure>\n\n\n\n<figure class=\"wp-block-image\"><img decoding=\"async\" src=\"https:\/\/www.cl.df.gov.br\/documents\/10162\/25821484\/SS_Cora%C3%A7%C3%A3o+Aquecido+1.jpg\/31aa2a98-ab8e-b171-94de-4a789ff3a4a4?t=1653062534839\" alt=\"\"\/><figcaption>20\/05\/2022 13h02<\/figcaption><\/figure>\n\n\n\n<figure class=\"wp-block-image\"><img decoding=\"async\" src=\"https:\/\/www.cl.df.gov.br\/documents\/10162\/25821484\/SS_Cora%C3%A7%C3%A3o+Aquecido+2.jpg\/4113f502-ff1e-39ed-7c7e-93b696f4545d?t=1653062535261\" alt=\"\"\/><figcaption>20\/05\/2022 13h02<\/figcaption><\/figure>\n\n\n\n<figure class=\"wp-block-image\"><img decoding=\"async\" src=\"https:\/\/www.cl.df.gov.br\/documents\/10162\/25821484\/SS_Cora%C3%A7%C3%A3o+Aquecido6.jpg\/d10b722c-6519-a24f-fbe5-bd24f314f6fd?t=1653062835793\" alt=\"\"\/><figcaption>20\/05\/2022 13h07<\/figcaption><\/figure>\n\n\n\n<figure class=\"wp-block-image\"><img decoding=\"async\" src=\"https:\/\/www.cl.df.gov.br\/documents\/10162\/25821484\/SS_Cora%C3%A7%C3%A3o+Aquecido5.jpg\/9b53bbdf-4eeb-3f17-4b32-7940d5f393b6?t=1653062836200\" alt=\"\"\/><figcaption>20\/05\/2022 13h07<\/figcaption><\/figure>\n\n\n\n<figure class=\"wp-block-image\"><img decoding=\"async\" src=\"https:\/\/www.cl.df.gov.br\/documents\/10162\/25821484\/SS_Cora%C3%A7%C3%A3o+Aquecido+1.jpg\/31aa2a98-ab8e-b171-94de-4a789ff3a4a4?t=1653062534839\" alt=\"\"\/><figcaption>20\/05\/2022 13h02<\/figcaption><\/figure>\n\n\n\n<figure class=\"wp-block-image\"><img decoding=\"async\" src=\"https:\/\/www.cl.df.gov.br\/documents\/10162\/25821484\/SS_Cora%C3%A7%C3%A3o+Aquecido+2.jpg\/4113f502-ff1e-39ed-7c7e-93b696f4545d?t=1653062535261\" alt=\"\"\/><figcaption>20\/05\/2022 13h02<\/figcaption><\/figure>\n","protected":false},"excerpt":{"rendered":"<p>Foto: Rinaldo Morelli\/CLDF A C\u00e2mara Legislativa do Distrito Federal realizou sess\u00e3o solene nesta sexta-feira (20) em homenagem ao \u201cDia do Cora\u00e7\u00e3o Aquecido\u201d. A data, celebrada pelos metodistas em 24 de maio, marca o nascimento do metodismo. Atualmente, o Brasil abriga 1,4 mil igrejas dessa congrega\u00e7\u00e3o e cerca de 300 mil seguidores. \u00c0 frente da celebra\u00e7\u00e3o, [&hellip;]<\/p>\n","protected":false},"author":1,"featured_media":0,"comment_status":"open","ping_status":"open","sticky":false,"template":"","format":"standard","meta":{"footnotes":""},"categories":[],"tags":[],"class_list":["post-5658","post","type-post","status-publish","format-standard","hentry"],"_links":{"self":[{"href":"https:\/\/aguaslindasnoticias.com.br\/index.php\/wp-json\/wp\/v2\/posts\/5658","targetHints":{"allow":["GET"]}}],"collection":[{"href":"https:\/\/aguaslindasnoticias.com.br\/index.php\/wp-json\/wp\/v2\/posts"}],"about":[{"href":"https:\/\/aguaslindasnoticias.com.br\/index.php\/wp-json\/wp\/v2\/types\/post"}],"author":[{"embeddable":true,"href":"https:\/\/aguaslindasnoticias.com.br\/index.php\/wp-json\/wp\/v2\/users\/1"}],"replies":[{"embeddable":true,"href":"https:\/\/aguaslindasnoticias.com.br\/index.php\/wp-json\/wp\/v2\/comments?post=5658"}],"version-history":[{"count":0,"href":"https:\/\/aguaslindasnoticias.com.br\/index.php\/wp-json\/wp\/v2\/posts\/5658\/revisions"}],"wp:attachment":[{"href":"https:\/\/aguaslindasnoticias.com.br\/index.php\/wp-json\/wp\/v2\/media?parent=5658"}],"wp:term":[{"taxonomy":"category","embeddable":true,"href":"https:\/\/aguaslindasnoticias.com.br\/index.php\/wp-json\/wp\/v2\/categories?post=5658"},{"taxonomy":"post_tag","embeddable":true,"href":"https:\/\/aguaslindasnoticias.com.br\/index.php\/wp-json\/wp\/v2\/tags?post=5658"}],"curies":[{"name":"wp","href":"https:\/\/api.w.org\/{rel}","templated":true}]}}