{"id":5657,"date":"2023-01-04T10:14:24","date_gmt":"2023-01-04T13:14:24","guid":{"rendered":"https:\/\/aguaslindasnoticias.com.br\/index.php\/2023\/01\/04\/em-tramitacao-pessoa-com-fibromialgia-pode-ser-reconhecida-como-pcd\/"},"modified":"2023-01-04T10:14:24","modified_gmt":"2023-01-04T13:14:24","slug":"em-tramitacao-pessoa-com-fibromialgia-pode-ser-reconhecida-como-pcd","status":"publish","type":"post","link":"https:\/\/aguaslindasnoticias.com.br\/index.php\/2023\/01\/04\/em-tramitacao-pessoa-com-fibromialgia-pode-ser-reconhecida-como-pcd\/","title":{"rendered":"[Em Tramita\u00e7\u00e3o] Pessoa com fibromialgia pode ser reconhecida como PCD"},"content":{"rendered":"\n<figure class=\"wp-block-image size-large\"><img decoding=\"async\" src=\"http:\/\/claricegulyas.com.br\/wp-content\/uploads\/2022\/05\/fibromialgia-lei-df-joao-cardoso.jpg\" alt=\"\" class=\"wp-image-10268\"\/><\/figure>\n\n\n\n<p>Foto: Reprodu\u00e7\u00e3o\/Web<\/p>\n\n\n\n<figure class=\"wp-block-image\"><img decoding=\"async\" src=\"https:\/\/www.cl.df.gov.br\/documents\/10162\/25630419\/000871c1fc726f0b52dc86a4eeb027de_4612.jpg\/24a624c1-48e3-d30a-446a-c5311495806d?t=1653319003268\" alt=\"\u201cA proposta tem como objetivo assegurar a participa\u00e7\u00e3o plena e efetiva deste grupo na sociedade, em igualdade de condi\u00e7\u00f5es com as demais pessoas, sem qualquer restri\u00e7\u00e3o ou preconceito aos seus impedimentos e limita\u00e7\u00f5es f\u00edsicas\u201d, explica o distrital Jo\u00e3o Cardoso\"\/><\/figure>\n\n\n\n<p>Tramita na C\u00e2mara Legislativa do Distrito Federal o PL 2.308\/21, que reconhece quem foi diagnosticado com fibromialgia como Pessoa Com Defici\u00eancia (PCD). A proposta, de autoria do deputado Jo\u00e3o Cardoso (Avante), tamb\u00e9m inclui no calend\u00e1rio oficial do Distrito Federal a data de 12 de maio como per\u00edodo oficial para conscientiza\u00e7\u00e3o e enfrentamento da doen\u00e7a. Um dos motivos para a iniciativa \u00e9 a falta de legisla\u00e7\u00e3o espec\u00edfica, o que dificulta conceder a quem tem fibromialgia benef\u00edcios estabelecidos em legisla\u00e7\u00e3o estadual, como a isen\u00e7\u00e3o fiscal do IPVA, por exemplo.<\/p>\n\n\n\n<p>\u201cA proposta tem como objetivo assegurar a participa\u00e7\u00e3o plena e efetiva deste grupo na sociedade, em igualdade de condi\u00e7\u00f5es com as demais pessoas, sem qualquer restri\u00e7\u00e3o ou preconceito aos seus impedimentos e limita\u00e7\u00f5es f\u00edsicas\u201d, explica o distrital Jo\u00e3o Cardoso.<\/p>\n\n\n\n<p><strong>Fibromialgia<\/strong><\/p>\n\n\n\n<p>Inclu\u00edda na Classifica\u00e7\u00e3o Internacional de Doen\u00e7as (CID) da Organiza\u00e7\u00e3o Mundial de Sa\u00fade (OMS) em 2004, sob o c\u00f3digo CID 10 M79.7, a fibromialgia \u00e9 uma s\u00edndrome multifatorial, de causa ainda desconhecida, cr\u00f4nica e sem cura. Em sua maioria, a doen\u00e7a atinge mulheres entre 30 e 55 anos.<\/p>\n\n\n\n<p>Os principais sintomas da doen\u00e7a s\u00e3o dores generalizadas e persistentes, sensibilidade ao toque, s\u00edndrome do intestino irrit\u00e1vel, pernas inquietas, dores abdominais, queima\u00e7\u00f5es, formigamentos, bexiga irrit\u00e1vel, cefaleia (dor de cabe\u00e7a), fadiga, sono n\u00e3o reparador, varia\u00e7\u00e3o de humor, ins\u00f4nia, falta de mem\u00f3ria e concentra\u00e7\u00e3o, e at\u00e9 mesmo dist\u00farbios emocionais e psicol\u00f3gicos, como transtornos de ansiedade e depress\u00e3o.<\/p>\n\n\n\n<p>Segundo justificativa do projeto, a fibromialgia \u00e9 uma doen\u00e7a que imp\u00f5e aos pacientes impedimentos de longo prazo de natureza f\u00edsica, mental, intelectual e sensorial, que, em intera\u00e7\u00e3o com as diversas barreiras impostas ao fibromi\u00e1lgico, efetivamente obstruem a participa\u00e7\u00e3o plena e efetiva dele na sociedade. Da\u00ed a import\u00e2ncia do reconhecimento da fibromialgia como defici\u00eancia.<\/p>\n\n\n\n<p><strong>Tramita\u00e7\u00e3o<\/strong><\/p>\n\n\n\n<p>O PL 2.308\/2021 est\u00e1 em an\u00e1lise de m\u00e9rito na Comiss\u00e3o de Educa\u00e7\u00e3o, Sa\u00fade e Cultura (CESC) e tem como relatora designada a deputada Arlete Sampaio (PT). Ap\u00f3s vota\u00e7\u00e3o na CESC a mat\u00e9ria ainda passar\u00e1 por duas comiss\u00f5es. Na Comiss\u00e3o de Economia, Or\u00e7amento e Finan\u00e7as (CEOF), ser\u00e1 verificada a adequa\u00e7\u00e3o e repercuss\u00e3o or\u00e7ament\u00e1ria e financeira da iniciativa. Em seguida, na Comiss\u00e3o de Constitui\u00e7\u00e3o e Justi\u00e7a (CCJ), o projeto ser\u00e1 estudado sob os aspectos constitucionais, jur\u00eddicos, legais e regimentais.<\/p>\n\n\n\n<p><strong>Francisco Esp\u00ednola &#8211; Ag\u00eancia CLDF<\/strong><\/p>\n","protected":false},"excerpt":{"rendered":"<p>Foto: Reprodu\u00e7\u00e3o\/Web Tramita na C\u00e2mara Legislativa do Distrito Federal o PL 2.308\/21, que reconhece quem foi diagnosticado com fibromialgia como Pessoa Com Defici\u00eancia (PCD). A proposta, de autoria do deputado Jo\u00e3o Cardoso (Avante), tamb\u00e9m inclui no calend\u00e1rio oficial do Distrito Federal a data de 12 de maio como per\u00edodo oficial para conscientiza\u00e7\u00e3o e enfrentamento da [&hellip;]<\/p>\n","protected":false},"author":1,"featured_media":0,"comment_status":"open","ping_status":"open","sticky":false,"template":"","format":"standard","meta":{"footnotes":""},"categories":[],"tags":[],"class_list":["post-5657","post","type-post","status-publish","format-standard","hentry"],"_links":{"self":[{"href":"https:\/\/aguaslindasnoticias.com.br\/index.php\/wp-json\/wp\/v2\/posts\/5657","targetHints":{"allow":["GET"]}}],"collection":[{"href":"https:\/\/aguaslindasnoticias.com.br\/index.php\/wp-json\/wp\/v2\/posts"}],"about":[{"href":"https:\/\/aguaslindasnoticias.com.br\/index.php\/wp-json\/wp\/v2\/types\/post"}],"author":[{"embeddable":true,"href":"https:\/\/aguaslindasnoticias.com.br\/index.php\/wp-json\/wp\/v2\/users\/1"}],"replies":[{"embeddable":true,"href":"https:\/\/aguaslindasnoticias.com.br\/index.php\/wp-json\/wp\/v2\/comments?post=5657"}],"version-history":[{"count":0,"href":"https:\/\/aguaslindasnoticias.com.br\/index.php\/wp-json\/wp\/v2\/posts\/5657\/revisions"}],"wp:attachment":[{"href":"https:\/\/aguaslindasnoticias.com.br\/index.php\/wp-json\/wp\/v2\/media?parent=5657"}],"wp:term":[{"taxonomy":"category","embeddable":true,"href":"https:\/\/aguaslindasnoticias.com.br\/index.php\/wp-json\/wp\/v2\/categories?post=5657"},{"taxonomy":"post_tag","embeddable":true,"href":"https:\/\/aguaslindasnoticias.com.br\/index.php\/wp-json\/wp\/v2\/tags?post=5657"}],"curies":[{"name":"wp","href":"https:\/\/api.w.org\/{rel}","templated":true}]}}