{"id":5656,"date":"2023-01-04T10:14:24","date_gmt":"2023-01-04T13:14:24","guid":{"rendered":"https:\/\/aguaslindasnoticias.com.br\/index.php\/2023\/01\/04\/advogada-rita-vivas-participa-da-posse-de-ministros-do-tst\/"},"modified":"2023-01-04T10:14:24","modified_gmt":"2023-01-04T13:14:24","slug":"advogada-rita-vivas-participa-da-posse-de-ministros-do-tst","status":"publish","type":"post","link":"https:\/\/aguaslindasnoticias.com.br\/index.php\/2023\/01\/04\/advogada-rita-vivas-participa-da-posse-de-ministros-do-tst\/","title":{"rendered":"Advogada Rita Vivas participa da posse de ministros do TST"},"content":{"rendered":"\n<figure class=\"wp-block-image size-large\"><img decoding=\"async\" src=\"http:\/\/claricegulyas.com.br\/wp-content\/uploads\/2022\/05\/rita-vivas-riedel-figueiredo-advogados-posse-tst-brasilia-df.jpeg\" alt=\"\" class=\"wp-image-10264\"\/><figcaption>Foto (da esquerda para a direita): Com os colegas advogados Heitor Cornacchioni, Gilda Figueiredo Ferraz e Euclydes Jos\u00e9 Marchi Mendon\u00e7a<\/figcaption><\/figure>\n\n\n\n<p>A advogada Rita de C\u00e1ssia Vivas, do escrit\u00f3rio <strong>Riedel de Figueiredo e Advogados Associados<\/strong>, participou nesta quinta (19\/5) da solenidade de posse dos novos ministros do Tribunal Superior do Trabalho (TST). O evento foi realizado na sede do \u00f3rg\u00e3o e contou com a presen\u00e7a do presidente da Rep\u00fablica, Jair Bolsonaro.<\/p>\n\n\n\n<p>Na ocasi\u00e3o, o presidente do TST, Emmanoel Pereira, deu posse ao desembargador Sergio Pinto Martins, do Tribunal Regional do Trabalho da 2\u00aa Regi\u00e3o (SP), al\u00e9m de ratificar as passes dos ministros Morgana Richa, Amaury Rodrigues e Alberto Balazeiro, que j\u00e1 haviam sido empossados de forma administrativa durante a pandemia.<\/p>\n\n\n\n<p>Entre outras autoridades, tamb\u00e9m participaram da solenidade o governador do Distrito Federal, Ibaneis Rocha; o procurador-geral da Rep\u00fablica, Augusto Aras; os ministros do Supremo Tribunal Federal (STF) Edson Fachin e Alexandre de Moraes; os ministros de Estado Ciro Nogueira (Casa Civil) e Anderson Torres (Justi\u00e7a e Seguran\u00e7a P\u00fablica).<br><br>Confira, na \u00edntegra, como foi a solenidade de posse:<\/p>\n\n\n\n<figure class=\"wp-block-embed-youtube wp-block-embed is-type-video is-provider-youtube wp-embed-aspect-16-9 wp-has-aspect-ratio\"><div class=\"wp-block-embed__wrapper\">\n<iframe title=\"Solenidade de posse de ministra e ministros do TST\" width=\"640\" height=\"360\" src=\"https:\/\/www.youtube.com\/embed\/o7Uc6eFZ3pk?feature=oembed\" frameborder=\"0\" allow=\"accelerometer; autoplay; clipboard-write; encrypted-media; gyroscope; picture-in-picture; web-share\" referrerpolicy=\"strict-origin-when-cross-origin\" allowfullscreen><\/iframe>\n<\/div><\/figure>\n\n\n\n<p><\/p>\n","protected":false},"excerpt":{"rendered":"<p>A advogada Rita de C\u00e1ssia Vivas, do escrit\u00f3rio Riedel de Figueiredo e Advogados Associados, participou nesta quinta (19\/5) da solenidade de posse dos novos ministros do Tribunal Superior do Trabalho (TST). O evento foi realizado na sede do \u00f3rg\u00e3o e contou com a presen\u00e7a do presidente da Rep\u00fablica, Jair Bolsonaro. Na ocasi\u00e3o, o presidente do [&hellip;]<\/p>\n","protected":false},"author":1,"featured_media":0,"comment_status":"open","ping_status":"open","sticky":false,"template":"","format":"standard","meta":{"footnotes":""},"categories":[],"tags":[],"class_list":["post-5656","post","type-post","status-publish","format-standard","hentry"],"_links":{"self":[{"href":"https:\/\/aguaslindasnoticias.com.br\/index.php\/wp-json\/wp\/v2\/posts\/5656","targetHints":{"allow":["GET"]}}],"collection":[{"href":"https:\/\/aguaslindasnoticias.com.br\/index.php\/wp-json\/wp\/v2\/posts"}],"about":[{"href":"https:\/\/aguaslindasnoticias.com.br\/index.php\/wp-json\/wp\/v2\/types\/post"}],"author":[{"embeddable":true,"href":"https:\/\/aguaslindasnoticias.com.br\/index.php\/wp-json\/wp\/v2\/users\/1"}],"replies":[{"embeddable":true,"href":"https:\/\/aguaslindasnoticias.com.br\/index.php\/wp-json\/wp\/v2\/comments?post=5656"}],"version-history":[{"count":0,"href":"https:\/\/aguaslindasnoticias.com.br\/index.php\/wp-json\/wp\/v2\/posts\/5656\/revisions"}],"wp:attachment":[{"href":"https:\/\/aguaslindasnoticias.com.br\/index.php\/wp-json\/wp\/v2\/media?parent=5656"}],"wp:term":[{"taxonomy":"category","embeddable":true,"href":"https:\/\/aguaslindasnoticias.com.br\/index.php\/wp-json\/wp\/v2\/categories?post=5656"},{"taxonomy":"post_tag","embeddable":true,"href":"https:\/\/aguaslindasnoticias.com.br\/index.php\/wp-json\/wp\/v2\/tags?post=5656"}],"curies":[{"name":"wp","href":"https:\/\/api.w.org\/{rel}","templated":true}]}}