{"id":5655,"date":"2023-01-04T10:14:24","date_gmt":"2023-01-04T13:14:24","guid":{"rendered":"https:\/\/aguaslindasnoticias.com.br\/index.php\/2023\/01\/04\/cldf-presta-homenagem-a-igreja-metodista\/"},"modified":"2023-01-04T10:14:24","modified_gmt":"2023-01-04T13:14:24","slug":"cldf-presta-homenagem-a-igreja-metodista","status":"publish","type":"post","link":"https:\/\/aguaslindasnoticias.com.br\/index.php\/2023\/01\/04\/cldf-presta-homenagem-a-igreja-metodista\/","title":{"rendered":"CLDF presta homenagem \u00e0 igreja Metodista"},"content":{"rendered":"\n<figure class=\"wp-block-image size-large\"><img decoding=\"async\" src=\"http:\/\/claricegulyas.com.br\/wp-content\/uploads\/2022\/05\/igreja-metodista-df-joao-cardoso-sessao-solene-cldf-evangelica-evangelicos-721x1024.jpeg\" alt=\"\" class=\"wp-image-10260\"\/><\/figure>\n\n\n\n<p>A C\u00e2mara Legislativa ir\u00e1 realizar nesta sexta (20\/5), \u00e0s 10h, sess\u00e3o solene em homenagem ao Dia do Cora\u00e7\u00e3o Aquecido, que marca o surgimento da igreja Metodista (evang\u00e9lica). A iniciativa \u00e9 do deputado distrital<strong> Jo\u00e3o Cardoso (Avante)<\/strong> e tem como objetivo destacar a import\u00e2ncia do trabalho religioso e social da igreja. O evento ser\u00e1 transmitido ao vivo pelo Youtube da CLDF.<\/p>\n\n\n\n<p>Celebrado internacionalmente no dia 24 de maio, o Dia do Cora\u00e7\u00e3o Aquecido remete ao sentimento de &#8220;cora\u00e7\u00e3o estranhamente aquecido&#8221; sentido por John Wesley, um dos fundadores do movimento (hoje igreja) Metodista, quando deu in\u00edcio \u00e0 sua experi\u00eancia religiosa, em Londres (Inglaterra), no s\u00e9culo 18.<\/p>\n\n\n\n<p>A doutrina da igreja tem como inten\u00e7\u00e3o promover a fraternidade e a experi\u00eancia crist\u00e3 por meio da comunh\u00e3o de todos os cora\u00e7\u00f5es na busca pela salva\u00e7\u00e3o, indo de encontro ao Evangelho e trabalhando para a constru\u00e7\u00e3o do Reino de Deus. No Distrito Federal, a igreja Metodista est\u00e1 presente na maior parte das Regi\u00f5es Administrativas, atendendo a comunidade tanto nas quest\u00f5es espirituais, quanto nas de ordem de assist\u00eancia social.<\/p>\n\n\n\n<p>&#8220;O Evangelho \u00e9 um instrumento fomentador do fortalecimento dos direitos humanos. Por meio da religi\u00e3o evang\u00e9lica s\u00e3o desenvolvidos diversos projetos de assist\u00eancia social com grandes impactos na inclus\u00e3o social e nesta igreja n\u00e3o \u00e9 diferente, pois atuam em diversas causas sociais com destaques nas \u00e1reas espiritual e educacional em v\u00e1rias partes do mundo&#8221;, afirma Jo\u00e3o Cardoso.<\/p>\n\n\n\n<p><strong>Servi\u00e7o:<\/strong><br><strong>CLDF presta homenagem \u00e0 igreja Metodista<\/strong><br>Data: 20 de maio de 2022<br>Hora: 10h<br>Local: Plen\u00e1rio da C\u00e2mara Legislativa<br>Youtube da CLDF: <a href=\"https:\/\/www.youtube.com\/c\/TVC%C3%A2maraDistrital\">https:\/\/www.youtube.com\/c\/TVC%C3%A2maraDistrital<\/a><\/p>\n","protected":false},"excerpt":{"rendered":"<p>A C\u00e2mara Legislativa ir\u00e1 realizar nesta sexta (20\/5), \u00e0s 10h, sess\u00e3o solene em homenagem ao Dia do Cora\u00e7\u00e3o Aquecido, que marca o surgimento da igreja Metodista (evang\u00e9lica). A iniciativa \u00e9 do deputado distrital Jo\u00e3o Cardoso (Avante) e tem como objetivo destacar a import\u00e2ncia do trabalho religioso e social da igreja. O evento ser\u00e1 transmitido ao [&hellip;]<\/p>\n","protected":false},"author":1,"featured_media":0,"comment_status":"open","ping_status":"open","sticky":false,"template":"","format":"standard","meta":{"footnotes":""},"categories":[],"tags":[],"class_list":["post-5655","post","type-post","status-publish","format-standard","hentry"],"_links":{"self":[{"href":"https:\/\/aguaslindasnoticias.com.br\/index.php\/wp-json\/wp\/v2\/posts\/5655","targetHints":{"allow":["GET"]}}],"collection":[{"href":"https:\/\/aguaslindasnoticias.com.br\/index.php\/wp-json\/wp\/v2\/posts"}],"about":[{"href":"https:\/\/aguaslindasnoticias.com.br\/index.php\/wp-json\/wp\/v2\/types\/post"}],"author":[{"embeddable":true,"href":"https:\/\/aguaslindasnoticias.com.br\/index.php\/wp-json\/wp\/v2\/users\/1"}],"replies":[{"embeddable":true,"href":"https:\/\/aguaslindasnoticias.com.br\/index.php\/wp-json\/wp\/v2\/comments?post=5655"}],"version-history":[{"count":0,"href":"https:\/\/aguaslindasnoticias.com.br\/index.php\/wp-json\/wp\/v2\/posts\/5655\/revisions"}],"wp:attachment":[{"href":"https:\/\/aguaslindasnoticias.com.br\/index.php\/wp-json\/wp\/v2\/media?parent=5655"}],"wp:term":[{"taxonomy":"category","embeddable":true,"href":"https:\/\/aguaslindasnoticias.com.br\/index.php\/wp-json\/wp\/v2\/categories?post=5655"},{"taxonomy":"post_tag","embeddable":true,"href":"https:\/\/aguaslindasnoticias.com.br\/index.php\/wp-json\/wp\/v2\/tags?post=5655"}],"curies":[{"name":"wp","href":"https:\/\/api.w.org\/{rel}","templated":true}]}}