{"id":5653,"date":"2023-01-04T10:14:24","date_gmt":"2023-01-04T13:14:24","guid":{"rendered":"https:\/\/aguaslindasnoticias.com.br\/index.php\/2023\/01\/04\/gdf-devera-divulgar-bimestralmente-gastos-com-medicamentos-e-insumos\/"},"modified":"2023-01-04T10:14:24","modified_gmt":"2023-01-04T13:14:24","slug":"gdf-devera-divulgar-bimestralmente-gastos-com-medicamentos-e-insumos","status":"publish","type":"post","link":"https:\/\/aguaslindasnoticias.com.br\/index.php\/2023\/01\/04\/gdf-devera-divulgar-bimestralmente-gastos-com-medicamentos-e-insumos\/","title":{"rendered":"GDF dever\u00e1 divulgar bimestralmente gastos com medicamentos e insumos"},"content":{"rendered":"\n<p>Foto: Gabriel Jabur\/Ag\u00eancia Bras\u00edlia<\/p>\n\n\n\n<figure class=\"wp-block-image\"><img decoding=\"async\" src=\"https:\/\/www.cl.df.gov.br\/documents\/10162\/25630419\/21953581643_7a36fe5026_c.jpg\/74382bd6-64cf-38d0-4d22-8cd786b96785?t=1652819490152\" alt=\"De acordo com o texto aprovado, o relat\u00f3rio deve conter o pre\u00e7o unit\u00e1rio, a quantidade adquirida, a data de compra, a quantidade consumida no bimestre entre outras informa\u00e7\u00f5es\"\/><\/figure>\n\n\n\n<figure class=\"wp-block-image size-large\"><img decoding=\"async\" src=\"http:\/\/claricegulyas.com.br\/wp-content\/uploads\/2022\/05\/1aaaaaa.jpg\" alt=\"\" class=\"wp-image-10254\"\/><\/figure>\n\n\n\n<p>O Governo do Distrito Federal poder\u00e1 ser obrigado a divulgar bimestralmente os pre\u00e7os pagos por medicamentos, insumos para sa\u00fade e servi\u00e7os por parte das institui\u00e7\u00f5es que mant\u00eam contratos de gest\u00e3o ou outros instrumentos equivalentes. A medida est\u00e1 prevista no PL n\u00b0 536\/2019, de autoria do deputado Rafael Prudente (MDB), aprovada na tarde desta ter\u00e7a-feira pela Comiss\u00e3o de Economia, Or\u00e7amento e Finan\u00e7as da C\u00e2mara Legislativa. O texto ainda tem que passar pelo plen\u00e1rio da C\u00e2mara.<\/p>\n\n\n\n<p>Pela proposta, o Instituto Gest\u00e3o Estrat\u00e9gica (IGESDF), o Instituto do C\u00e2ncer Infantil e Pediatria Especializada (ICIPE) e demais organiza\u00e7\u00f5es sociais, servi\u00e7os sociais aut\u00f4nomos ou outras institui\u00e7\u00f5es de direito privado sem fins lucrativos, de interesse coletivo que mantenham ou venham a firmar contrato de gest\u00e3o com a secretaria de Sa\u00fade devem enviar relat\u00f3rio bimestral para informar o pre\u00e7o de aquisi\u00e7\u00e3o de medicamentos, insumos e servi\u00e7os contratados.<\/p>\n\n\n\n<p>De acordo com o texto aprovado, o relat\u00f3rio deve conter o pre\u00e7o unit\u00e1rio, a quantidade adquirida, a data de compra, a quantidade consumida no bimestre, unidades de dispensa\u00e7\u00e3o e c\u00f3digos de padroniza\u00e7\u00e3o ou cadastro dos materiais que permitem a compara\u00e7\u00e3o com os produtos adquiridos pela SES\/DF.<\/p>\n\n\n\n<p>O descumprimento da medida sujeita os infratores ao pagamento de multa correspondente a 10% do valor da parcela mensal de custeio, estabelecida no contrato de gest\u00e3o, duplicada no caso de reincid\u00eancia.<\/p>\n\n\n\n<p><strong>Campanha pela vacina<\/strong><\/p>\n\n\n\n<p>Nesta ter\u00e7a-feira, a CEOF tamb\u00e9m aprovou o PL n\u00b0 382\/2019, do deputado Delmasso (Republicanos), que institui a campanha \u201cQuem Ama Vacina\u201d. A campanha, segundo o texto, visa \u00e0 preven\u00e7\u00e3o e combate \u00e0s doen\u00e7as constantes do calend\u00e1rio oficial de vacina\u00e7\u00e3o, conscientizando as fam\u00edlias e respons\u00e1veis legais por crian\u00e7as, sobre a import\u00e2ncia da preven\u00e7\u00e3o de doen\u00e7as, por meio da vacina\u00e7\u00e3o.&nbsp;<\/p>\n\n\n\n<p>A proposta estabelece como diretrizes da campanha a participa\u00e7\u00e3o dos estabelecimentos p\u00fablicos e particulares de sa\u00fade e das Regionais de Ensino nas atividades voltadas \u00e0 preven\u00e7\u00e3o das doen\u00e7as; ampla divulga\u00e7\u00e3o do calend\u00e1rio, bem como da import\u00e2ncia da vacina\u00e7\u00e3o e das consequ\u00eancias da n\u00e3o vacina\u00e7\u00e3o, e promo\u00e7\u00e3o de atividades de conscientiza\u00e7\u00e3o dos respons\u00e1veis legais.<\/p>\n\n\n\n<p><strong>Lu\u00eds Cl\u00e1udio Alves &#8211; Ag\u00eancia CLDF<\/strong><\/p>\n","protected":false},"excerpt":{"rendered":"<p>Foto: Gabriel Jabur\/Ag\u00eancia Bras\u00edlia O Governo do Distrito Federal poder\u00e1 ser obrigado a divulgar bimestralmente os pre\u00e7os pagos por medicamentos, insumos para sa\u00fade e servi\u00e7os por parte das institui\u00e7\u00f5es que mant\u00eam contratos de gest\u00e3o ou outros instrumentos equivalentes. A medida est\u00e1 prevista no PL n\u00b0 536\/2019, de autoria do deputado Rafael Prudente (MDB), aprovada na [&hellip;]<\/p>\n","protected":false},"author":1,"featured_media":0,"comment_status":"open","ping_status":"open","sticky":false,"template":"","format":"standard","meta":{"footnotes":""},"categories":[],"tags":[],"class_list":["post-5653","post","type-post","status-publish","format-standard","hentry"],"_links":{"self":[{"href":"https:\/\/aguaslindasnoticias.com.br\/index.php\/wp-json\/wp\/v2\/posts\/5653","targetHints":{"allow":["GET"]}}],"collection":[{"href":"https:\/\/aguaslindasnoticias.com.br\/index.php\/wp-json\/wp\/v2\/posts"}],"about":[{"href":"https:\/\/aguaslindasnoticias.com.br\/index.php\/wp-json\/wp\/v2\/types\/post"}],"author":[{"embeddable":true,"href":"https:\/\/aguaslindasnoticias.com.br\/index.php\/wp-json\/wp\/v2\/users\/1"}],"replies":[{"embeddable":true,"href":"https:\/\/aguaslindasnoticias.com.br\/index.php\/wp-json\/wp\/v2\/comments?post=5653"}],"version-history":[{"count":0,"href":"https:\/\/aguaslindasnoticias.com.br\/index.php\/wp-json\/wp\/v2\/posts\/5653\/revisions"}],"wp:attachment":[{"href":"https:\/\/aguaslindasnoticias.com.br\/index.php\/wp-json\/wp\/v2\/media?parent=5653"}],"wp:term":[{"taxonomy":"category","embeddable":true,"href":"https:\/\/aguaslindasnoticias.com.br\/index.php\/wp-json\/wp\/v2\/categories?post=5653"},{"taxonomy":"post_tag","embeddable":true,"href":"https:\/\/aguaslindasnoticias.com.br\/index.php\/wp-json\/wp\/v2\/tags?post=5653"}],"curies":[{"name":"wp","href":"https:\/\/api.w.org\/{rel}","templated":true}]}}