{"id":5652,"date":"2023-01-04T10:14:24","date_gmt":"2023-01-04T13:14:24","guid":{"rendered":"https:\/\/aguaslindasnoticias.com.br\/index.php\/2023\/01\/04\/projeto-preve-funcionamento-noturno-de-creches\/"},"modified":"2023-01-04T10:14:24","modified_gmt":"2023-01-04T13:14:24","slug":"projeto-preve-funcionamento-noturno-de-creches","status":"publish","type":"post","link":"https:\/\/aguaslindasnoticias.com.br\/index.php\/2023\/01\/04\/projeto-preve-funcionamento-noturno-de-creches\/","title":{"rendered":"Projeto prev\u00ea funcionamento noturno de creches"},"content":{"rendered":"\n<p>Foto: Reprodu\u00e7\u00e3o\/Web<\/p>\n\n\n\n<figure class=\"wp-block-image\"><img decoding=\"async\" src=\"https:\/\/www.cl.df.gov.br\/documents\/10162\/25630419\/201803212214131521681253d1f60.jpg\/3d31eb88-6993-8853-e16d-91612d567225?t=1652818241912\" alt=\"Pela proposta, os centros de educa\u00e7\u00e3o infantil e creches p\u00fablicas e conveniadas que atendam crian\u00e7as de zero a tr\u00eas anos e 11 meses\"\/><\/figure>\n\n\n\n<figure class=\"wp-block-image size-large\"><img decoding=\"async\" src=\"http:\/\/claricegulyas.com.br\/wp-content\/uploads\/2022\/05\/1d.jpg\" alt=\"\" class=\"wp-image-10251\"\/><\/figure>\n\n\n\n<p>A Comiss\u00e3o de Or\u00e7amento aprovou ainda o PL n\u00b0 1592\/2020, da deputada J\u00falia Lucy (Uni\u00e3o Brasil), que autoriza o funcionamento em hor\u00e1rio noturno dos centros de educa\u00e7\u00e3o infantil e das creches p\u00fablicas e conveniadas. O texto ainda precisa ser analisado pelo plen\u00e1rio da C\u00e2mara.<\/p>\n\n\n\n<p>Pela proposta, os centros de educa\u00e7\u00e3o infantil e creches p\u00fablicas e conveniadas que atendam crian\u00e7as de zero a tr\u00eas anos e 11 meses, ficam autorizadas a funcionar no per\u00edodo noturno. O funcionamento em hor\u00e1rio especial servir\u00e1, exclusivamente, aos pais e respons\u00e1veis que comprovem o exerc\u00edcio de atividade laboral ou acad\u00eamica no per\u00edodo noturno.&nbsp;<\/p>\n\n\n\n<p>O texto prev\u00ea que o atendimento \u00e0s crian\u00e7as no per\u00edodo noturno incluir\u00e1 o desenvolvimento de atividades l\u00fadicas, cuidados adequados a cada per\u00edodo do desenvolvimento infantil e \u00e0s necessidades das crian\u00e7as com defici\u00eancia. Al\u00e9m disso, o tempo de perman\u00eancia das crian\u00e7as no per\u00edodo noturno e em creches, somados, n\u00e3o poder\u00e1 exceder 10 horas di\u00e1rias.<\/p>\n\n\n\n<p><strong>Lu\u00eds Cl\u00e1udio Alves &#8211; Ag\u00eancia CLDF<\/strong><\/p>\n","protected":false},"excerpt":{"rendered":"<p>Foto: Reprodu\u00e7\u00e3o\/Web A Comiss\u00e3o de Or\u00e7amento aprovou ainda o PL n\u00b0 1592\/2020, da deputada J\u00falia Lucy (Uni\u00e3o Brasil), que autoriza o funcionamento em hor\u00e1rio noturno dos centros de educa\u00e7\u00e3o infantil e das creches p\u00fablicas e conveniadas. O texto ainda precisa ser analisado pelo plen\u00e1rio da C\u00e2mara. Pela proposta, os centros de educa\u00e7\u00e3o infantil e creches [&hellip;]<\/p>\n","protected":false},"author":1,"featured_media":0,"comment_status":"open","ping_status":"open","sticky":false,"template":"","format":"standard","meta":{"footnotes":""},"categories":[],"tags":[],"class_list":["post-5652","post","type-post","status-publish","format-standard","hentry"],"_links":{"self":[{"href":"https:\/\/aguaslindasnoticias.com.br\/index.php\/wp-json\/wp\/v2\/posts\/5652","targetHints":{"allow":["GET"]}}],"collection":[{"href":"https:\/\/aguaslindasnoticias.com.br\/index.php\/wp-json\/wp\/v2\/posts"}],"about":[{"href":"https:\/\/aguaslindasnoticias.com.br\/index.php\/wp-json\/wp\/v2\/types\/post"}],"author":[{"embeddable":true,"href":"https:\/\/aguaslindasnoticias.com.br\/index.php\/wp-json\/wp\/v2\/users\/1"}],"replies":[{"embeddable":true,"href":"https:\/\/aguaslindasnoticias.com.br\/index.php\/wp-json\/wp\/v2\/comments?post=5652"}],"version-history":[{"count":0,"href":"https:\/\/aguaslindasnoticias.com.br\/index.php\/wp-json\/wp\/v2\/posts\/5652\/revisions"}],"wp:attachment":[{"href":"https:\/\/aguaslindasnoticias.com.br\/index.php\/wp-json\/wp\/v2\/media?parent=5652"}],"wp:term":[{"taxonomy":"category","embeddable":true,"href":"https:\/\/aguaslindasnoticias.com.br\/index.php\/wp-json\/wp\/v2\/categories?post=5652"},{"taxonomy":"post_tag","embeddable":true,"href":"https:\/\/aguaslindasnoticias.com.br\/index.php\/wp-json\/wp\/v2\/tags?post=5652"}],"curies":[{"name":"wp","href":"https:\/\/api.w.org\/{rel}","templated":true}]}}