{"id":5650,"date":"2023-01-04T10:14:24","date_gmt":"2023-01-04T13:14:24","guid":{"rendered":"https:\/\/aguaslindasnoticias.com.br\/index.php\/2023\/01\/04\/agora-e-lei-consumidores-podem-pedir-mudanca-de-dados-nas-contas-de-agua-e-energia\/"},"modified":"2023-01-04T10:14:24","modified_gmt":"2023-01-04T13:14:24","slug":"agora-e-lei-consumidores-podem-pedir-mudanca-de-dados-nas-contas-de-agua-e-energia","status":"publish","type":"post","link":"https:\/\/aguaslindasnoticias.com.br\/index.php\/2023\/01\/04\/agora-e-lei-consumidores-podem-pedir-mudanca-de-dados-nas-contas-de-agua-e-energia\/","title":{"rendered":"[Agora \u00e9 Lei] Consumidores podem pedir mudan\u00e7a de dados nas contas de \u00e1gua e energia"},"content":{"rendered":"\n<p>Foto: Ag\u00eancia Brasil<\/p>\n\n\n\n<figure class=\"wp-block-image\"><img decoding=\"async\" src=\"https:\/\/www.cl.df.gov.br\/documents\/10162\/25630419\/torneira.jpeg\/667e8095-388a-6ad4-463c-24b20459be62?t=1652887748636\" alt=\"A solicita\u00e7\u00e3o deve ser apresentada pelo consumidor nos postos ou canais virtuais de atendimento, mediante protocolo pr\u00f3prio, acompanhado de documentos que demonstrem a regularidade da modifica\u00e7\u00e3o\"\/><\/figure>\n\n\n\n<figure class=\"wp-block-image size-large\"><img decoding=\"async\" src=\"http:\/\/claricegulyas.com.br\/wp-content\/uploads\/2022\/05\/torneira.jpeg\" alt=\"\" class=\"wp-image-10245\"\/><\/figure>\n\n\n\n<p>Entrou em vigor nesta quarta-feira (18) a Lei 7.136\/2022, que garante ao consumidor do DF o direito de modifica\u00e7\u00e3o dos dados de identifica\u00e7\u00e3o do respons\u00e1vel pelo pagamento das faturas de servi\u00e7os de \u00e1gua e energia el\u00e9trica. De acordo com o autor da proposta, deputado Professor Reginaldo Veras (PDT), al\u00e9m de permitir a corre\u00e7\u00e3o de dados com erros ou desatualizados, a Lei fixa a \u201cresponsabilidade financeira do servi\u00e7o para aquele que manifesta o desejo de receb\u00ea-los\u201d.<\/p>\n\n\n\n<p>Entre os motivos para solicita\u00e7\u00e3o de mudan\u00e7a, o texto elenca: erro de identifica\u00e7\u00e3o ou atualiza\u00e7\u00e3o do nome em raz\u00e3o de div\u00f3rcio ou retifica\u00e7\u00e3o de quaisquer elementos do nome do titular; atualiza\u00e7\u00e3o de dados da resid\u00eancia em raz\u00e3o de parcelamento do im\u00f3vel; atualiza\u00e7\u00e3o de endere\u00e7o em raz\u00e3o de mudan\u00e7a de denomina\u00e7\u00e3o de regi\u00e3o administrativa, bairro ou c\u00f3digo de endere\u00e7amento postal; falecimento do leg\u00edtimo possuidor ou propriet\u00e1rio do im\u00f3vel; celebra\u00e7\u00e3o de contrato de aluguel para que o respons\u00e1vel financeiro passe a ser o locat\u00e1rio ou o seu c\u00f4njuge ou companheiro; o respons\u00e1vel financeiro ser c\u00f4njuge ou companheiro do titular ou do locat\u00e1rio do im\u00f3vel.<\/p>\n\n\n\n<p>A solicita\u00e7\u00e3o deve ser apresentada pelo consumidor nos postos ou canais virtuais de atendimento, mediante protocolo pr\u00f3prio, acompanhado de documentos que demonstrem a regularidade da modifica\u00e7\u00e3o. O pedido deve ser atendido de imediato quando presencial e em at\u00e9 dez dias quando feito remotamente.<\/p>\n\n\n\n<p>O indeferimento deve ser expresso, documentado e devidamente motivado, prevendo uma op\u00e7\u00e3o de recurso administrativo, em prazo razo\u00e1vel, para uma inst\u00e2ncia superior.<\/p>\n\n\n\n<p>A Lei, publicada no Di\u00e1rio Oficial do DF desta quarta-feira (18), prev\u00ea aplica\u00e7\u00e3o de multa em caso de descumprimento por parte das prestadoras de servi\u00e7o, aplic\u00e1vel pelos \u00f3rg\u00e3os e entidades de defesa do consumidor, na forma do que dispuser o C\u00f3digo de Defesa do Consumidor.<\/p>\n\n\n\n<p><strong>Mario Espinheira &#8211; Ag\u00eancia CLDF<\/strong><\/p>\n","protected":false},"excerpt":{"rendered":"<p>Foto: Ag\u00eancia Brasil Entrou em vigor nesta quarta-feira (18) a Lei 7.136\/2022, que garante ao consumidor do DF o direito de modifica\u00e7\u00e3o dos dados de identifica\u00e7\u00e3o do respons\u00e1vel pelo pagamento das faturas de servi\u00e7os de \u00e1gua e energia el\u00e9trica. De acordo com o autor da proposta, deputado Professor Reginaldo Veras (PDT), al\u00e9m de permitir a [&hellip;]<\/p>\n","protected":false},"author":1,"featured_media":0,"comment_status":"open","ping_status":"open","sticky":false,"template":"","format":"standard","meta":{"footnotes":""},"categories":[],"tags":[],"class_list":["post-5650","post","type-post","status-publish","format-standard","hentry"],"_links":{"self":[{"href":"https:\/\/aguaslindasnoticias.com.br\/index.php\/wp-json\/wp\/v2\/posts\/5650","targetHints":{"allow":["GET"]}}],"collection":[{"href":"https:\/\/aguaslindasnoticias.com.br\/index.php\/wp-json\/wp\/v2\/posts"}],"about":[{"href":"https:\/\/aguaslindasnoticias.com.br\/index.php\/wp-json\/wp\/v2\/types\/post"}],"author":[{"embeddable":true,"href":"https:\/\/aguaslindasnoticias.com.br\/index.php\/wp-json\/wp\/v2\/users\/1"}],"replies":[{"embeddable":true,"href":"https:\/\/aguaslindasnoticias.com.br\/index.php\/wp-json\/wp\/v2\/comments?post=5650"}],"version-history":[{"count":0,"href":"https:\/\/aguaslindasnoticias.com.br\/index.php\/wp-json\/wp\/v2\/posts\/5650\/revisions"}],"wp:attachment":[{"href":"https:\/\/aguaslindasnoticias.com.br\/index.php\/wp-json\/wp\/v2\/media?parent=5650"}],"wp:term":[{"taxonomy":"category","embeddable":true,"href":"https:\/\/aguaslindasnoticias.com.br\/index.php\/wp-json\/wp\/v2\/categories?post=5650"},{"taxonomy":"post_tag","embeddable":true,"href":"https:\/\/aguaslindasnoticias.com.br\/index.php\/wp-json\/wp\/v2\/tags?post=5650"}],"curies":[{"name":"wp","href":"https:\/\/api.w.org\/{rel}","templated":true}]}}