{"id":5648,"date":"2023-01-04T10:14:24","date_gmt":"2023-01-04T13:14:24","guid":{"rendered":"https:\/\/aguaslindasnoticias.com.br\/index.php\/2023\/01\/04\/a-partir-desta-quarta-18-05-festival-de-bonecos-com-grupos-de-varios-paises\/"},"modified":"2023-01-04T10:14:24","modified_gmt":"2023-01-04T13:14:24","slug":"a-partir-desta-quarta-18-05-festival-de-bonecos-com-grupos-de-varios-paises","status":"publish","type":"post","link":"https:\/\/aguaslindasnoticias.com.br\/index.php\/2023\/01\/04\/a-partir-desta-quarta-18-05-festival-de-bonecos-com-grupos-de-varios-paises\/","title":{"rendered":"A partir desta quarta (18-05) , Festival de Bonecos com grupos de v\u00e1rios pa\u00edses"},"content":{"rendered":"\n<figure class=\"wp-block-image size-large\"><img decoding=\"async\" src=\"http:\/\/claricegulyas.com.br\/wp-content\/uploads\/2022\/05\/bonecos-1024x690.png\" alt=\"\" class=\"wp-image-10239\"\/><figcaption>Cr\u00e9dito: Sergio Mercurio<\/figcaption><\/figure>\n\n\n\n<p><em><strong>Dez dias de alegria (18 a 27\/05) com grupos do Distrito Federal, Argentina, Chile, Peru e Uruguai e de mais tr\u00eas regi\u00f5es brasileiras<\/strong><\/em>O riso, o brilho nos olhos e o encanto dos bonecos v\u00e3o abrir suas asas da quarta (18\/05) at\u00e9 a sexta (27\/05), &nbsp;em palcos e hor\u00e1rios variados, no Teatro SESC Paulo Gracindo (Setor de Ind\u00fastria Quadra 2), no Parque do Setor Leste (Parque infantil da Pra\u00e7a do Cine Itapu\u00e3 ) e no Espa\u00e7o Voar (SMA conjunto k lote 5 Gama &#8211; no Pr\u00f3 DF perto do Detran) em algumas escolas p\u00fablicas, pelo 7\u00ba Festival de Bonecos do Gama &#8211; Festineco. Desta vez, ser\u00e3o 11 grupos do DF, cinco de outras unidades da federa\u00e7\u00e3o (GO, PB, RJ, RS E SP) e mais quatro de outros pa\u00edses da Am\u00e9rica do Sul (Argentina,Chile, Peru e Uruguai). Tudo gratuito e aberto a todos os p\u00fablicos., com exce\u00e7\u00e3o do espet\u00e1culo &#8220;Viejos&#8221;,de Sergio Merc\u00fario, cuja classifica\u00e7\u00e3o indicativa \u00e9 14 anos. Este projeto conta com patroc\u00ednio do Fundo de Apoio \u00e0 Cultura do DF (FAC-DF).<strong>Super cortejo de abertura &#8211;&nbsp;<\/strong>A abertura do 7\u00ba FESTINECO ser\u00e1 no dia 18 de maio com desfile de bonecos gigantes, Bateria da Escola de Samba Mocidade do Gama e apresenta\u00e7\u00f5es art\u00edsticas nos hor\u00e1rios de 10h e 15h. Neste ano o tradicional FESTINECO se une novamente \u00e0 causa social do combate \u00e0 explora\u00e7\u00e3o sexual contra crian\u00e7as e adolescentes.&nbsp; No desfile da abertura faremos um lindo ato p\u00fablico em defesa da inf\u00e2ncia e adolesc\u00eancia com a participa\u00e7\u00e3o e apoio de institui\u00e7\u00f5es sociais e artistas. Os desfiles ter\u00e3o concentra\u00e7\u00f5es \u00e0s 10h e 15h em frente \u00e0 Escola Classe 06 (EQ 09\/19 \u00c1rea Especial Setor Oeste) e seguir\u00e1 para o coreto da pra\u00e7a para cerim\u00f4nia de abertura e apresenta\u00e7\u00f5es art\u00edsticas de abertura do evento.<br>O coordenador do Festival, Marco Augusto de Rezende, fala que o Festineco possibilita a participa\u00e7\u00e3o de escolas p\u00fablicas e institui\u00e7\u00f5es que trabalham com crian\u00e7as em situa\u00e7\u00e3o de vulnerabilidade social. Segundo ele, O FESTINECO foi idealizado em fun\u00e7\u00e3o da voca\u00e7\u00e3o cultural da cidade do Gama -que possui v\u00e1rios grupos que trabalham e pesquisam o Teatro de Anima\u00e7\u00e3o- e &nbsp;contar com representatividade local, regional, nacional e internacional. A programa\u00e7\u00e3o priorizou espet\u00e1culos in\u00e9ditos no evento.<\/p>\n\n\n\n<p>&#8220;Ser\u00e3o 20 apresenta\u00e7\u00f5es de apresenta\u00e7\u00f5es de teatro de bonecos em espa\u00e7os culturais, escolas da rede p\u00fablica, teatros e ruas. Nesta &nbsp;edi\u00e7\u00e3o, como sempre, fizemos um chamamento e as inscri\u00e7\u00f5es de grupos no processo de sele\u00e7\u00e3o, foram analisadas por profissionais de not\u00f3rio saber na \u00e1rea de teatro de bonecos e profissionais que trabalham na Cia Voar Teatro de Bonecos. O processo inscri\u00e7\u00e3o e sele\u00e7\u00e3o de espet\u00e1culos garante a transpar\u00eancia na realiza\u00e7\u00e3o do Festival&#8221;, informa Marco Augusto.<\/p>\n\n\n\n<p><strong>Exposi\u00e7\u00e3o com espet\u00e1culo uruguaio<\/strong>&#8211;&nbsp;No domingo (22\/05), \u00e0s 19h, ser\u00e1 aberta uma exposi\u00e7\u00e3o na sede da Voar Arte para da inf\u00e2ncia e Juventude (SMA conjunto k lote 5 Gama &#8211; no Pr\u00f3 DF perto do Detran). Na sequ\u00eancia, \u00e0s 19h30, a Cia La Pluma (Uruguai)&nbsp;apresentar\u00e1 o espet\u00e1culo&nbsp;&nbsp;&#8220;Alenka y la bruja Baba Yaga&#8221;.&nbsp;<br><strong>Libras e Audiodescri\u00e7\u00e3o&nbsp;<\/strong>&#8211; Todas as apresenta\u00e7\u00f5es contar\u00e3o com recursos de acessibilidade, com int\u00e9rpretes em LIBRAS e audiodescri\u00e7\u00e3o (estar\u00e3o dispon\u00edveis os equipamentos, bastando apenas solicitar).<\/p>\n\n\n\n<p><strong>Programa\u00e7\u00e3o FESTINECO 2022<\/strong><\/p>\n\n\n\n<figure class=\"wp-block-table\"><table><tbody><tr><td><a><strong>Dia 18 de Maio (Quarta)<\/strong><\/a><\/td><\/tr><\/tbody><\/table><\/figure>\n\n\n\n<p>Desfiles de abertura \u00e0s 10h e 15h em frente \u00e0&nbsp;<strong><em>Escola classe 06 Setor Oeste<\/em><\/strong><br><br>com a&nbsp;Bateria da Escola de Samba Mocidade do GamaEm outubro de 1985, nasceu a Mocidade Independente do Gama sob a forma de bloco carnavalesco oficializando a primeira entidade carnavalesca genuinamente gamense.&nbsp; A Mocidade do Gama, nasceu com quadra de ensaio, sob as cores da sua hom\u00f4nima, a Mocidade Independente de Padre Miguel-RJ, famosa verde-branco.&nbsp;<\/p>\n\n\n\n<p>10h \u2013 \u201cCallejeros\u201d \u2013&nbsp;<strong>Teatro e Marionetas MicroBio (Chile)<\/strong><strong>O grupo &#8211;&nbsp;<\/strong>Em Iquique, cidade do norte do Chile,&nbsp;em 2005, os Bonecos de Corda marcaram o in\u00edcio da jornada de Gabriel Calder\u00f3n, foram e s\u00e3o a principal linguagem expressiva, juntamente com o Teatro F\u00edsico e o Circo que somam a esta proposta de nuances c\u00eanicas e identidade. N\u00e3o mais sozinho, acompanhado por seus bonecos, ele desde ent\u00e3o virou &#8220;n\u00f3s&#8221;. O grupo j\u00e1 se apresentou na Argentina, Bol\u00edvia, M\u00e9xico, Uruguai, Brasil, Portugal, Espanha, Fran\u00e7a, Alemanha, Marrocos, Dinamarca, Su\u00e9cia, Rom\u00eania, Eslov\u00eania, entre outros.&nbsp;<\/p>\n\n\n\n<p><strong>&#8220;Callejeros\u201d<\/strong>&nbsp;&#8211; Show musical de &nbsp;bonecos de fios, artistas mambembes que tentam conquistar seu p\u00fablico para viver em sua arte. Intera\u00e7\u00e3o com o p\u00fablico e com o animador de bonecos. Livre para todas as idades.<br><strong>Link de v\u00eddeo<\/strong>:&nbsp;<a href=\"https:\/\/www.youtube.com\/watch?v=gOYYvx-EPoQ\" target=\"_blank\" rel=\"noreferrer noopener\">https:\/\/www.youtube.com\/watch?v=gOYYvx-EPoQ<\/a><\/p>\n\n\n\n<p>\u201cO Varal de Bonecos\u201d &#8211;&nbsp;<strong>Bagagem Cia de Bonecos (DF)<\/strong><\/p>\n\n\n\n<p><strong>O grupo<\/strong>&#8211; Fundado em 1983, tem a proposta de pesquisa do teatro de bonecos, montagem de espet\u00e1culos e gest\u00e3o cultural. A trupe montou seu repert\u00f3rio baseado em pesquisas nas diversas vertentes no teatro de bonecos. Assim, surgiram diversos espet\u00e1culos, s\u00e9ries para TV e v\u00eddeos, nas diversas vertentes da linguagem, como fantoches, marionetes, bonecos de balc\u00e3o, bonecos habit\u00e1veis, entre outros, al\u00e9m da participa\u00e7\u00e3o em muitos encontros e festivais de teatro regional e nacional e apresentou em 11 estados brasileiros.<\/p>\n\n\n\n<p><strong>&#8220;O Varal de Bonecos\u201d&nbsp;<\/strong>&nbsp;&#8211;&nbsp;A Hist\u00f3ria narra as desventuras da menina Chiquinha que \u00e9 furtada e em seu socorro chama a pol\u00edcia. O efetivo policial local \u00e9 formado pelo Sargento, pai de Chiquinha e o Cabo. Para a grande empreitada de capturar o malfeitor, os dois se preparam taticamente e usam at\u00e9 uma arma secreta. O Padre traz uma \u201cben\u00e7\u00e3o\u201d especial. Muita brincadeira e correria, com o melhor do teatro popular. A pe\u00e7a foi omontada em 1986.<\/p>\n\n\n\n<p><strong>Link de v\u00eddeo<\/strong>:<a href=\"https:\/\/www.youtube.com\/watch?v=F4BOD4KFATY&amp;t=22s\" target=\"_blank\" rel=\"noreferrer noopener\">https:\/\/www.youtube.com\/watch?v=F4BOD4KFATY&amp;t=22s<\/a><\/p>\n\n\n\n<p>15h \u2013 \u201cCallejeros\u201d \u2013&nbsp;<strong>Teatro e Marionetas MicroBio (Chile)&nbsp;<\/strong><\/p>\n\n\n\n<p>&nbsp;&nbsp;&nbsp;&nbsp;&nbsp;&nbsp;&nbsp;&nbsp;&nbsp;&nbsp;&#8220;As Aventuras de Baltazar no Reino dos Mamulengos&#8221; &#8211;&nbsp;<strong>Mamulengo sem Fronteiras (DF)<\/strong>A fam\u00edlia&nbsp;<strong>Mamulengo Sem Fronteiras<\/strong>&nbsp;se uniu para brincar em 1996. Foi nesse ano, na cidade de Taguatinga (DF), que o bonequeiro Walter Cedro iniciou- se na tradi\u00e7\u00e3o do teatro popular de bonecos do Nordeste, pelas m\u00e3os do brincante Chico Sim\u00f5es, do Mamulengo Presepada. S\u00e3o mais de duas d\u00e9cadas de pesquisa sobre as brincadeiras populares, em intera\u00e7\u00e3o com as novas formas de fazer mamulengo, como viv\u00eancias e estudos compartilhados em apresenta\u00e7\u00f5es, oficinas de arte-educa\u00e7\u00e3o, projetos culturais e ambientais; al\u00e9m dos giros em festivais pelo Brasil, Europa e Am\u00e9rica do Sul. O Mamulengo sem Fronteiras \u00e9 formado pelos irm\u00e3os Walter Cedro, Rosimar Cedro e Wagner Nascimento, com o refor\u00e7o dos amigos Keijin do Acordeon, Beir\u00e3o Neves e Mirella Dias, entre outras parcerias que v\u00e3o surgindo na estrada. Em comunh\u00e3o e de peito aberto, o grupo reaviva suas brincadeiras, sempre e em constante transforma\u00e7\u00e3o, interagindo est\u00e9tica e elementos hist\u00f3ricos de um teatro universal, como \u00e9 o mamulengo, com forte influ\u00eancia das culturas afroind\u00edgenas e resqu\u00edcios da Comm\u00e9dia Dell&#8217; Arte.<br><strong>As Aventuras de Baltazar no Reino dos Mamulengos&nbsp;<\/strong>\u00e9 um espet\u00e1culo de teatro de mamulengo que conta a hist\u00f3ria de um rapaz valente, que viaja de sua terra natal, na \u00c1frica, para conhecer uma mo\u00e7a bonita que mora em S\u00e3o Saru\u00ea. Baltazar faz a viagem juntamente com seu cachorro Tubar\u00e3o. Juntos, eles lutam com v\u00e1rios bichos do al\u00e9m para, ent\u00e3o, casar- se com sua amada e voltar para sua terra. O espet\u00e1culo aborda as manifesta\u00e7\u00f5es mais tradicionais da cultura popular brasileira, sobretudo a nordestina. Os personagens falam sobre a imagina\u00e7\u00e3o e brincadeiras populares, sobre a quest\u00e3o racial e sobre a for\u00e7a da uni\u00e3o do amor.Link do v\u00eddeo:<a href=\"https:\/\/www.youtube.com\/watch?v=zIpIdo45C4E\" target=\"_blank\" rel=\"noreferrer noopener\">&nbsp;https:\/\/www.youtube.com\/watch?v=zIpIdo45C4E<\/a><\/p>\n\n\n\n<p>20h &#8211;&nbsp;<strong><em>Teatro SESC Paulo Gracindo<\/em><\/strong>&nbsp;<\/p>\n\n\n\n<p>&#8220;El panadero y el diablo&#8221; &#8211; Isadora Plateroti (Argentina)<strong>Isadora Plateroti&nbsp;<\/strong>integra a Compa\u00f1\u00eda de Teatro de T\u00edteres Saltimbanquis. Arquiteta, artista pl\u00e1stica, bonequeira formada pelo Teatro General San Mart\u00edn de Buenos Aires.<br>&#8220;<strong>El Panadero y el Diablo&#8221; &#8211;<\/strong>&nbsp; Adapta\u00e7\u00e3o da obra cl\u00e1ssica de Javier Villafa\u00f1e. Pedro o padeiro, \u00e9 um personagem trabalhador, generoso e simp\u00e1tico disposto a compartilhar com seus vizinhos o p\u00e3o que amassa todos os dias com muito amor, encontrando-se inesperadamente na padaria com o diabo Pablo, ser ego\u00edsta, vaidoso e ambicioso que deseja obter, sem esfor\u00e7o e com amea\u00e7as, todo o p\u00e3o para ele. O diabo tem o poder de suas tr\u00eas caudas: Amarela, Vermelha e Azul, mas tamb\u00e9m um segredo: &#8220;Ele n\u00e3o pode fazer nada se n\u00e3o tiver cauda&#8221;. Com jogos, risadas, m\u00fasicas e muitas persegui\u00e7\u00f5es, vamos juntar as m\u00e3os e &#8220;Para o inferno com o p\u00e3o, vamos fazer dar certo&#8221;.<br>Link do v\u00eddeo &#8211;&nbsp;<a href=\"https:\/\/www.youtube.com\/watch?v=8suOYMZhz1M\" target=\"_blank\" rel=\"noreferrer noopener\">https:\/\/www.youtube.com\/watch?v=8suOYMZhz1M<\/a><\/p>\n\n\n\n<figure class=\"wp-block-table\"><table><tbody><tr><td><strong>Dia 19 de Maio (Quinta)<\/strong><\/td><\/tr><\/tbody><\/table><\/figure>\n\n\n\n<p><strong><em>Escola Classe 17 do Gama<\/em><\/strong><\/p>\n\n\n\n<p>11h \u2013 \u201cCallejeros\u201d \u2013&nbsp;<strong>Teatro e Marionetas MicroBio (Chile)<\/strong><br>&nbsp;&nbsp;&nbsp;&nbsp;&nbsp;&nbsp;&nbsp;&nbsp;&nbsp;<br><br>14h \u2013 \u201cCallejeros\u201d \u2013&nbsp;<strong>Teatro e Marionetas MicroBio (Chile)<\/strong><br><\/p>\n\n\n\n<figure class=\"wp-block-table\"><table><tbody><tr><td><strong>Dia 20 de Maio (SEXTA)<\/strong><\/td><\/tr><\/tbody><\/table><\/figure>\n\n\n\n<p><strong><em>Teatro SESC Paulo Gracindo<\/em><\/strong>&nbsp;<br><\/p>\n\n\n\n<p>20h &#8211;&nbsp;&#8220;Maria Bonita flor de Mandacaru&#8221; &#8211;&nbsp;<strong>Teatro do Maleiro (GO)<\/strong><strong>A Cia Teatro do Maleiro<\/strong>&nbsp;surge a partir de um projeto de vida do ator e manipulador \u201cMarcos Marrom\u201d, que inicia seu trabalho de pesquisa em 2005.<\/p>\n\n\n\n<p>&#8220;<strong>Maria Bonita Flor de Mandacaru&#8221;<\/strong>&nbsp;\u00e9 um espet\u00e1culo de bonecos de luva que aborda uma parte pouco explorada da vida de Virgulino Ferreira da Silva (Lampi\u00e3o), o rei do Canga\u00e7o, retratando seu encontro com a mulher que tornou-se sua musa e companheira, Maria Gomes de Oliveira (Maria Bonita). Tendo o sert\u00e3o como contexto, Maria Bonita se lan\u00e7a numa \u00e9pica aventura que a coloca frente-a-frente com a morte, e somente Lampi\u00e3o &#8211; como numa armadilha do destino, poderia salv\u00e1-la. No decorrer dessa jornada surgem diversos personagens, apimentando ainda mais essa hist\u00f3ria que mistura fic\u00e7\u00e3o e realidade, combinando divers\u00e3o, aventura e romance.<\/p>\n\n\n\n<figure class=\"wp-block-table\"><table><tbody><tr><td><a><strong>Dia 21 de Maio (S\u00c1BADO)<\/strong><\/a><\/td><\/tr><\/tbody><\/table><\/figure>\n\n\n\n<p><strong>Teatro SESC Paulo Gracindo<\/strong>&nbsp;<br><br>19h &#8211;&nbsp;&nbsp;<strong><em>Hall de Entrada<\/em><\/strong>&nbsp;&#8211; (Teatro Lambe-lambe) &#8220;O Grande Pequeno Circo&#8221;,&nbsp;&nbsp;<strong>Grupo Depois do Ensaio (RJ)<\/strong>&nbsp;<\/p>\n\n\n\n<p><strong>O grupo \u201cDepois do Ensaio\u201d&nbsp;<\/strong>foi formado em 2012 por artistas de v\u00e1rias regi\u00f5es do Rio de Janeiro que pretendem a democratiza\u00e7\u00e3o e circula\u00e7\u00e3o da arte teatral por v\u00e1rios espa\u00e7os fora das localidades de mais privil\u00e9gio. J\u00e1 percorreu v\u00e1rios estados do Brasil com seus trabalhos, conquistando diversos pr\u00eamios e indica\u00e7\u00f5es em festivais. Tamb\u00e9m participou do Programa da Shell &#8220;Iniciativa Jovem-Conex\u00f5es&#8221;, recebendo o selo de &#8220;Empreendimento Sustent\u00e1vel &#8220;, justamente pelo impacto de sua a\u00e7\u00e3o social em diversas camadas da sociedade. Atualmente formado por Gaia Patr\u00edcia, Fabr\u00edcio Neri, Tammy Caroline e Thales Sauvo, pesquisam o Teatro de Formas Animadas.. O grupo tamb\u00e9m \u00e9 idealizador, produtor e curador, junto a Cia. Ih, Contei! do Anima Pra\u00e7a-Festival de Teatro de Formas Animadas, al\u00e9m de realizar oficinas e Mostras de Teatro Lambe-lambe em diversos espa\u00e7os.<\/p>\n\n\n\n<p><strong>&#8220;O Grande Pequeno Circo&#8221;<\/strong>&nbsp;&#8211;&nbsp;No tablado, Bafona trauteia, seu p\u00fablico pressume, mas nem tudo deve ser julgado a primeira vista.<\/p>\n\n\n\n<p>Link:&nbsp;<a href=\"https:\/\/www.youtube.com\/watch?v=6zHteJHx3Ts\" target=\"_blank\" rel=\"noreferrer noopener\">https:\/\/www.youtube.com\/watch?v=6zHteJHx3Ts<\/a><\/p>\n\n\n\n<p>&nbsp; &nbsp; &nbsp; &nbsp; &nbsp;&nbsp;&nbsp;<strong><em>Hall de Entrada<\/em><\/strong>&nbsp;&#8211; (Teatro Lambe-lambe)&nbsp;&nbsp;&#8211;&nbsp; &#8220;Trilogia Enquanto Houver Amor Eu Me Transformo&#8221;,&nbsp;&nbsp;<strong>As Caixeiras Cia. de Bonecas (DF)<\/strong><strong>As Caixeiras Cia. de Bonecos,&nbsp;<\/strong>de Bras\u00edlia, \u00e9 o primeiro grupo de Teatro Lambe-lambe da cidade que desde 2007 pesquisa e cria espet\u00e1culos nesse estilo teatral. Al\u00e9m disso, aprofunda-se na pratica criativa do Teatro de Formas Animadas na constru\u00e7\u00e3o de espet\u00e1culos e oficinas.<\/p>\n\n\n\n<p><strong>A trilogia Enquanto Houver Amor Eu Me Transformo<\/strong>&nbsp;\u00e9 uma interven\u00e7\u00e3o c\u00eanica feita com espet\u00e1culos de Teatro Lambe-lambe. Cada pe\u00e7a \u00e9 apresentada dentro de uma pequena casa de espet\u00e1culos (caixas c\u00eanicas) para um espectador por vez.<br>Cada caixa c\u00eanica traz um pequeno espet\u00e1culo sobre a tem\u00e1tica das poss\u00edveis transforma\u00e7\u00f5es que os seres humanos podem realizar a partir do amor. Em tempo duros e sombrios lan\u00e7ar m\u00e3o da po\u00e9tica, da sensibilidade e do amor \u00e9 uma semente de esperan\u00e7a e resist\u00eancia para a sobreviv\u00eancia de nossa humanidade e das poss\u00edveis rela\u00e7\u00f5es que se podem estabelecer a partir do afeto, da escuta, da liberdade e do respeito consigo e com os outros. Nessa trilogia cada artista escolheu uma inquieta\u00e7\u00e3o, um mote pessoal para desenvolver e criar o espet\u00e1culo. Sendo assim a trilogia conta com os espet\u00e1culos: Revoar, Amor de C\u00e3o e Amor, t\u00edtulo provis\u00f3rio inalter\u00e1vel. Revoar apresenta uma mulher carregada de ru\u00eddos externos e internos que a fazem chegar ao limite e cair para dentro de si mesma, para seu sil\u00eancio interior, e ent\u00e3o se transformar. T\u00e9cnicas: Bonecos de manipula\u00e7\u00e3o direta e sombra Amor de C\u00e3o apresenta a rela\u00e7\u00e3o de afeto entre uma velinha e um cachorro, transformando a vida de cada um. T\u00e9cnica: Bonecos de manipula\u00e7\u00e3o direta. Amor, t\u00edtulo provis\u00f3rio inalter\u00e1vel conta a hist\u00f3ria de um casal atrav\u00e9s de diferentes momentos e eventos, e as transforma\u00e7\u00f5es que ocorrem nessa linha do tempo. Espet\u00e1culo de Objetos. A trilogia foi criada em 2021 e apresentada somente de forma virtual.<\/p>\n\n\n\n<p>Link do v\u00eddeo:&nbsp;<a href=\"https:\/\/www.youtube.com\/watch?v=yqA5xU4OZyo&amp;list=PLSUfAyCp1M027KgtSrezffb6tz3-o7-zN&amp;index=2\" target=\"_blank\" rel=\"noreferrer noopener\">https:\/\/www.youtube.com\/watch?v=yqA5xU4OZyo&amp;list=PLSUfAyCp1M027KgtSrezffb6tz3-o7-zN&amp;index=2<\/a><\/p>\n\n\n\n<p>20h &#8211;&nbsp;<strong><em>Teatro &nbsp;<\/em><\/strong>&#8211; &#8220;Velhos&#8221;,&nbsp;<strong>Sergio Mercurio (AR) &#8211; Classifica\u00e7\u00e3o indicativa- 14 anos<\/strong>O bonequeiro argentino&nbsp;<strong>Sergio Mercurio<\/strong>, El Titiritero de Banfield, como \u00e9 conhecido, trabalha, desde 1992, &nbsp;na atividade art\u00edstica como ator, bonequeiro, diretor de cinema e teatro, escritor e docente. Multifacetado, o artista lida com cinema, teatro, literatura e forma\u00e7\u00e3o de pessoas com \u00eanfase na atividade criativa.<\/p>\n\n\n\n<p><strong>Viejos&nbsp;<\/strong>\u00e9 o primeiro espet\u00e1culo da trilogia sobre a velhice. Os 8 personagens s\u00e3o bonecos de v\u00e1rias t\u00e9cnicas e tamanhos. De personagens maiores que uma pessoa a bonecos manipulados com o p\u00e9. Esses velhos aqui reunidos, personagens idosos, mostram-se como s\u00e3o, n\u00e3o t\u00eam escr\u00fapulos, resistiram ao tempo \u00e0 sua maneira. Eles s\u00e3o capazes de coisas que eu sinto: extraordin\u00e1rias. S\u00e3o velhos que est\u00e3o aqui e ali. \u00c9 f\u00e1cil encontr\u00e1-los, talvez um dia seremos n\u00f3s mesmos. Na Argentina, desde crian\u00e7as, chamamos nossa m\u00e3e de \u201cVieja\u201d. Os pais brincam com isso dizendo que os ofende, argumentando que os trapos s\u00e3o velhos, mas eles gostam porque sabem que aquela express\u00e3o de desprezo \u00e9 cheia de ternura. Eles sabem disso pelo tango.<br><strong>Link<\/strong>:&nbsp;<a href=\"https:\/\/www.youtube.com\/watch?v=HoWKYNNFPP0&amp;t=31s\" target=\"_blank\" rel=\"noreferrer noopener\">https:\/\/www.youtube.com\/watch?v=HoWKYNNFPP0&amp;t=31s<\/a><\/p>\n\n\n\n<figure class=\"wp-block-table\"><table><tbody><tr><td><strong>Dia 22 de Maio (DOMINGO)<\/strong><\/td><\/tr><\/tbody><\/table><\/figure>\n\n\n\n<p><strong><em>Parque do Setor Leste<br><br><\/em><\/strong>15h \u2013 \u201cOs Meninos Verdes\u201d \u2013&nbsp;<strong>Voar Teatro de Bonecos (DF)<\/strong><strong>Voar Teatro de Bonecos<\/strong>,&nbsp;grupo radicado no Gama-DF, foi fundada em 2003 pelo bonequeiro Marco Augusto, que encabe\u00e7a at\u00e9 hoje o elenco. Em 2012, com nove anos de trabalho, eles conseguiram conquistar a honra de ter se apresentado em todos os estados brasileiros, muitas dessas apresenta\u00e7\u00f5es com este texto, \u201cOs Meninos Verdes\u201d, que foi do Amazonas ao Rio grande do Sul. Tamb\u00e9m colecionam apresenta\u00e7\u00f5es em pa\u00edses como Espanha, Chile e M\u00e9xico. Nos palcos, s\u00e3o conhecidos por adaptar textos cl\u00e1ssicos para apresenta\u00e7\u00f5es de bonecos, como \u201cO menino maluquinho\u201d e \u201cJo\u00e3o e o P\u00e9 de Feij\u00e3o\u201d. Al\u00e9m de atuar com teatro de bonecos, o grupo tamb\u00e9m se especializou na gest\u00e3o da economia criativa, para criar a\u00e7\u00f5es que difundam a diversidade cultural nas periferias e nos grandes centros do Brasil. A trajet\u00f3ria do grupo foi contada no livro O v\u00f4o da imagina\u00e7\u00e3o, de Marcos Linhares.<\/p>\n\n\n\n<p>O grupo adaptou<strong> \u201cOs meninos verdes\u201d<\/strong>, de Cora Coralina, para o palco. A pe\u00e7a conta a hist\u00f3ria de pequenas criaturas verdes que surgem no jardim da ilustre poetisa na cidade de Goi\u00e1s e aproveita para falar um pouco da vida da pr\u00f3pria autora. O elenco traz Marco Augusto, criador da companhia e respons\u00e1vel pela adapta\u00e7\u00e3o do texto, al\u00e9m de Jo\u00e3o Veloso e Alessandra Barros, todos dando vida aos bonecos. Link:<a href=\"https:\/\/www.youtube.com\/watch?v=v5tG2E5aNGs&amp;t=86s\" target=\"_blank\" rel=\"noreferrer noopener\">https:\/\/www.youtube.com\/watch?v=v5tG2E5aNGs&amp;t=86s<\/a><br>15h30 \u2013 \u201cRIP\u201d &nbsp;\u2013 <strong>Cia La Polilla (Peru)<\/strong><br><br>Ruddy Keylor Castillo Rojas, em arte&nbsp;<strong>Ruddy Castillo<\/strong>, \u00e9 bonequeiro,m\u00fasico int\u00e9rprete &nbsp;e produtor musical de trilha sonora para teatro, &nbsp;de nacionalidade peruana, iniciou seus estudos sobre teatro de bonecos na Cidade de Lima no Per\u00fa &nbsp;no ano de 2007. Em 2008,&nbsp; fundou a&nbsp;<strong>CIA de Teatro de bonecos La Polilla<\/strong>&nbsp;apresentando seus espet\u00e1culos em escolas e festivais nacionais. Em 2010, iniciou o projeto &#8220;Los t\u00edteres Transumantes&#8221;&nbsp; se apresentando no Equador, Venezuela e Col\u00f4mbia. Em 2011, mudou-se para o Brasil e na cidade de Paranagu\u00e1 (PR) atua no desenvolvimento de projetos de forma\u00e7\u00e3o atrav\u00e9s de oficinas e produ\u00e7\u00f5es de espet\u00e1culos ministrando aulas no Projeto Manipular juntamente com a Bonequeira L\u00edli Sarraff. Atua desde 2016, como professor de m\u00fasica no conservat\u00f3rio municipal de m\u00fasica de Paranagu\u00e1.<br><strong>\u201cR.I.P\u201d&nbsp;<\/strong>\u00e9 uma historia de fantasia num ambiente de terror protagonizada pela morte que n\u00e3o nos deixa escapar!Link do espet\u00e1culo :<a href=\"https:\/\/youtu.be\/UdXF4dv_lxM\" target=\"_blank\" rel=\"noreferrer noopener\">&nbsp;https:\/\/youtu.be\/UdXF4dv_lxM<\/a><\/p>\n\n\n\n<p>16h \u2013 \u201cLouren\u00e7a\u201d \u2013&nbsp;<strong>Coletivo EntreVazios (DF)<\/strong><strong>EntreVazios<\/strong>&nbsp;\u00e9 um coletivo de artistas com foco em performance, interven\u00e7\u00e3o urbana, instala\u00e7\u00e3o, t\u00e9cnicas experimentais em artes c\u00eanicas e aspectos do design de cena.<br>&#8220;Louren\u00e7a&#8221; &#8211; &nbsp;Mulher de meia idade, poetisa enclausurada em pensamentos solit\u00e1rios, vagueia pelos espa\u00e7os da cidade desfolhando-se em vida. Emaranhada \u00e0s suas mem\u00f3rias, arrasta seus longos anos de experi\u00eancias n\u00e3o vividas e o seu \u00fanico registro de re-exist\u00eancia. Lhe restam poesias! Teria tempo de escut\u00e1-las? LOUREN\u00c7A \u00e9 uma interven\u00e7\u00e3o c\u00eanica que aborda o tema da solid\u00e3o e os conflitos existenciais de uma mulher de meia idade. A boneca arrasta consigo seu caderno de poesias tramado pelas mem\u00f3rias guardadas nos longos fios de cabelos nunca cortados. Sem verbalizar qualquer palavra e acompanhada pelo som da rabeca tocada ao vivo, Louren\u00e7a vagueia pelos espa\u00e7os at\u00e9 o momento em que forma um c\u00edrculo com o pr\u00f3prio cabelo, local em que sente seguran\u00e7a e desfolha suas poesias. O p\u00fablico \u00e9 convidado a recolher as folhas rasgadas do caderno e a ter contato com o universo \u00edntimo de Louren\u00e7a. A interven\u00e7\u00e3o c\u00eanica tem como inspira\u00e7\u00e3o a personagem Gilda do conto \u201cAs tr\u00eas irm\u00e3s\u201d do Mia Couto. Conta com as poesias de Lu\u00eania Guedes do livro \u201cAo encontro do que esqueci de mim\u201d, atua\u00e7\u00e3o de Maysa Carvalho e da musicista Ma\u00edsa Arantes, que acompanha o trajeto trazendo a camada sonora que ambienta o universo intimista de Louren\u00e7a. A interven\u00e7\u00e3o tem in\u00edcio antes da personagem aparecer, pois seus poemas ser\u00e3o distribu\u00eddos no espa\u00e7o de apresenta\u00e7\u00e3o.Link:&nbsp;<a href=\"https:\/\/www.youtube.com\/watch?v=d4Bc7Zsye8k\" target=\"_blank\" rel=\"noreferrer noopener\">https:\/\/www.youtube.com\/watch?v=d4Bc7Zsye8k<\/a><br><strong><em>Espa\u00e7o Voar<\/em><\/strong><\/p>\n\n\n\n<p>19h \u2013 Abertura da Exposi\u00e7\u00e3o de Bonecos&nbsp;<\/p>\n\n\n\n<p>(Sede da Voar- SMA conjunto k lote 5 Gama &#8211; no Pr\u00f3 DF perto do Detran)<\/p>\n\n\n\n<p>19h30 \u2013 &#8220;Alenka y la bruja Baba Yaga&#8221; &#8211;&nbsp;&nbsp;<strong>Cia LA Pluma (Uruguai)<\/strong><strong><em><\/em><\/strong>&nbsp;O&nbsp;<strong>Grupo La Pluma&nbsp;<\/strong>nasceu em 2003&nbsp; com membros de diferentes experi\u00eancias de arte c\u00eanica: atua\u00e7\u00e3o, dire\u00e7\u00e3o e ensino em diferentes grupos de teatro independentes, bem como atividades art\u00edsticas relacionadas a estes. Em 2004 estrearam &#8220;El hombrecillo de papel&#8221; do autor espanhol Fernando Alonso. Este \u00e9 o resultado de pesquisas sobre o uso de diferentes t\u00e9cnicas e a combina\u00e7\u00e3o de linguagens, tornando-se desde ent\u00e3o uma marca caracter\u00edstica do grupo. Girando em torno de um eixo po\u00e9tico em todos os seus espet\u00e1culos e cuidando de uma est\u00e9tica consistente em cada cria\u00e7\u00e3o, o Grupo LaPluma realizou v\u00e1rios espet\u00e1culos, quase todos ativos.&nbsp; H\u00e1 v\u00e1rios anos que trabalha na apresenta\u00e7\u00e3o de livros publicados por diferentes editoras. Nos anos de 2009, 2010, 2012 e 2013, o grupo La Pluma conquistou o pr\u00eamio &#8220;Fondos Concursables&#8221;, pelo qual p\u00f4de percorrer todo o pa\u00eds realizando mais de 120 apresenta\u00e7\u00f5es (shows e oficinas) em escolas p\u00fablicas do interior. Em 2011 obtiveram o pr\u00eamio Montevid\u00e9u Ciudad Teatral, percorrendo bibliotecas p\u00fablicas com entrada gratuita.<br><strong>Alenka y la bruja Baba Yaga \u00e9<\/strong>&nbsp;inspirado no conto popular russo hom\u00f4nimo. Alenka deve ajudar sua m\u00e3e doente. Para isso, ele deve atravessar a floresta onde vive a assustadora bruxa Baba Yaga, em sua casa com p\u00e9s de galinha. Ela ser\u00e1 capaz de escapar de todos os ajudantes e da pr\u00f3pria bruxa? Um show envolvente, cheio de humor e beleza visual.&nbsp;Link:&nbsp;<a href=\"https:\/\/www.youtube.com\/watch?v=Z0m9FSKIutU&amp;feature=emb_logo\" target=\"_blank\" rel=\"noreferrer noopener\">https:\/\/www.youtube.com\/watch?v=Z0m9FSKIutU&amp;feature=emb_logo<\/a><\/p>\n\n\n\n<figure class=\"wp-block-table\"><table><tbody><tr><td><strong>Dia 23 de Maio (SEGUNDA)<\/strong><\/td><\/tr><\/tbody><\/table><\/figure>\n\n\n\n<p><strong><em>Escola Classe 12 do Gama<\/em><\/strong><\/p>\n\n\n\n<p>11h \u2013 \u201cColcha de Retalhos\u201d \u2013&nbsp;<strong>Cia Boca de Cena (PB)<\/strong><br>A&nbsp;<strong>Cia Boca de Cena<\/strong>&nbsp;especializou-se na pesquisa com teatro de bonecos no estado da Para\u00edba. H\u00e1 quase duas d\u00e9cadas desenvolve projetos e a\u00e7\u00f5es voltadas para o incentivo e reconhecimento dessa arte popular como um bem cultural, unindo o contempor\u00e2neo e a tradi\u00e7\u00e3o com o prop\u00f3sito de estimular a dinamicidade de um processo de preserva\u00e7\u00e3o do teatro de bonecos popular atrav\u00e9s de novas tecnologias.<br>Neste trabalho, o grupo &nbsp;reuniu algumas das mais conhecidas linguagens e t\u00e9cnicas do Teatro de Bonecos, e costurou um enorme \u201c<strong>Colcha de retalhos\u201d.&nbsp;<\/strong>Este espet\u00e1culo encanta crian\u00e7as jovens e adultos, funcionando como um mostra de \u201ccurtas\u201d onde s\u00e3o apresentados de uma s\u00f3 vez, tr\u00eas espet\u00e1culos com dura\u00e7\u00e3o m\u00e9dia de 15 minutos cada. O Primeiro retalho conta a hist\u00f3ria de \u201cCabelinho Vermelho e O Coelho Veloz\u201d, uma incr\u00edvel e bem humorada adapta\u00e7\u00e3o do cl\u00e1ssico Chapeuzinho Vermelho, recheado com uma boa dose de cultura nordestina. No Segundo Retalho &#8221; O sumi\u00e7o do rabo do Tot\u00f3&#8221;, o Tot\u00f3 \u00e9 um cachorro amestrado inteligent\u00edssimo, ele possui um rabo bem temperamental, toda vez que ele fica feliz e balan\u00e7a-o, a confus\u00e3o est\u00e1 formada. O Terceiro e \u00faltimo Retalho explora, um pouco mais, a linguagem dos bonecos de varas. A fabulosa trama \u201cRomance em verde e rosa\u201d, se transformou no espet\u00e1culo mais pedido pelo nosso p\u00fablico.<br>A \u201cMinhoquica\u201d est\u00e1 \u00e0 procura da sua cara metade. Com todo seu charme, suas curvas e seu ritmo caliente, esta simp\u00e1tica e irreverente figura acaba conquistado o cora\u00e7\u00e3o de uma lagarta muito louca, da\u00ed pra frente \u00e9 uma mistura de sons, cores, ritmos e muita azara\u00e7\u00e3o. O p\u00fablico \u00e9 a pe\u00e7a chave no desenrolar desta divertida hist\u00f3ria que encanta crian\u00e7as e adultos.Link do v\u00eddeo:&nbsp;<a href=\"https:\/\/www.youtube.com\/watch?v=Jg9--wwLpT0\" target=\"_blank\" rel=\"noreferrer noopener\">https:\/\/www.youtube.com\/watch?v=Jg9&#8211;wwLpT0<\/a><\/p>\n\n\n\n<p>14h \u2013 &#8220;Benedito, aben\u00e7oado e Bendizido&#8221; \u2013&nbsp;<strong>Mamulengo Fuzu\u00ea (DF)<\/strong>O&nbsp;<strong>Mamulengo Fuzu\u00ea<\/strong>&nbsp;\u00e9 palha\u00e7o na rua, \u00e9 teatro popular que busca celebrar a arte e despertar a transforma\u00e7\u00e3o social a partir da pesquisa, da experimenta\u00e7\u00e3o e da conviv\u00eancia com mestres e mestras da cultura popular brasileira. O parto do grupo aconteceu em 2007, a partir das viv\u00eancias do brincante Ceilandense &nbsp;Thiago &nbsp;Francisco no Ponto de Cultura Inven\u00e7\u00e3o Brasileira. Desde l\u00e1, o cortejo segue Brasil adentro e mundo afora, com as bases firmadas na mem\u00f3ria e identidade, na conviv\u00eancia comunit\u00e1ria e na celebra\u00e7\u00e3o da vida e da tradi\u00e7\u00e3o &nbsp;mamulengueira. O grupo realiza apresenta\u00e7\u00f5es teatrais, oficinas, mostras e encontros ligados ao brincar e aos saberes e fazeres da cultura popular.<strong>Benedito Aben\u00e7oado e Bendizido<\/strong>&nbsp;&#8211; Benedito e Rosinha vivem uma hist\u00f3ria de amor e luta por trabalho e justi\u00e7a. Enfrentando os desmandos do Capit\u00e3o Jo\u00e3o Redondo, que tudo quer comprar e dominar com seu dinheiro e poder, Rosinha, Benedito e o Boizinho Fuzarca lan\u00e7am m\u00e3o de muita esperteza para fugir de perigos representados pela fant\u00e1stica Cobra Anaconda. Os personagens dessa brincadeira convidam o p\u00fablico a um singelo e alegre passeio pelo imagin\u00e1rio popular brasileiro. Palha\u00e7o da Vit\u00f3ria, Janeiro, Cabo Z\u00e9 Setenta, V\u00f4 Benza\u2026 Cada um entra em cena ao sabor do improviso e da intera\u00e7\u00e3o com o p\u00fablico, guiados por can\u00e7\u00f5es populares executadas por m\u00fasicos brincantes ou bonecos tocadores.<strong><em>&nbsp;<\/em><\/strong><strong><em>Link:&nbsp;<\/em><\/strong><a href=\"https:\/\/www.youtube.com\/watch?v=JT7wR_xiz5o\" target=\"_blank\" rel=\"noreferrer noopener\">https:\/\/www.youtube.com\/watch?v=JT7wR_xiz5o<\/a><strong><em>&nbsp;<\/em><\/strong><\/p>\n\n\n\n<figure class=\"wp-block-table\"><table><tbody><tr><td><a><strong>Dia 24 de Maio (TER\u00c7A)<\/strong><\/a><\/td><\/tr><\/tbody><\/table><\/figure>\n\n\n\n<p><strong><em>Teatro SESC Paulo Gracindo<\/em><\/strong>&nbsp;<br><br>11h &#8211;&nbsp;&#8220;Iara &#8211; O encanto das \u00e1guas&#8221;&nbsp;\u2013&nbsp;&nbsp;<strong>Cia Lumiato (DF)<\/strong><strong>\u00cfara,&nbsp;o&nbsp;encanto&nbsp;das&nbsp;\u00e1guas<\/strong><strong>&#8221; &#8211;&nbsp;<\/strong>Um \u00cdndio da aldeia sonha com uma mulher sobrenatural. Ao acordar, procura o s\u00e1bio Paj\u00e9 para tentar entender quais s\u00e3o os mist\u00e9rios dessa mulher, descobrindo assim a hist\u00f3ria da Iara. No encantamento da sereia brasileira, o protagonista mergulha com ela nas profundezas do seu pr\u00f3prio destino.&nbsp;Inspirado na lenda da Iara e utilizando a linguagem do teatro de sombras contempor\u00e2neo, o espet\u00e1culo busca sensibilizar o p\u00fablico infanto-juvenil sobre os saberes da tradi\u00e7\u00e3o oral dos povos origin\u00e1rios do Brasil.<br><strong>Cia. Lumiato<\/strong><br>A companhia \u00e9 criada no ano de 2008 com o nome de: Cia. La Chirimoya, por Thiago Bresani e Soledad Garcia durante sua forma\u00e7\u00e3o como bonequeiros, em Buenos Aires. O repert\u00f3rio da companhia foi constitu\u00eddo por dois espet\u00e1culos, um de mamulengo e outro de luvas francesa com os que participaram de v\u00e1rios festivais na Argentina e no Brasil. No ano de 2010 finalizam seus estudos da Diplomatura em Teatro de T\u00edteres e Objetos na Universidade de San Martin na Argentina e se mudam para Bras\u00edlia no inicio de 2012 aprovando um projeto montagem de espet\u00e1culo no Fundo de Apoio a Cultura de Bras\u00edlia (FAC\/GDF) no final desse ano. Com o objetivo de pesquisar, explorar e difundir o Teatro de Sombras no centro-oeste do Brasil decidem mudar o nome para Cia Lumiato teatro de formas animadas. A primeira montagem em teatro de sombras \u00e9 \u201cIara o encanto das \u00e1guas\u201d, com dire\u00e7\u00e3o de Alexandre F\u00e1vero da Cia Teatro Lumbra e atua\u00e7\u00e3o dos criadores da Companhia. Hoje a Companhia Lumiato possui tr\u00eas espet\u00e1culos de teatro de formas animadas com os que participa apresentando e ministrando oficinas em espa\u00e7os culturais e festivais.Link:&nbsp;<a href=\"https:\/\/www.youtube.com\/watch?v=5sRxFYgw0y0\" target=\"_blank\" rel=\"noreferrer noopener\">https:\/\/www.youtube.com\/watch?v=5sRxFYgw0y0<\/a><\/p>\n\n\n\n<p><br>16h &#8211;&nbsp;&#8220;Gabinete de Curiosidades&#8221;,&nbsp;<strong>Cia Tumateixa (SP)<\/strong>Sediada em S\u00e3o Paulo, desde 2015, a&nbsp;<strong>Cia Tu Mateixa Marionetes&nbsp;<\/strong>foi fundada em 2014 na cidade de Barcelona, onde a marionetista, palha\u00e7a e atriz J\u00falia Barnab\u00e9 se formou em pedagogia Jacques Lecoq de Teatro F\u00edsico, na escola internacional Estudis Berty Tov\u00edas e aprendeu a construir marionetes de fios na Casa-Taller de Marionetas de Pepe Otal, tradicional ateli\u00ea de pesquisa e cria\u00e7\u00e3o de bonecos. Criada a partir da conflu\u00eancia entre as linguagens de bonecos, teatro f\u00edsico, circo e humor, a Cia. leva o nome catal\u00e3o \u201ctu mateixa\u201d que significa \u201cvoc\u00ea mesma\u201d, j\u00e1 que as marionetes e a cenografia s\u00e3o constru\u00eddas \u00e0 m\u00e3o, em madeira, pela artista, que tamb\u00e9m assina a dramaturgia autoral de seus espet\u00e1culos. Em 2016, a cia. estreia o espet\u00e1culo &#8220;Laia e o Voo da Imagina\u00e7\u00e3o&#8221; e, desde ent\u00e3o, vem circulando por diversos festivais de teatro e circo ao redor do mundo, tendo se apresentado na Fran\u00e7a, Espanha, B\u00e9lgica, Su\u00ed\u00e7a, Portugal, It\u00e1lia, Eslov\u00eania, R\u00fassia, Arg\u00e9lia e Paraguai, al\u00e9m de diversas cidades do Brasil. Em 2019, a Cia. foi contemplada pelo Pr\u00eamio Cleyde Y\u00e1conis da Secretaria Municipal de Cultura de S\u00e3o Paulo com o projeto \u201cAs Pontas do Fio da Vida\u201d, circulando com o espet\u00e1culo &#8220;Laia e o Voo da Imagina\u00e7\u00e3o&#8221; em N\u00facleos de Conviv\u00eancia do Idoso e em bibliotecas p\u00fablicas, realizando oficinas de constru\u00e7\u00e3o de marionetes de fios e manipula\u00e7\u00e3o de bonecos gratuitamente para a popula\u00e7\u00e3o. No mesmo ano, a marionetista argentina Roc\u00edo Walls passou a integrar a Cia. e juntas fundaram o Atelier das Marionetes Viajantes, na cidade de S\u00e3o Paulo, onde constru\u00edram dezenas de marionetes. Al\u00e9m das apresenta\u00e7\u00f5es dos espet\u00e1culos, ministram oficinas de constru\u00e7\u00e3o de marionetes de fios, manipula\u00e7\u00e3o de bonecos, teatro f\u00edsico e palha\u00e7aria, realizam orienta\u00e7\u00e3o e consultoria para projetos culturais e confeccionam marionetes sob encomenda.<\/p>\n\n\n\n<p><strong>\u201cGabinete de Curiosidades\u201d<\/strong>&nbsp;\u00e9 um espet\u00e1culo de marionetes de fios que tem como tem\u00e1tica o tempo, com uma hist\u00f3ria que se passa dentro de um rel\u00f3gio. Diversas personagens vivem o exato instante em que as engrenagens param e a partir disso, coisas muito curiosas passam a acontecer. Criado por J\u00falia Barnab\u00e9 e Roc\u00edo Walls, com dire\u00e7\u00e3o de Carla Candiotto, o espet\u00e1culo convida o p\u00fablico a transitar de formas mirabolantes pela passagem do tempo e, com marionetes constru\u00eddas \u00e0 m\u00e3o pelas artistas, instiga o interesse pelo que \u00e9 feito engenhosamente de forma artesanal. Marionetes-rel\u00f3gios, um mago feiticeiro, uma equilibrista, &nbsp;uma palha\u00e7a de monociclo, uma trapezista e um conjunto de bailarinas, ganham vida atrav\u00e9s das m\u00e3os das marionetistas em cenas c\u00f4micas, circenses e l\u00edricas, se relacionando de maneira real e emocionante, convidando o p\u00fablico a entrar em uma brecha do tempo, onde o extraordin\u00e1rio \u00e9 poss\u00edvel.<\/p>\n\n\n\n<p>Link:&nbsp;<a href=\"https:\/\/www.youtube.com\/watch?v=u61S028mH1A\" target=\"_blank\" rel=\"noreferrer noopener\">https:\/\/www.youtube.com\/watch?v=u61S028mH1A<\/a><\/p>\n\n\n\n<figure class=\"wp-block-table\"><table><tbody><tr><td><strong>Dia 25 de Maio (QUARTA)<\/strong><\/td><\/tr><\/tbody><\/table><\/figure>\n\n\n\n<p><strong><em>Escola Classe 02 do Gama<\/em><\/strong><\/p>\n\n\n\n<p><br>11h \u2013 &#8220;Mamulengo Pilombetagem&#8221; &#8211;&nbsp;<strong>Cia Pilombetagem (DF)<\/strong>Originada em 2004 (na cidade do Gama, DF) e composta por um elenco de quatro artistas, a&nbsp;<strong>Cia. Pilombetagem&nbsp;<\/strong>desenvolve a\u00e7\u00f5es l\u00fadicas de entretenimento e oficinas para o publico em geral, abrangendo diversas faixas et\u00e1rias e classes sociais.Os brincantes da trupe Pilombetagem s\u00e3o incentivadores do circo popular e difusores da nobre arte do palha\u00e7o, al\u00e9m das artes visuais, da m\u00fasica, do teatro e do mamulengo. Ao longo de mais de uma d\u00e9cada de trabalho colaborativo, a trupe tem sido respons\u00e1vel pelo repert\u00f3rio de seus espet\u00e1culos, dentre eles a pe\u00e7a &#8220;Palha\u00e7aria Pilombetagem&#8221;, uma das mais antigas produ\u00e7\u00f5es da companhia. Ao extrair gargalhadas dos mais diversos p\u00fablicos, as apresenta\u00e7\u00f5es da Cia. vem contribuindo como instrumento de forma\u00e7\u00e3o de plateias e de populariza\u00e7\u00e3o da cultura circense Brasil afora, especialmente no Distrito Federal, onde a trupe \u00e9 mais atuante.<\/p>\n\n\n\n<p><strong>&#8220;Mamulengo Pilombetagem&#8221; &#8211;<\/strong>&nbsp;Na brincadeira o palha\u00e7o Canarinho tenta conquistar o cora\u00e7\u00e3o da am\u00e1vel Rosinha do Bole bole e acaba se metendo numa enrascada. Ao tentar amestrar uma cobra perigosa, querendo impressionar sua amada, a cobra escapa e causa um alvoro\u00e7o. Mas no mamulengo sempre podemos contar com o aben\u00e7oado Benedito, o bendito que ao final, salva todos. &#8212;<br><br>Link:&nbsp;<a href=\"https:\/\/www.youtube.com\/watch?v=Tlo4bmmLtXM\" target=\"_blank\" rel=\"noreferrer noopener\">https:\/\/www.youtube.com\/watch?v=Tlo4bmmLtXM<\/a><\/p>\n\n\n\n<p>&nbsp;&nbsp;&nbsp;&nbsp;&nbsp;&nbsp;&nbsp;&nbsp;&nbsp;&nbsp;&nbsp;<br>14 \u2013 &#8220;Na trilha do tesouro&#8221; &#8211;&nbsp;<strong>Oficina de Brincar (DF)<\/strong><strong>&#8220;Na trilha do tesouro&#8221;&nbsp;<\/strong>&#8211; Foi o capit\u00e3o Marinheiro S\u00f3 quem encontrou o mapa do tesouro e disse para sua amada que iria trazer o tesouro para realizar o sonho de se casar com ela, a Berenice. Essa por sua vez, quer o tesouro para realizar o seu sonho tamb\u00e9m, ser a maior Pop Star do mundo. S\u00f3 que aparece um tal pirata Maracutaia, que arma um jeito de pegar o mapa do tesouro e acaba se apaixonando pela Berenice tamb\u00e9m A hist\u00f3ria \u00e9 narrada por uma ajudante do contador de hist\u00f3rias, que ao achar o seu livro preferido \u201cNa trilha do tesouro\u201d resolve contar a hist\u00f3ria para a plateia que, teoricamente, chegou mais cedo. O espet\u00e1culo \u00e9 feito por brincantes, que contam uma hist\u00f3ria de aventura, drama, amor e com\u00e9dia, sem o intuito de ser did\u00e1tico ou ensinar alguma coisa. E sim, trocar experi\u00eancias com o p\u00fablico de forma simples e com muita brincadeira. \u00c9 envolto por uma trilha original e algumas m\u00fasicas executadas ao vivo.<\/p>\n\n\n\n<p>Link:&nbsp;<a href=\"https:\/\/www.youtube.com\/watch?v=EsF66uTzvGY\" target=\"_blank\" rel=\"noreferrer noopener\">https:\/\/www.youtube.com\/watch?v=EsF66uTzvGY<\/a><\/p>\n\n\n\n<figure class=\"wp-block-table\"><table><tbody><tr><td><a><strong>Dia 26 de Maio (QUINTA)<\/strong><\/a><\/td><\/tr><\/tbody><\/table><\/figure>\n\n\n\n<p><strong><em>Escola EJA CED 07 do Gama<\/em><\/strong><\/p>\n\n\n\n<p><br>20h &#8211; Bolha Luminosa &#8211; O marujo e a tempestade &#8211;&nbsp;<strong>Cia Teatro Lumbra (RS)<\/strong>Sediada em Porto Alegre (RS),&nbsp;<strong>a Cia Teatro Lumbra&nbsp;<\/strong>&nbsp;foca na pesquisa, experimenta\u00e7\u00e3o, cria\u00e7\u00e3o e produ\u00e7\u00e3o art\u00edstica em diferentes \u00e1reas da arte.<\/p>\n\n\n\n<p><strong>O Marujo e a Tempestade<\/strong>&nbsp;conta a hist\u00f3ria de um&nbsp;jovem marujo que chega em um porto e conhece uma mo\u00e7a. Os dois se apaixonam. Quando o marujo segue viagem, \u00e9 pego de surpresa por uma tempestade. A mo\u00e7a, pressentindo o perigo, vai ao encontro dele. Para que o amado seja salvo, um mist\u00e9rio dever\u00e1 ser revelado. Como testemunhas, apenas a lua cheia e todo o p\u00fablico convidado.&nbsp;<\/p>\n\n\n\n<p>Link:&nbsp;<a href=\"https:\/\/www.youtube.com\/watch?v=L45IMwuy1YY\" target=\"_blank\" rel=\"noreferrer noopener\">https:\/\/www.youtube.com\/watch?v=L45IMwuy1YY<\/a><\/p>\n\n\n\n<figure class=\"wp-block-table\"><table><tbody><tr><td><strong>Dia 27 de Maio (SEXTA)<\/strong><\/td><\/tr><\/tbody><\/table><\/figure>\n\n\n\n<p><strong><em>Escola Classe 29 do Gama<\/em><\/strong><\/p>\n\n\n\n<p><br>11h \u2013 &#8220;Nas tripas da cobra encantada&#8221; \u2013&nbsp;<strong>Mamulengo Lengo Tengo (DF)<\/strong>Em mar\u00e7o de 2017, Nasce em Ceil\u00e2ndia (DF) a primeira Cia de teatro de bonecos do P Sul, a Mamulengo Lengo Tengo. Capitaneada pelo brincante Thales Gomes, o grupo vem com a proposta de fazer teatro popular de bonecos (mamulengo) e fazer deste o seu of\u00edcio.&nbsp; Hoje o grupo est\u00e1 presente com suas brincadeiras em pra\u00e7as, escolas, universidades e em todo o espa\u00e7o onde a cultura e a alegria se fazem necess\u00e1rias.<strong>&#8220;Nas tripas da cobra encantada&#8221;<\/strong>&nbsp;&nbsp;&#8211; Quando o sertanejo Benedito cai nas garras da tecnologia midi\u00e1tica, ele perde a no\u00e7\u00e3o do perigo que o ronda. O vaqueiro esquece que Jenifer, a cobra do malvado Capit\u00e3o Jo\u00e3o Redondo, anda solta e faminta por a\u00ed&#8230; Ser\u00e1 que Benedito tem ideia que Casimiro Coco, seu filho, est\u00e1 em s\u00e9rios apuros? Benedito contar\u00e1 com ajuda de V\u00e9i Zunga, encantador de cobras, e Dona Olinda, benzedeira, os dois pertencem a comunidades tradicionais, para resgatar seu filho das garras do perigo e, entre rale e role, capoeiras e rezas, estripulias e brincadeiras o Vaqueiro Benedito vence as maldades do Capit\u00e3o Jo\u00e3o Redondo com muitas aventuras e risadas.Link:&nbsp;&nbsp;<a href=\"https:\/\/www.youtube.com\/watch?v=FezouNjqpxI\" target=\"_blank\" rel=\"noreferrer noopener\">https:\/\/www.youtube.com\/watch?v=FezouNjqpxI<\/a><\/p>\n\n\n\n<p>&nbsp; &nbsp; &nbsp; &nbsp; &nbsp; &nbsp;&nbsp;<br>14h \u2013 &#8221;&nbsp;A Peleja do Vaqueiro Benedito Contra o Capit\u00e3o Jo\u00e3o Redondo e A Cobra Madalena&#8221; \u2013&nbsp;<strong>Mamulengo Gratid\u00e3o (DF)<\/strong>A&nbsp;<strong>Mamulengo Gratid\u00e3o<\/strong>&nbsp;\u00e9 uma companhia de teatro focado em cultura popular e atuante nas linhas de bonecaria, cenografia, restaura\u00e7\u00e3o, restaura\u00e7\u00e3o e produ\u00e7\u00e3o teatral e performances. Al\u00e9m disso, desenvolve projetos culturais, sociais e ambientais. Fundado pelo artista Miguel Mariano, natural de Tiangu\u00e1 \u2013 CE, a Mamulengo Gratid\u00e3o tem como miss\u00e3o levar a cultura popular a todas as gera\u00e7\u00f5es, elaborar novos formatos para promo\u00e7\u00e3o do di\u00e1logo, utilizando o boneco enquanto instrumento de express\u00e3o e sentido da arte. Al\u00e9m disso, reinventar o encantamento produzindo cen\u00e1rios, aprimorando a linguagem c\u00eanica interpretado entre a manuten\u00e7\u00e3o da tradi\u00e7\u00e3o mas em busca de novos alicerces na produ\u00e7\u00e3o art\u00edstica. Para isso, legitimar a fun\u00e7\u00e3o social do teatro de bonecos, abordando temas para emocionar e refletir o mundo na atualidade, bem como a fundamenta\u00e7\u00e3o de produtos para colaborar nesta inten\u00e7\u00e3o de encantamento. O espet\u00e1culo da companhia A Peleja do Vaqueiro Benedito Contra o Capit\u00e3o Jo\u00e3o Redondo e a Cobra Madalena j\u00e1 rodou diversos festivais em todo o territ\u00f3rio brasileiro. Nosso sucesso nesta busca \u00e9 revelado por todos os pr\u00eamios e parceiros da caminhada: Pr\u00eamio Mestres da Cultura Popular (DF-2018), parcerias junto a Prefeitura Municipal de Tiangu\u00e1-CE, homenagem do Grupo de Festa Junina Se Bobiar a Gente Pimba (DF). Al\u00e9m disso, parceiros como a Federa\u00e7\u00e3o Brasil Mulher, entre outros.<strong>A Peleja do Vaqueiro Benedito contra o Capit\u00e3o Jo\u00e3o Redondo e a Cobra Madalena<\/strong>: Com cantigas populares, brincadeiras e improvisos o p\u00fablico vai conhecendo a hist\u00f3ria de Benedito, um \u201ccabra\u201d muito astuto e respeitoso, dono do boi mais formoso da regi\u00e3o. Benedito come\u00e7a a ser perseguido pelo ambicioso Capit\u00e3o Jo\u00e3o Redondo que ao conhecer seu boizinho faz de tudo para captura\u00adlo, utilizando at\u00e9 sua arma mais secreta.Link:&nbsp;<a href=\"https:\/\/drive.google.com\/file\/d\/1W1clHiitAH9iJ2G7tYaPau0xmn4xA1SU\/view\" target=\"_blank\" rel=\"noreferrer noopener\">https:\/\/drive.google.com\/file\/d\/1W1clHiitAH9iJ2G7tYaPau0xmn4xA1SU\/view<\/a><\/p>\n\n\n\n<p><strong>Servi\u00e7o:<\/strong>O qu\u00ea:&nbsp;<strong>7\u00ba Festineco &#8211; Festival de Teatro de Bonecos do Gama com grupos do Distrito Federal, Argentina, Chile, Peru e Uruguai e de mais tr\u00eas regi\u00f5es brasileiras<\/strong><\/p>\n\n\n\n<p>Onde:<strong>&nbsp;Em palcos e hor\u00e1rios variados, no Teatro SESC Paulo Gracindo (Setor de Ind\u00fastria Quadra 2), no Parque do Setor Leste (Parque infantil da Pra\u00e7a do Cine Itapu\u00e3 ), no Espa\u00e7o Voar (SMA conjunto k lote 5 Gama &#8211; no Pr\u00f3 DF perto do Detran) e em algumas escolas &#8211; vide programa\u00e7\u00e3o<\/strong><\/p>\n\n\n\n<p>Quando:&nbsp;<strong>D<\/strong><strong>a quarta (18\/05) at\u00e9 a sexta (27\/05),&nbsp;em hor\u00e1rios variados<\/strong><\/p>\n\n\n\n<p>O evento \u00e9 patrocinado pelo Fundo de Apoio \u00e0 Cultura do DF (FAC\/DF), da Secretaria de Cultura e Economia Criativa do DF, do GDF. Aberto a todos os p\u00fablicos.<\/p>\n\n\n\n<p>Informa\u00e7\u00f5es:&nbsp;&nbsp;<a href=\"https:\/\/www.facebook.com\/festineco\" target=\"_blank\" rel=\"noreferrer noopener\">https:\/\/www.facebook.com\/festineco<\/a>&nbsp;e&nbsp;<a href=\"https:\/\/www.instagram.com\/explore\/tags\/festineco\/\" target=\"_blank\" rel=\"noreferrer noopener\">https:\/\/www.instagram.com\/explore\/tags\/festineco\/<\/a><\/p>\n","protected":false},"excerpt":{"rendered":"<p>Dez dias de alegria (18 a 27\/05) com grupos do Distrito Federal, Argentina, Chile, Peru e Uruguai e de mais tr\u00eas regi\u00f5es brasileirasO riso, o brilho nos olhos e o encanto dos bonecos v\u00e3o abrir suas asas da quarta (18\/05) at\u00e9 a sexta (27\/05), &nbsp;em palcos e hor\u00e1rios variados, no Teatro SESC Paulo Gracindo (Setor [&hellip;]<\/p>\n","protected":false},"author":1,"featured_media":0,"comment_status":"open","ping_status":"open","sticky":false,"template":"","format":"standard","meta":{"footnotes":""},"categories":[],"tags":[],"class_list":["post-5648","post","type-post","status-publish","format-standard","hentry"],"_links":{"self":[{"href":"https:\/\/aguaslindasnoticias.com.br\/index.php\/wp-json\/wp\/v2\/posts\/5648","targetHints":{"allow":["GET"]}}],"collection":[{"href":"https:\/\/aguaslindasnoticias.com.br\/index.php\/wp-json\/wp\/v2\/posts"}],"about":[{"href":"https:\/\/aguaslindasnoticias.com.br\/index.php\/wp-json\/wp\/v2\/types\/post"}],"author":[{"embeddable":true,"href":"https:\/\/aguaslindasnoticias.com.br\/index.php\/wp-json\/wp\/v2\/users\/1"}],"replies":[{"embeddable":true,"href":"https:\/\/aguaslindasnoticias.com.br\/index.php\/wp-json\/wp\/v2\/comments?post=5648"}],"version-history":[{"count":0,"href":"https:\/\/aguaslindasnoticias.com.br\/index.php\/wp-json\/wp\/v2\/posts\/5648\/revisions"}],"wp:attachment":[{"href":"https:\/\/aguaslindasnoticias.com.br\/index.php\/wp-json\/wp\/v2\/media?parent=5648"}],"wp:term":[{"taxonomy":"category","embeddable":true,"href":"https:\/\/aguaslindasnoticias.com.br\/index.php\/wp-json\/wp\/v2\/categories?post=5648"},{"taxonomy":"post_tag","embeddable":true,"href":"https:\/\/aguaslindasnoticias.com.br\/index.php\/wp-json\/wp\/v2\/tags?post=5648"}],"curies":[{"name":"wp","href":"https:\/\/api.w.org\/{rel}","templated":true}]}}