{"id":5647,"date":"2023-01-04T10:14:24","date_gmt":"2023-01-04T13:14:24","guid":{"rendered":"https:\/\/aguaslindasnoticias.com.br\/index.php\/2023\/01\/04\/reiniciada-vacinacao-nas-escolas-da-rede-publica\/"},"modified":"2023-01-04T10:14:24","modified_gmt":"2023-01-04T13:14:24","slug":"reiniciada-vacinacao-nas-escolas-da-rede-publica","status":"publish","type":"post","link":"https:\/\/aguaslindasnoticias.com.br\/index.php\/2023\/01\/04\/reiniciada-vacinacao-nas-escolas-da-rede-publica\/","title":{"rendered":"Reiniciada vacina\u00e7\u00e3o nas escolas da rede p\u00fablica"},"content":{"rendered":"\n<p>Unidades de ensino foram contempladas com a retomada de aplica\u00e7\u00e3o das doses neste s\u00e1bado (14); campanha segue at\u00e9 o fim de junho<\/p>\n\n\n\n<p>Ag\u00eancia Bras\u00edlia* | Edi\u00e7\u00e3o: Chico Neto<\/p>\n\n\n\n<p>A vacina\u00e7\u00e3o nas escolas da rede p\u00fablica do Distrito Federal est\u00e1 de volta. Para marcar a retomada, foram selecionadas, neste s\u00e1bado (14), a Escola Classe 38, no P Norte, em Ceil\u00e2ndia, e o Centro de Ensino M\u00e9dio Urso Branco, no N\u00facleo Bandeirante. A unidade de Ceil\u00e2ndia ofereceu vacinas contra covid-19 e influenza, enquanto &nbsp;no col\u00e9gio do N\u00facleo Bandeirante houve imuniza\u00e7\u00e3o contra o novo coronav\u00edrus.<\/p>\n\n\n\n<figure class=\"wp-block-image\"><img decoding=\"async\" src=\"http:\/\/agenciabrasilia.df.gov.br\/wp-conteudo\/uploads\/2022\/05\/14.5.-Vacinacao-nas-escolas.-Raimundo-Bandeira-tomou-a-dose-de-reforco-contra-a-covid.-Foto-Sandro-Araujo-Agencia-Saude-DF.jpg\" alt=\"\" class=\"wp-image-405641\"\/><figcaption>Raimundo Bandeira aproveitou a oportunidade: \u201cAcabei de tomar a dose de refor\u00e7o da vacina contra a covid-19 e aconselho voc\u00eas a tamb\u00e9m participarem das campanhas de imuniza\u00e7\u00e3o\u201d | Foto: Sandro Ara\u00fajo\/Ag\u00eancia Sa\u00fade<\/figcaption><\/figure>\n\n\n\n<p>A educadora Elis\u00e2ngela da Silva, 43 anos, aproveitou o fim de semana e levou o filho, Miguel, 13, para tomar a segunda dose do imunizante contra a covid-19. \u201cA segunda dose dele estava atrasada porque eu trabalho e n\u00e3o tive tempo para lev\u00e1-lo\u201d, contou. \u201cQuando eu vi que a vacina\u00e7\u00e3o seria aqui no Urso Branco, fiquei contente, pois facilitou muito. Vim rapidinho porque moro aqui em frente. Essa campanha nas escolas \u00e9 muito importante para que as crian\u00e7as sejam vacinadas e protejam as pessoas com as quais elas convivem\u201d.<\/p>\n\n\n\n<blockquote class=\"wp-block-quote is-layout-flow wp-block-quote-is-layout-flow\"><p>\u201cAcredito que nossos objetivos ser\u00e3o alcan\u00e7ados em parceria com a Secretaria de Educa\u00e7\u00e3o\u201dManoel Pafiadache, secret\u00e1rio de Sa\u00fade<\/p><\/blockquote>\n\n\n\n<p>A aut\u00f4noma Maria Eduarda Oliveira, 23, levou os sobrinhos Manuela, 10, e Gabriel, 5, para tamb\u00e9m garantir a prote\u00e7\u00e3o das crian\u00e7as. Ela esteve com as crian\u00e7as na escola de Ceil\u00e2ndia. \u201c[Meus sobrinhos] tamb\u00e9m contribuem para o bem-estar dos colegas, j\u00e1 que todos est\u00e3o sempre juntos\u201d, ressaltou a jovem. Ela viu que o col\u00e9gio oferecia tamb\u00e9m a vacina contra a influenza e aproveitou para receber o imunizante.<\/p>\n\n\n\n<p>Como a vacina\u00e7\u00e3o contempla todas as idades, o aposentado Raimundo Bandeira, 62, tamb\u00e9m se imunizou neste s\u00e1bado. \u201cAcabei de tomar a dose de refor\u00e7o da vacina contra a covid-19 e aconselho voc\u00eas a tamb\u00e9m participarem das campanhas de imuniza\u00e7\u00e3o\u201d, convidou.<\/p>\n\n\n\n<p>O secret\u00e1rio de Sa\u00fade, Manoel Pafiadache, refor\u00e7a que a pasta tem se esfor\u00e7ado para vacinar sobretudo as crian\u00e7as de 5 a 11 anos. \u201cAcredito que nossos objetivos ser\u00e3o alcan\u00e7ados em parceria com a Secretaria de Educa\u00e7\u00e3o\u201d, prev\u00ea. A secret\u00e1ria de Educa\u00e7\u00e3o, H\u00e9lvia Paranagu\u00e1, por sua vez, elogiou a a\u00e7\u00e3o. \u201c[A vacina\u00e7\u00e3o] \u00e9 um incentivo para aqueles pais que trabalham a semana inteira possam levar aos s\u00e1bados os filhos para serem vacinados\u201d, disse.<\/p>\n\n\n\n<p>A vacina\u00e7\u00e3o nas escolas teve in\u00edcio em 19 de mar\u00e7o deste ano e est\u00e1 sendo retomada ap\u00f3s novas tratativas entre as secretarias de Sa\u00fade e Educa\u00e7\u00e3o. At\u00e9 junho, duas escolas, a cada s\u00e1bado, v\u00e3o receber a a\u00e7\u00e3o.<\/p>\n\n\n\n<p>*<em>Com informa\u00e7\u00f5es da Secretaria de Sa\u00fade<\/em><\/p>\n","protected":false},"excerpt":{"rendered":"<p>Unidades de ensino foram contempladas com a retomada de aplica\u00e7\u00e3o das doses neste s\u00e1bado (14); campanha segue at\u00e9 o fim de junho Ag\u00eancia Bras\u00edlia* | Edi\u00e7\u00e3o: Chico Neto A vacina\u00e7\u00e3o nas escolas da rede p\u00fablica do Distrito Federal est\u00e1 de volta. Para marcar a retomada, foram selecionadas, neste s\u00e1bado (14), a Escola Classe 38, no [&hellip;]<\/p>\n","protected":false},"author":1,"featured_media":0,"comment_status":"open","ping_status":"open","sticky":false,"template":"","format":"standard","meta":{"footnotes":""},"categories":[],"tags":[],"class_list":["post-5647","post","type-post","status-publish","format-standard","hentry"],"_links":{"self":[{"href":"https:\/\/aguaslindasnoticias.com.br\/index.php\/wp-json\/wp\/v2\/posts\/5647","targetHints":{"allow":["GET"]}}],"collection":[{"href":"https:\/\/aguaslindasnoticias.com.br\/index.php\/wp-json\/wp\/v2\/posts"}],"about":[{"href":"https:\/\/aguaslindasnoticias.com.br\/index.php\/wp-json\/wp\/v2\/types\/post"}],"author":[{"embeddable":true,"href":"https:\/\/aguaslindasnoticias.com.br\/index.php\/wp-json\/wp\/v2\/users\/1"}],"replies":[{"embeddable":true,"href":"https:\/\/aguaslindasnoticias.com.br\/index.php\/wp-json\/wp\/v2\/comments?post=5647"}],"version-history":[{"count":0,"href":"https:\/\/aguaslindasnoticias.com.br\/index.php\/wp-json\/wp\/v2\/posts\/5647\/revisions"}],"wp:attachment":[{"href":"https:\/\/aguaslindasnoticias.com.br\/index.php\/wp-json\/wp\/v2\/media?parent=5647"}],"wp:term":[{"taxonomy":"category","embeddable":true,"href":"https:\/\/aguaslindasnoticias.com.br\/index.php\/wp-json\/wp\/v2\/categories?post=5647"},{"taxonomy":"post_tag","embeddable":true,"href":"https:\/\/aguaslindasnoticias.com.br\/index.php\/wp-json\/wp\/v2\/tags?post=5647"}],"curies":[{"name":"wp","href":"https:\/\/api.w.org\/{rel}","templated":true}]}}