{"id":5645,"date":"2023-01-04T10:14:24","date_gmt":"2023-01-04T13:14:24","guid":{"rendered":"https:\/\/aguaslindasnoticias.com.br\/index.php\/2023\/01\/04\/a-poda-que-vira-adubo-para-produtores-rurais\/"},"modified":"2023-01-04T10:14:24","modified_gmt":"2023-01-04T13:14:24","slug":"a-poda-que-vira-adubo-para-produtores-rurais","status":"publish","type":"post","link":"https:\/\/aguaslindasnoticias.com.br\/index.php\/2023\/01\/04\/a-poda-que-vira-adubo-para-produtores-rurais\/","title":{"rendered":"A poda que vira adubo para produtores rurais"},"content":{"rendered":"\n<p>Por meio de parceria entre \u00f3rg\u00e3os do GDF, agricultores familiares recebem gratuitamente material elaborado a partir de galhos de \u00e1rvores triturados, para uso no solo<\/p>\n\n\n\n<p>Adriana Izel, da Ag\u00eancia Bras\u00edlia | Edi\u00e7\u00e3o: Chico Neto<\/p>\n\n\n\n<p>Todos os galhos e troncos aparados durante os servi\u00e7os de podas de \u00e1rvores feitos pela Companhia Urbanizadora da Nova Capital (Novacap) retornam \u00e0 natureza. O material recolhido \u00e9 triturado e alocado em montes para passar pela compostagem e ser transformado em adubo. O conte\u00fado \u00e9 utilizado nos canteiros do Distrito Federal ou doado a pequenos agricultores para o uso no plantio de hortali\u00e7as e nas lavouras em geral.<\/p>\n\n\n\n<figure class=\"wp-block-image\"><img decoding=\"async\" src=\"http:\/\/agenciabrasilia.df.gov.br\/wp-conteudo\/uploads\/2022\/05\/Agrofloresta-de-propriedade-que-utilizou-as-podas-da-Novacap.-Foto-Emater-Divulgacao.jpeg\" alt=\"\" class=\"wp-image-405091\"\/><figcaption>Agrofloresta formada em propriedade rural a partir da utiliza\u00e7\u00e3o de podas da Novacap: o solo e o meio ambiente agradecem | Foto: Divulga\u00e7\u00e3o\/Emater<\/figcaption><\/figure>\n\n\n\n<blockquote class=\"wp-block-quote is-layout-flow wp-block-quote-is-layout-flow\"><p>\u201cO composto de vegetais \u00e9 uma mat\u00e9ria org\u00e2nica excelente para colocar no solo como fonte de nutrientes\u201dMarcos Maia, gerente de Meio Ambiente da Emater<\/p><\/blockquote>\n\n\n\n<p>A distribui\u00e7\u00e3o da poda triturada \u00e9 feita por meio de parceria da Novacap com a Secretaria de Agricultura (Seagri) e a Empresa de Assist\u00eancia T\u00e9cnica e Extens\u00e3o Rural (Emater) de fomento \u00e0 agricultura familiar. \u201cNo ano passado, n\u00f3s doamos um volume consider\u00e1vel, foram mais de 500 caminh\u00f5es \u2013 o que equivale a mais de 50 mil toneladas para os produtores rurais\u201d, afirma o chefe do Departamento de Parques e Jardins da Novacap, Raimundo Silva.<\/p>\n\n\n\n<p>H\u00e1 uma s\u00e9rie de benef\u00edcios para o agricultor familiar que utiliza o adubo vindo da poda. O primeiro \u00e9 a redu\u00e7\u00e3o de custos, j\u00e1 que o composto \u00e9 gratuito. O outro est\u00e1 ligado \u00e0 melhoria na qualidade do solo. \u201cO composto de vegetais \u00e9 uma mat\u00e9ria org\u00e2nica excelente para colocar no solo como fonte de nutrientes e, principalmente, para melhorar a estrutura do solo e promover melhor infiltra\u00e7\u00e3o da \u00e1gua e a cria\u00e7\u00e3o de micro-organismos\u201d, ensina o gerente de Meio Ambiente da Emater, Marcos Maia. \u201cTamb\u00e9m h\u00e1 uma grande quantidade de carbono e pouco de nitrog\u00eanio, o que equilibra outros tipos de adubo.\u201d<\/p>\n\n\n\n<p>A participa\u00e7\u00e3o das fam\u00edlias ocorre por interm\u00e9dio da Emater, relata o gerente: \u201cO produtor nos procura nos escrit\u00f3rios \u2013 temos 16 espalhados na zona rural \u2013 para fazer a demanda. Depois o t\u00e9cnico vai fazer a visita e analisar o solo para fazer a recomenda\u00e7\u00e3o da aduba\u00e7\u00e3o\u201d. Em m\u00e9dia, os agricultores recebem at\u00e9 dois caminh\u00f5es com a poda triturada.<\/p>\n\n\n\n<p>A Seagri \u00e9 respons\u00e1vel pelo transporte para o p\u00fablico rural da categoria familiar. Quem n\u00e3o faz parte da categoria ou tem condi\u00e7\u00f5es de bancar o transporte, pode optar pelo frete pr\u00f3prio mediante autoriza\u00e7\u00e3o.<\/p>\n\n\n\n<p><strong>Benef\u00edcios<\/strong><\/p>\n\n\n\n<blockquote class=\"wp-block-quote is-layout-flow wp-block-quote-is-layout-flow\"><p>\u201c\u00c9 uma pol\u00edtica p\u00fablica com o prop\u00f3sito de contribuir para que esses produtores possam produzir melhor\u201dGleide Virgulino, diretora de Pol\u00edticas Sociais Rurais da Seagri<\/p><\/blockquote>\n\n\n\n<p>O produtor rural Daniel Aparecido Menezes, 58, \u00e9 um dos beneficiados pela iniciativa. Ele j\u00e1 recebeu tr\u00eas caminh\u00f5es no per\u00edodo de junho e novembro de 2021 para adubar as terras em que planta hortali\u00e7as, em S\u00e3o Sebasti\u00e3o. H\u00e1 sete anos na propriedade, onde vive e trabalha ao lado da mulher e da filha, Daniel diz perceber a import\u00e2ncia do adubo proveniente da compostagem dos galhos e troncos na rotina de plantio: \u201cN\u00e3o deixa a terra endurecer e ajuda a ficar fofo. \u00c9 um produto muito bom para trabalhar em quest\u00f5es do solo\u201d.<\/p>\n\n\n\n<p>Antes de contar com o material org\u00e2nico, o agricultor lidava constantemente com o problema de perda da irriga\u00e7\u00e3o no solo, o que o obrigava a buscar outra \u00e1rea da ch\u00e1cara para plantar as hortali\u00e7as. \u201cSe voc\u00ea for plantar sem as podas, vai ter que abandonar aquele local\u201d, lembra. \u201cAntes, eu tinha que ficar trocando de \u00e1rea. Agora n\u00e3o, porque ela ajuda no composto da terra.\u201d<\/p>\n\n\n\n<p>A diretora de Pol\u00edticas Sociais Rurais da Seagri, Gleide Virgulino, refor\u00e7a a relev\u00e2ncia do projeto para a agricultura local: \u201c\u00c9 uma pol\u00edtica p\u00fablica com o prop\u00f3sito de contribuir para que esses produtores possam produzir melhor. Eles conseguem manter o solo mais \u00famido, e isso melhora a produ\u00e7\u00e3o, tanto no sentido de redu\u00e7\u00e3o de custos quanto gerando uma renda maior. Um solo de mais qualidade produz melhor, o que resulta em qualidade de vida\u201d.<\/p>\n\n\n\n<p><strong>Participa\u00e7\u00e3o<br><\/strong><br>As a\u00e7\u00f5es s\u00e3o destinadas a atender o p\u00fablico rural da agricultura familiar, assentados da reforma agr\u00e1ria e associa\u00e7\u00f5es ou cooperativas que demonstrem produtividade em \u00e1reas rurais.<\/p>\n\n\n\n<p>Para participar, as solicita\u00e7\u00f5es devem ser feitas diretamente nos escrit\u00f3rios da Emater. Os insumos recebidos pelos agricultores s\u00e3o exclusivos para uso no plantio, com limite de gratuidade anual de at\u00e9 20 caminh\u00f5es por benefici\u00e1rio.<\/p>\n","protected":false},"excerpt":{"rendered":"<p>Por meio de parceria entre \u00f3rg\u00e3os do GDF, agricultores familiares recebem gratuitamente material elaborado a partir de galhos de \u00e1rvores triturados, para uso no solo Adriana Izel, da Ag\u00eancia Bras\u00edlia | Edi\u00e7\u00e3o: Chico Neto Todos os galhos e troncos aparados durante os servi\u00e7os de podas de \u00e1rvores feitos pela Companhia Urbanizadora da Nova Capital (Novacap) [&hellip;]<\/p>\n","protected":false},"author":1,"featured_media":0,"comment_status":"open","ping_status":"open","sticky":false,"template":"","format":"standard","meta":{"footnotes":""},"categories":[],"tags":[],"class_list":["post-5645","post","type-post","status-publish","format-standard","hentry"],"_links":{"self":[{"href":"https:\/\/aguaslindasnoticias.com.br\/index.php\/wp-json\/wp\/v2\/posts\/5645","targetHints":{"allow":["GET"]}}],"collection":[{"href":"https:\/\/aguaslindasnoticias.com.br\/index.php\/wp-json\/wp\/v2\/posts"}],"about":[{"href":"https:\/\/aguaslindasnoticias.com.br\/index.php\/wp-json\/wp\/v2\/types\/post"}],"author":[{"embeddable":true,"href":"https:\/\/aguaslindasnoticias.com.br\/index.php\/wp-json\/wp\/v2\/users\/1"}],"replies":[{"embeddable":true,"href":"https:\/\/aguaslindasnoticias.com.br\/index.php\/wp-json\/wp\/v2\/comments?post=5645"}],"version-history":[{"count":0,"href":"https:\/\/aguaslindasnoticias.com.br\/index.php\/wp-json\/wp\/v2\/posts\/5645\/revisions"}],"wp:attachment":[{"href":"https:\/\/aguaslindasnoticias.com.br\/index.php\/wp-json\/wp\/v2\/media?parent=5645"}],"wp:term":[{"taxonomy":"category","embeddable":true,"href":"https:\/\/aguaslindasnoticias.com.br\/index.php\/wp-json\/wp\/v2\/categories?post=5645"},{"taxonomy":"post_tag","embeddable":true,"href":"https:\/\/aguaslindasnoticias.com.br\/index.php\/wp-json\/wp\/v2\/tags?post=5645"}],"curies":[{"name":"wp","href":"https:\/\/api.w.org\/{rel}","templated":true}]}}