{"id":5644,"date":"2023-01-04T10:14:24","date_gmt":"2023-01-04T13:14:24","guid":{"rendered":"https:\/\/aguaslindasnoticias.com.br\/index.php\/2023\/01\/04\/comeca-prazo-para-pagar-primeira-parcela-ou-cota-unica-do-iptu\/"},"modified":"2023-01-04T10:14:24","modified_gmt":"2023-01-04T13:14:24","slug":"comeca-prazo-para-pagar-primeira-parcela-ou-cota-unica-do-iptu","status":"publish","type":"post","link":"https:\/\/aguaslindasnoticias.com.br\/index.php\/2023\/01\/04\/comeca-prazo-para-pagar-primeira-parcela-ou-cota-unica-do-iptu\/","title":{"rendered":"Come\u00e7a prazo para pagar primeira parcela ou cota \u00fanica do IPTU"},"content":{"rendered":"\n<p>Neste ano, o IPTU poder\u00e1 ser pago em seis cotas, em vez de quatro. O desconto da cota \u00fanica tamb\u00e9m est\u00e1 maior, passando de 5% para 10%<\/p>\n\n\n\n<p>Ag\u00eancia Bras\u00edlia* I Edi\u00e7\u00e3o: D\u00e9bora Cronemberger<\/p>\n\n\n\n<p>Come\u00e7a nesta segunda-feira (16) o prazo para pagamento da primeira parcela e da cota \u00fanica do Imposto Predial Territorial Urbano (IPTU) 2022 e da Taxa de Limpeza P\u00fablica (TLP).<\/p>\n\n\n\n<p>Para quem n\u00e3o recebeu o boleto em casa pelos Correios ou precisa atualiz\u00e1-lo com o desconto do Nota Legal, \u00e9 poss\u00edvel emiti-lo pela internet. A Secretaria de Economia (Seec) elaborou um passo a passo para a emiss\u00e3o online do boleto \u2013&nbsp;<a href=\"https:\/\/www.economia.df.gov.br\/passo-a-passo-para-emissao-do-boleto-do-iptu-2022\/\" target=\"_blank\" rel=\"noreferrer noopener\">acesse aqui<\/a>&nbsp;e confira o calend\u00e1rio de vencimentos abaixo.<\/p>\n\n\n\n<figure class=\"wp-block-image\"><img decoding=\"async\" src=\"http:\/\/www.agenciabrasilia.df.gov.br\/wp-conteudo\/uploads\/2022\/05\/CALENDARIO.png\" alt=\"\" class=\"wp-image-404041\"\/><figcaption>Arte: Divulga\u00e7\u00e3o\/Secretaria de Economia<\/figcaption><\/figure>\n\n\n\n<p>Ao todo, 554.965 contribuintes devem pagar o IPTU e 556.175, a TLP. A Seec estima uma arrecada\u00e7\u00e3o de R$ 222.764.192,39 com a primeira cota do IPTU. J\u00e1 com a TLP, a previs\u00e3o \u00e9 arrecadar R$ 37.119.513,55.<\/p>\n\n\n\n<p>A estimativa \u00e9 maior que os valores de 2021, quando foram arrecadados R$ 132.690.115,81 com a primeira cota e R$ 26.405.888,88 com a TLP.<\/p>\n\n\n\n<p>Neste ano, o IPTU poder\u00e1 ser pago em seis cotas, em vez de quatro, como anteriormente. O desconto da cota \u00fanica tamb\u00e9m est\u00e1 maior, passando de 5% para 10%.<\/p>\n\n\n\n<p>As parcelas ser\u00e3o iguais e sucessivas, mas o valor de cada uma n\u00e3o pode ser inferior a R$ 20. Caso a soma do valor do IPTU com o da TLP seja inferior a R$ 40, o pagamento dever\u00e1 ser feito em cota \u00fanica.<\/p>\n\n\n\n<p><em>*Com informa\u00e7\u00f5es da Secretaria de Economia<\/em><\/p>\n","protected":false},"excerpt":{"rendered":"<p>Neste ano, o IPTU poder\u00e1 ser pago em seis cotas, em vez de quatro. O desconto da cota \u00fanica tamb\u00e9m est\u00e1 maior, passando de 5% para 10% Ag\u00eancia Bras\u00edlia* I Edi\u00e7\u00e3o: D\u00e9bora Cronemberger Come\u00e7a nesta segunda-feira (16) o prazo para pagamento da primeira parcela e da cota \u00fanica do Imposto Predial Territorial Urbano (IPTU) 2022 [&hellip;]<\/p>\n","protected":false},"author":1,"featured_media":0,"comment_status":"open","ping_status":"open","sticky":false,"template":"","format":"standard","meta":{"footnotes":""},"categories":[],"tags":[],"class_list":["post-5644","post","type-post","status-publish","format-standard","hentry"],"_links":{"self":[{"href":"https:\/\/aguaslindasnoticias.com.br\/index.php\/wp-json\/wp\/v2\/posts\/5644","targetHints":{"allow":["GET"]}}],"collection":[{"href":"https:\/\/aguaslindasnoticias.com.br\/index.php\/wp-json\/wp\/v2\/posts"}],"about":[{"href":"https:\/\/aguaslindasnoticias.com.br\/index.php\/wp-json\/wp\/v2\/types\/post"}],"author":[{"embeddable":true,"href":"https:\/\/aguaslindasnoticias.com.br\/index.php\/wp-json\/wp\/v2\/users\/1"}],"replies":[{"embeddable":true,"href":"https:\/\/aguaslindasnoticias.com.br\/index.php\/wp-json\/wp\/v2\/comments?post=5644"}],"version-history":[{"count":0,"href":"https:\/\/aguaslindasnoticias.com.br\/index.php\/wp-json\/wp\/v2\/posts\/5644\/revisions"}],"wp:attachment":[{"href":"https:\/\/aguaslindasnoticias.com.br\/index.php\/wp-json\/wp\/v2\/media?parent=5644"}],"wp:term":[{"taxonomy":"category","embeddable":true,"href":"https:\/\/aguaslindasnoticias.com.br\/index.php\/wp-json\/wp\/v2\/categories?post=5644"},{"taxonomy":"post_tag","embeddable":true,"href":"https:\/\/aguaslindasnoticias.com.br\/index.php\/wp-json\/wp\/v2\/tags?post=5644"}],"curies":[{"name":"wp","href":"https:\/\/api.w.org\/{rel}","templated":true}]}}