{"id":5642,"date":"2023-01-04T10:14:24","date_gmt":"2023-01-04T13:14:24","guid":{"rendered":"https:\/\/aguaslindasnoticias.com.br\/index.php\/2023\/01\/04\/seminario-debate-proposta-de-classificacao-economica-para-profissionais-de-beleza\/"},"modified":"2023-01-04T10:14:24","modified_gmt":"2023-01-04T13:14:24","slug":"seminario-debate-proposta-de-classificacao-economica-para-profissionais-de-beleza","status":"publish","type":"post","link":"https:\/\/aguaslindasnoticias.com.br\/index.php\/2023\/01\/04\/seminario-debate-proposta-de-classificacao-economica-para-profissionais-de-beleza\/","title":{"rendered":"Semin\u00e1rio debate proposta de classifica\u00e7\u00e3o econ\u00f4mica para profissionais de beleza"},"content":{"rendered":"\n<figure class=\"wp-block-image size-large\"><img decoding=\"async\" src=\"http:\/\/claricegulyas.com.br\/wp-content\/uploads\/2022\/05\/WhatsApp-Image-2022-05-13-at-13.37.28.jpeg\" alt=\"\" class=\"wp-image-10220\"\/><\/figure>\n\n\n\n<p>A Secretaria da Mulher da C\u00e2mara dos Deputados promove um semin\u00e1rio na segunda-feira (16) sobre o Projeto de Lei Complementar 49\/22, que define novos c\u00f3digos no sistema de&nbsp;Classifica\u00e7\u00e3o Nacional de Atividades Econ\u00f4micas (CNAE), para os profissionais de beleza.<\/p>\n\n\n\n<p>As mudan\u00e7as contemplam pessoas e empresas que prestam servi\u00e7os de bronzeamento natural e artificial e de design de sobrancelhas, c\u00edlios, micropigmenta\u00e7\u00e3o e depila\u00e7\u00e3o.<\/p>\n\n\n\n<p>A deputada Celina Le\u00e3o (PP-DF), autora do PLP 49\/22, lembra que, segundo dados encaminhados pelo Conselho Nacional dos Profissionais da Beleza, h\u00e1 hoje mais de 120 mil prestadores de servi\u00e7os de bronzeamento artificial em atividade no pa\u00eds.<\/p>\n\n\n\n<p>&#8220;Nossa inten\u00e7\u00e3o \u00e9 criar duas novas subclasses na CNAE, que abrangeriam os prestadores de servi\u00e7os de bronzeamento artificial e de design, micropigmenta\u00e7\u00e3o, depila\u00e7\u00e3o e limpeza de sobrancelhas ou c\u00edlios. Essa pequena, mas relevante, altera\u00e7\u00e3o \u00e9 de grande import\u00e2ncia para o reconhecimento dessas categorias, al\u00e9m de facilitar enormemente o registro dessas empresas visando ao cumprimento de suas obriga\u00e7\u00f5es legais&#8221;, disse Celina Le\u00e3o.<\/p>\n\n\n\n<p>Hora e local<br>O semin\u00e1rio acontece na C\u00e2mara dos Deputados, no audit\u00f3rio Nereu Ramos, a partir das 14 horas.<\/p>\n\n\n\n<p>Fonte: Ag\u00eancia C\u00e2mara de Not\u00edcias<\/p>\n","protected":false},"excerpt":{"rendered":"<p>A Secretaria da Mulher da C\u00e2mara dos Deputados promove um semin\u00e1rio na segunda-feira (16) sobre o Projeto de Lei Complementar 49\/22, que define novos c\u00f3digos no sistema de&nbsp;Classifica\u00e7\u00e3o Nacional de Atividades Econ\u00f4micas (CNAE), para os profissionais de beleza. As mudan\u00e7as contemplam pessoas e empresas que prestam servi\u00e7os de bronzeamento natural e artificial e de design [&hellip;]<\/p>\n","protected":false},"author":1,"featured_media":0,"comment_status":"open","ping_status":"open","sticky":false,"template":"","format":"standard","meta":{"footnotes":""},"categories":[],"tags":[],"class_list":["post-5642","post","type-post","status-publish","format-standard","hentry"],"_links":{"self":[{"href":"https:\/\/aguaslindasnoticias.com.br\/index.php\/wp-json\/wp\/v2\/posts\/5642","targetHints":{"allow":["GET"]}}],"collection":[{"href":"https:\/\/aguaslindasnoticias.com.br\/index.php\/wp-json\/wp\/v2\/posts"}],"about":[{"href":"https:\/\/aguaslindasnoticias.com.br\/index.php\/wp-json\/wp\/v2\/types\/post"}],"author":[{"embeddable":true,"href":"https:\/\/aguaslindasnoticias.com.br\/index.php\/wp-json\/wp\/v2\/users\/1"}],"replies":[{"embeddable":true,"href":"https:\/\/aguaslindasnoticias.com.br\/index.php\/wp-json\/wp\/v2\/comments?post=5642"}],"version-history":[{"count":0,"href":"https:\/\/aguaslindasnoticias.com.br\/index.php\/wp-json\/wp\/v2\/posts\/5642\/revisions"}],"wp:attachment":[{"href":"https:\/\/aguaslindasnoticias.com.br\/index.php\/wp-json\/wp\/v2\/media?parent=5642"}],"wp:term":[{"taxonomy":"category","embeddable":true,"href":"https:\/\/aguaslindasnoticias.com.br\/index.php\/wp-json\/wp\/v2\/categories?post=5642"},{"taxonomy":"post_tag","embeddable":true,"href":"https:\/\/aguaslindasnoticias.com.br\/index.php\/wp-json\/wp\/v2\/tags?post=5642"}],"curies":[{"name":"wp","href":"https:\/\/api.w.org\/{rel}","templated":true}]}}