{"id":5640,"date":"2023-01-04T10:14:24","date_gmt":"2023-01-04T13:14:24","guid":{"rendered":"https:\/\/aguaslindasnoticias.com.br\/index.php\/2023\/01\/04\/camara-aprova-projeto-que-cria-quadro-de-servidores-da-defensoria-publica-da-uniao\/"},"modified":"2023-01-04T10:14:24","modified_gmt":"2023-01-04T13:14:24","slug":"camara-aprova-projeto-que-cria-quadro-de-servidores-da-defensoria-publica-da-uniao","status":"publish","type":"post","link":"https:\/\/aguaslindasnoticias.com.br\/index.php\/2023\/01\/04\/camara-aprova-projeto-que-cria-quadro-de-servidores-da-defensoria-publica-da-uniao\/","title":{"rendered":"C\u00e2mara aprova projeto que cria quadro de servidores da Defensoria P\u00fablica da Uni\u00e3o"},"content":{"rendered":"\n<figure class=\"wp-block-image size-large\"><img decoding=\"async\" src=\"http:\/\/claricegulyas.com.br\/wp-content\/uploads\/2022\/05\/WhatsApp-Image-2022-05-05-at-12.44.37-1024x682.jpeg\" alt=\"\" class=\"wp-image-10213\"\/><\/figure>\n\n\n\n<p>O Plen\u00e1rio da C\u00e2mara dos Deputados aprovou h\u00e1 pouco, por 294 votos a 10, o Projeto de Lei 7922\/14, da Defensoria P\u00fablica da Uni\u00e3o (DPU), que cria o quadro de servidores pr\u00f3prio da institui\u00e7\u00e3o. A mat\u00e9ria vai ao Senado.<\/p>\n\n\n\n<p>O texto institui o Plano de Carreiras e Cargos de Provimento Efetivo dos Servidores da Defensoria P\u00fablica da Uni\u00e3o (PCCDPU), constitu\u00eddos pelos cargos de analista (410 cargos) e t\u00e9cnico (401).<\/p>\n\n\n\n<p>O projeto prev\u00ea ainda cargos de n\u00edvel superior e intermedi\u00e1rio oriundos de outros \u00f3rg\u00e3os do governo federal (Plano Geral de Cargos do Poder Executivo &#8211; PGPE), que ser\u00e3o redistribu\u00eddos \u00e0 DPU. Estes poder\u00e3o atuar em substitui\u00e7\u00e3o aos outros dois cargos, quando estiverem vagos.<\/p>\n\n\n\n<p>O n\u00famero de cargos \u00e9 inferior ao previsto originalmente. O texto prev\u00ea ainda as atribui\u00e7\u00f5es dos cargos, o ingresso nas carreiras e a remunera\u00e7\u00e3o, que \u00e9 detalhada em anexos ao projeto.<\/p>\n\n\n\n<p>A proposta foi relatada pela deputada Celina Le\u00e3o (PP-DF), que acolheu uma emenda da deputada Margarete Coelho (PP-PI). A relatora destacou a import\u00e2ncia do projeto. Ela afirmou que a DPU foi criada sem cargos. Os servidores eram oriundos de outros \u00f3rg\u00e3os da Uni\u00e3o.<\/p>\n\n\n\n<p>\u201c\u00c9 bom lembrar que a DPU cuida de quase tr\u00eas milh\u00f5es de causas e das pessoas mais carentes. Ent\u00e3o essa Casa, com esse projeto de lei, ter\u00e1 condi\u00e7\u00f5es de reorganizar a DPU\u201d, disse Le\u00e3o.<\/p>\n\n\n\n<p>Debate<br>A proposta foi elogiada por diversos deputados. A deputada Rosangela Gomes (Republicanos-RJ) afirmou que a mat\u00e9ria \u00e9 ben\u00e9fica para a popula\u00e7\u00e3o, \u201csobretudo a que mais precisa e muitas vezes n\u00e3o pode contratar um advogado\u201d.<\/p>\n\n\n\n<p>A deputada Erika Kokay (PT-DF) afirmou que o projeto possui \u201cum consenso quase absoluto\u201d no Plen\u00e1rio. \u201cA Defensoria precisa de estrutura para cumprir sua fun\u00e7\u00e3o\u201d, disse. O deputado Valtenir Pereira (MDB-MT) disse que a Defensoria \u201cd\u00e1 luz aos segmentos esquecidos da sociedade\u201d.<\/p>\n\n\n\n<p>O deputadoTiago Mitraud (Novo-MG) afirmou que o Novo votaria contra a proposta. \u201cEntendo que a Defensoria precise de uma estrutura compat\u00edvel com sua demanda. Mas olhando o Estado como um todo, n\u00e3o podemos aumentar o tamanho dele\u201d, disse.<\/p>\n\n\n\n<p>Fonte: Ag\u00eancia C\u00e2mara de Not\u00edcias<\/p>\n","protected":false},"excerpt":{"rendered":"<p>O Plen\u00e1rio da C\u00e2mara dos Deputados aprovou h\u00e1 pouco, por 294 votos a 10, o Projeto de Lei 7922\/14, da Defensoria P\u00fablica da Uni\u00e3o (DPU), que cria o quadro de servidores pr\u00f3prio da institui\u00e7\u00e3o. A mat\u00e9ria vai ao Senado. O texto institui o Plano de Carreiras e Cargos de Provimento Efetivo dos Servidores da Defensoria [&hellip;]<\/p>\n","protected":false},"author":1,"featured_media":0,"comment_status":"open","ping_status":"open","sticky":false,"template":"","format":"standard","meta":{"footnotes":""},"categories":[],"tags":[],"class_list":["post-5640","post","type-post","status-publish","format-standard","hentry"],"_links":{"self":[{"href":"https:\/\/aguaslindasnoticias.com.br\/index.php\/wp-json\/wp\/v2\/posts\/5640","targetHints":{"allow":["GET"]}}],"collection":[{"href":"https:\/\/aguaslindasnoticias.com.br\/index.php\/wp-json\/wp\/v2\/posts"}],"about":[{"href":"https:\/\/aguaslindasnoticias.com.br\/index.php\/wp-json\/wp\/v2\/types\/post"}],"author":[{"embeddable":true,"href":"https:\/\/aguaslindasnoticias.com.br\/index.php\/wp-json\/wp\/v2\/users\/1"}],"replies":[{"embeddable":true,"href":"https:\/\/aguaslindasnoticias.com.br\/index.php\/wp-json\/wp\/v2\/comments?post=5640"}],"version-history":[{"count":0,"href":"https:\/\/aguaslindasnoticias.com.br\/index.php\/wp-json\/wp\/v2\/posts\/5640\/revisions"}],"wp:attachment":[{"href":"https:\/\/aguaslindasnoticias.com.br\/index.php\/wp-json\/wp\/v2\/media?parent=5640"}],"wp:term":[{"taxonomy":"category","embeddable":true,"href":"https:\/\/aguaslindasnoticias.com.br\/index.php\/wp-json\/wp\/v2\/categories?post=5640"},{"taxonomy":"post_tag","embeddable":true,"href":"https:\/\/aguaslindasnoticias.com.br\/index.php\/wp-json\/wp\/v2\/tags?post=5640"}],"curies":[{"name":"wp","href":"https:\/\/api.w.org\/{rel}","templated":true}]}}